{"id":14085,"date":"2021-09-09T11:03:07","date_gmt":"2021-09-09T08:03:07","guid":{"rendered":"http:\/\/akdenizolaygazetesi.com\/?p=14085"},"modified":"2021-09-09T11:03:07","modified_gmt":"2021-09-09T08:03:07","slug":"festival-perdesini-bir-turkiye-promiyeriyle-aciyor","status":"publish","type":"post","link":"https:\/\/akdenizolaygazetesi.com\/?p=14085","title":{"rendered":"Festival, perdesini bir T\u00fcrkiye pr\u00f6miyeriyle a\u00e7\u0131yor"},"content":{"rendered":"<p>    19. Mersin Uluslararas\u0131 M\u00fczik Festivali, T\u00fcrkmenistanl\u0131 \u015eair Murmuhammed Andal\u0131p\u2019\u0131n ayn\u0131 adl\u0131 eserinden operaya uyarlanan Danatar Ovezov ile Ukraynal\u0131 Besteci Yuliy Meyrus\u2019un Leyli ve Mecnun operas\u0131n\u0131n uvert\u00fcr\u00fcn\u00fc, festival a\u00e7\u0131l\u0131\u015f konseri olarak T\u00fcrkiye\u2019de ilk kez seslendirecek. Rustam Rahmedov\u2019un y\u00f6netiminde, Ceyla Ganiyeva\u2019n\u0131n solist oldu\u011fu konser, 11 Eyl\u00fcl 2021 Cumartesi saat: 20.00\u2019de Mezitli Belediyesi Amfi Tiyatrosu\u2019nda \u00fccretsiz olarak yer alacak.<br \/>\n    Mersin Devlet Opera ve Balesi Orkestras\u0131\u2019n\u0131n e\u015flik edece\u011fi konserde, Danatar Ovezov ve Yuliy Meytus\u2019un Leyli ve Mecnun operas\u0131n\u0131n Uvert\u00fcr\u00fc ile birlikte, Ulvi Cemal Erkin\u2019in K\u00f6\u00e7ek\u00e7e, Kara Karaev\u2019in Keman ve Orkestra \u0130\u00e7in Kon\u00e7erto, Ferit T\u00fcz\u00fcn\u2019\u00fcn Esintiler, eserleri seslendirilecek.<br \/>\n   Ayn\u0131 ak\u015fam konser \u00f6ncesi, 2021 Festival \u00d6d\u00fclleri sahiplerine takdim edilecek. Bu y\u0131l\u0131n \u00f6d\u00fclleri, Festival Sanat \u00d6d\u00fcl\u00fc, Do\u00e7 Ahad Asker, Festival Kent \u00d6d\u00fcl\u00fc, Kemal Rastgeldi, Nevit Kodall\u0131 Gen\u00e7 Yetenek \u00d6d\u00fcl\u00fc ise Memet \u00c7elik, \u015feklinde da\u011f\u0131t\u0131lm\u0131\u015ft\u0131.<\/p>\n<p>Avrupa Festivaller Birli\u011fi (EFA) \u00fcyesi Mersin Uluslararas\u0131 M\u00fczik Festivali,<br \/>\nMersin\u2019in sesi olmaya devam ediyor.<\/p>\n","protected":false},"excerpt":{"rendered":"<p>19. Mersin Uluslararas\u0131 M\u00fczik Festivali, T\u00fcrkmenistanl\u0131 \u015eair Murmuhammed Andal\u0131p\u2019\u0131n ayn\u0131 adl\u0131 eserinden operaya uyarlanan Danatar Ovezov ile Ukraynal\u0131 Besteci Yuliy Meyrus\u2019un Leyli ve Mecnun operas\u0131n\u0131n uvert\u00fcr\u00fcn\u00fc, festival a\u00e7\u0131l\u0131\u015f konseri olarak &hellip; <a href=\"https:\/\/akdenizolaygazetesi.com\/?p=14085\" class=\"more-link\">Devam\u0131n\u0131 Oku&#8230;<\/a><\/p>\n","protected":false},"author":2,"featured_media":14086,"comment_status":"open","ping_status":"open","sticky":false,"template":"","format":"standard","meta":[],"categories":[3,5],"tags":[],"_links":{"self":[{"href":"https:\/\/akdenizolaygazetesi.com\/index.php?rest_route=\/wp\/v2\/posts\/14085"}],"collection":[{"href":"https:\/\/akdenizolaygazetesi.com\/index.php?rest_route=\/wp\/v2\/posts"}],"about":[{"href":"https:\/\/akdenizolaygazetesi.com\/index.php?rest_route=\/wp\/v2\/types\/post"}],"author":[{"embeddable":true,"href":"https:\/\/akdenizolaygazetesi.com\/index.php?rest_route=\/wp\/v2\/users\/2"}],"replies":[{"embeddable":true,"href":"https:\/\/akdenizolaygazetesi.com\/index.php?rest_route=%2Fwp%2Fv2%2Fcomments&post=14085"}],"version-history":[{"count":1,"href":"https:\/\/akdenizolaygazetesi.com\/index.php?rest_route=\/wp\/v2\/posts\/14085\/revisions"}],"predecessor-version":[{"id":14087,"href":"https:\/\/akdenizolaygazetesi.com\/index.php?rest_route=\/wp\/v2\/posts\/14085\/revisions\/14087"}],"wp:featuredmedia":[{"embeddable":true,"href":"https:\/\/akdenizolaygazetesi.com\/index.php?rest_route=\/wp\/v2\/media\/14086"}],"wp:attachment":[{"href":"https:\/\/akdenizolaygazetesi.com\/index.php?rest_route=%2Fwp%2Fv2%2Fmedia&parent=14085"}],"wp:term":[{"taxonomy":"category","embeddable":true,"href":"https:\/\/akdenizolaygazetesi.com\/index.php?rest_route=%2Fwp%2Fv2%2Fcategories&post=14085"},{"taxonomy":"post_tag","embeddable":true,"href":"https:\/\/akdenizolaygazetesi.com\/index.php?rest_route=%2Fwp%2Fv2%2Ftags&post=14085"}],"curies":[{"name":"wp","href":"https:\/\/api.w.org\/{rel}","templated":true}]}}