{"id":14091,"date":"2021-09-10T10:47:24","date_gmt":"2021-09-10T07:47:24","guid":{"rendered":"http:\/\/akdenizolaygazetesi.com\/?p=14091"},"modified":"2021-09-10T10:47:24","modified_gmt":"2021-09-10T07:47:24","slug":"secer-tum-yoldaslarimizla-yuzyil-once-oldugu-gibi-bugun-de-calismaya-devam-edecegiz","status":"publish","type":"post","link":"https:\/\/akdenizolaygazetesi.com\/?p=14091","title":{"rendered":"SE\u00c7ER: \u201cT\u00dcM YOLDA\u015eLARIMIZLA Y\u00dcZYIL \u00d6NCE OLDU\u011eU G\u0130B\u0130 BUG\u00dcN DE \u00c7ALI\u015eMAYA DEVAM EDECE\u011e\u0130Z\u201d"},"content":{"rendered":"<p>Mersin B\u00fcy\u00fck\u015fehir Belediye Ba\u015fkan\u0131 Vahap Se\u00e7er, Cumhuriyet Halk Partisi\u2019nin (CHP) 98. kurulu\u015f y\u0131l d\u00f6n\u00fcm\u00fc dolay\u0131s\u0131yla CHP Mersin \u0130l Ba\u015fkanl\u0131\u011f\u0131\u2019n\u0131n d\u00fczenledi\u011fi t\u00f6rene kat\u0131ld\u0131. Cumhuriyet Meydan\u0131\u2019nda Atat\u00fcrk An\u0131t\u0131\u2019na \u00e7elenk sunulan t\u00f6renin ard\u0131ndan \u0130stasyon Meydan\u0131\u2019na kadar y\u00fcr\u00fcy\u00fc\u015f yap\u0131ld\u0131. CHP\u2019nin 2. Genel Ba\u015fkan\u0131 \u0130smet \u0130n\u00f6n\u00fc An\u0131t\u0131\u2019na da \u00e7elenk b\u0131rak\u0131ld\u0131.<br \/>\nD\u00fczenlenen t\u00f6rene; Mersin B\u00fcy\u00fck\u015fehir Belediye Ba\u015fkan\u0131 Vahap Se\u00e7er\u2019in yan\u0131 s\u0131ra CHP Mersin \u0130l Ba\u015fkan\u0131 Adil Aktay, Yeni\u015fehir Belediye Ba\u015fkan\u0131 Abdullah \u00d6zyi\u011fit, Mezitli Belediye Ba\u015fkan\u0131 Ne\u015fet Tarhan, CHP Mersin il ve il\u00e7e y\u00f6neticileri ile B\u00fcy\u00fck\u015fehir Belediyesi Meclis \u00fcyeleri kat\u0131ld\u0131.<br \/>\n\u201cBiz onlardan \u00e7ok daha fazla \u00e7al\u0131\u015fmak zorunday\u0131z\u201d<br \/>\nCumhuriyet Meydan\u0131\u2019nda d\u00fczenlenen t\u00f6rendeki konu\u015fmas\u0131na partilileri selamlayarak ba\u015flayan Ba\u015fkan Se\u00e7er, \u201cUlu \u00d6nder Mustafa Kemal Atat\u00fcrk ve O\u2019nun t\u00fcm m\u00fccadele arkada\u015flar\u0131n\u0131n bu m\u00fccadelelerini siyasi arenada s\u00fcrd\u00fcrmeleri ihtiyac\u0131ndan do\u011fan partimizin kurulu\u015f y\u0131l d\u00f6n\u00fcm\u00fcnde, Mersin B\u00fcy\u00fck\u015fehir Belediye Ba\u015fkan\u0131 olarak b\u00f6yle bir partide siyasi m\u00fccadele i\u00e7erisinde oldu\u011fum i\u00e7in sonsuz onur duydu\u011fumu sizlere ifade etmek isterim\u201d dedi.<br \/>\nT\u00fcrkiye\u2019nin 600 y\u0131ll\u0131k bir imparatorlu\u011fun topra\u011f\u0131 oldu\u011funu hat\u0131rlatan Ba\u015fkan Se\u00e7er, \u015f\u00f6yle devam etti:<br \/>\n\u201cAma saltanat d\u00fczeni s\u00fcrd\u00fcr\u00fclebilir de\u011fildi, hilafet d\u00fczeni s\u00fcrd\u00fcr\u00fclebilir de\u011fildi. Bu topraklar \u00fczerinde ya\u015fayan b\u00fct\u00fcn k\u00fclt\u00fcrlerin, renk c\u00fcmb\u00fc\u015f\u00fcnden olu\u015fan T\u00fcrk halk\u0131na yara\u015fan laik T\u00fcrkiye Cumhuriyeti\u2019ni olu\u015fturmakt\u0131. \u0130\u015fte bu anlay\u0131\u015f ile Cumhuriyet Halk Partisi hayata ge\u00e7irildi. Onun i\u00e7in Ulu \u00d6nder Mustafa Kemal Atat\u00fcrk, \u2018Benim 2 eserim var. Biri Cumhuriyet, biri Cumhuriyet Halk Partisi\u2019dir\u2019 dedi. \u00c7ok \u00f6nemli katk\u0131lar yapt\u0131lar, T\u00fcrk milletine o kadrolar. Biz onlar\u0131n ard\u0131ndan gelen, onlar\u0131n asl\u0131nda bir anlamda, miras\u0131n\u0131 bizim omuzumuza y\u00fckledikleri sorumluluklar\u0131 ta\u015f\u0131yan neferleriz. Biz onlardan \u00e7ok daha fazla \u00e7al\u0131\u015fmak zorunday\u0131z. Biz onlardan \u00fclkemiz i\u00e7in, bu millet i\u00e7in, \u00e7ok daha fazla yorulmak, hayat\u0131m\u0131z pahas\u0131na m\u00fccadele etmek zorunday\u0131z. Sorumlulu\u011fu ta\u015f\u0131mak zorunday\u0131z. 31 Mart bize bu imkan\u0131 verdi. Cumhuriyet\u2019in ve Cumhuriyet Halk Partisi\u2019nin 2. y\u00fczy\u0131l\u0131nda bu \u015fiarla, bu anlay\u0131\u015fla t\u00fcm yolda\u015flar\u0131m\u0131zla y\u00fczy\u0131l \u00f6nce oldu\u011fu gibi bug\u00fcn de bu \u00fclkeye, bu \u00fclke insan\u0131na hizmet etme yolunda b\u00fct\u00fcn g\u00fcc\u00fcm\u00fcz\u00fc, b\u00fct\u00fcn birli\u011fimizi, b\u00fct\u00fcn beraberli\u011fimizi, b\u00fct\u00fcn sevgimizi doru\u011fa ula\u015ft\u0131rarak \u00e7al\u0131\u015fmaya devam edece\u011fiz.\u201d<\/p>\n","protected":false},"excerpt":{"rendered":"<p>Mersin B\u00fcy\u00fck\u015fehir Belediye Ba\u015fkan\u0131 Vahap Se\u00e7er, Cumhuriyet Halk Partisi\u2019nin (CHP) 98. kurulu\u015f y\u0131l d\u00f6n\u00fcm\u00fc dolay\u0131s\u0131yla CHP Mersin \u0130l Ba\u015fkanl\u0131\u011f\u0131\u2019n\u0131n d\u00fczenledi\u011fi t\u00f6rene kat\u0131ld\u0131. Cumhuriyet Meydan\u0131\u2019nda Atat\u00fcrk An\u0131t\u0131\u2019na \u00e7elenk sunulan t\u00f6renin ard\u0131ndan &hellip; <a href=\"https:\/\/akdenizolaygazetesi.com\/?p=14091\" class=\"more-link\">Devam\u0131n\u0131 Oku&#8230;<\/a><\/p>\n","protected":false},"author":2,"featured_media":14092,"comment_status":"open","ping_status":"open","sticky":false,"template":"","format":"standard","meta":[],"categories":[1,3,6],"tags":[],"_links":{"self":[{"href":"https:\/\/akdenizolaygazetesi.com\/index.php?rest_route=\/wp\/v2\/posts\/14091"}],"collection":[{"href":"https:\/\/akdenizolaygazetesi.com\/index.php?rest_route=\/wp\/v2\/posts"}],"about":[{"href":"https:\/\/akdenizolaygazetesi.com\/index.php?rest_route=\/wp\/v2\/types\/post"}],"author":[{"embeddable":true,"href":"https:\/\/akdenizolaygazetesi.com\/index.php?rest_route=\/wp\/v2\/users\/2"}],"replies":[{"embeddable":true,"href":"https:\/\/akdenizolaygazetesi.com\/index.php?rest_route=%2Fwp%2Fv2%2Fcomments&post=14091"}],"version-history":[{"count":1,"href":"https:\/\/akdenizolaygazetesi.com\/index.php?rest_route=\/wp\/v2\/posts\/14091\/revisions"}],"predecessor-version":[{"id":14093,"href":"https:\/\/akdenizolaygazetesi.com\/index.php?rest_route=\/wp\/v2\/posts\/14091\/revisions\/14093"}],"wp:featuredmedia":[{"embeddable":true,"href":"https:\/\/akdenizolaygazetesi.com\/index.php?rest_route=\/wp\/v2\/media\/14092"}],"wp:attachment":[{"href":"https:\/\/akdenizolaygazetesi.com\/index.php?rest_route=%2Fwp%2Fv2%2Fmedia&parent=14091"}],"wp:term":[{"taxonomy":"category","embeddable":true,"href":"https:\/\/akdenizolaygazetesi.com\/index.php?rest_route=%2Fwp%2Fv2%2Fcategories&post=14091"},{"taxonomy":"post_tag","embeddable":true,"href":"https:\/\/akdenizolaygazetesi.com\/index.php?rest_route=%2Fwp%2Fv2%2Ftags&post=14091"}],"curies":[{"name":"wp","href":"https:\/\/api.w.org\/{rel}","templated":true}]}}