{"id":14094,"date":"2021-09-10T10:50:04","date_gmt":"2021-09-10T07:50:04","guid":{"rendered":"http:\/\/akdenizolaygazetesi.com\/?p=14094"},"modified":"2021-09-10T10:50:04","modified_gmt":"2021-09-10T07:50:04","slug":"belediyenin-vizyon-mudurluklerinden-birisi","status":"publish","type":"post","link":"https:\/\/akdenizolaygazetesi.com\/?p=14094","title":{"rendered":"\u201cBelediyenin vizyon m\u00fcd\u00fcrl\u00fcklerinden birisi\u201d"},"content":{"rendered":"<p>Akdeniz Belediye Ba\u015fkan\u0131 M. Mustafa G\u00fcltak; \u201cZab\u0131ta Haftas\u0131 ve Zab\u0131ta Te\u015fkilat\u0131n\u0131n Kurulu\u015funun 195\u2019inci Y\u0131ld\u00f6n\u00fcm\u00fc\u201d nedeniyle d\u00fczenlenen etkinlikte, Zab\u0131ta M\u00fcd\u00fcrl\u00fc\u011f\u00fc personeli ile bir araya geldi.<br \/>\nYemekli bulu\u015fmaya, Akdeniz Belediye Ba\u015fkan\u0131 M. Mustafa G\u00fcltak ve e\u015fi Behiye G\u00fcltak, Zab\u0131ta M\u00fcd\u00fcr\u00fc Ufuk Sivasl\u0131o\u011flu ve e\u015fi, Ba\u015fkan Yard\u0131mc\u0131lar\u0131, Birim M\u00fcd\u00fcrleri ve Zab\u0131ta M\u00fcd\u00fcrl\u00fc\u011f\u00fc personeli ve aileleri kat\u0131ld\u0131. Sayg\u0131 Duru\u015fu ve \u0130stiklal Mar\u015f\u0131 ile ba\u015flayan bulu\u015fmada, Akdeniz Zab\u0131tas\u0131\u2019n\u0131n 2021 y\u0131l\u0131nda il\u00e7e genelinde vatanda\u015flara sundu\u011fu hizmetleri anlatan bir videonun sunumu ger\u00e7ekle\u015fti.<br \/>\n\u201cBelediyenin vizyon m\u00fcd\u00fcrl\u00fcklerinden birisi\u201d<br \/>\nBulu\u015fmada bir konu\u015fma yapan Ba\u015fkan Mustafa G\u00fcltak, Zab\u0131ta M\u00fcd\u00fcrl\u00fc\u011f\u00fcn\u00fcn, belediyenin en \u00f6nemli birimlerden biri oldu\u011funu belirterek; \u201c\u00c7\u00fcnk\u00fc toplum sa\u011fl\u0131\u011f\u0131n\u0131 ilgilendiren bir\u00e7ok konuya bak\u0131yorsunuz. Hayvan haklar\u0131ndan tutun daha bir\u00e7ok hizmeti yerine getiriyorsunuz.  Zab\u0131ta; belediyenin vizyon m\u00fcd\u00fcrl\u00fcklerinden bir tanesi. G\u00f6reve geldikten sonra zab\u0131ta ekibimizi g\u00fc\u00e7lendirdik. Bu sayede bir\u00e7ok ba\u015far\u0131ya imza att\u0131n\u0131z. Hepinize te\u015fekk\u00fcr ediyorum. Haftan\u0131z kutlu olsun\u201d dedi.<br \/>\n\u201c7\/24 g\u00f6revimizin ba\u015f\u0131nday\u0131z\u201d<br \/>\nAkdeniz Zab\u0131ta M\u00fcd\u00fcr\u00fc Ufuk Sivasl\u0131o\u011flu da konu\u015fmas\u0131nda, 1826 y\u0131l\u0131nda kurulan Zab\u0131ta Te\u015fkilat\u0131\u2019n\u0131n 195 y\u0131ld\u0131r halk\u0131n sa\u011fl\u0131\u011f\u0131, huzuru ve esenli\u011fi i\u00e7in g\u00f6revinin ba\u015f\u0131nda oldu\u011funu, vatanda\u015flara hizmet verdi\u011fini ifade etti. Sivasl\u0131o\u011flu, \u201cSay\u0131n Ba\u015fkan\u0131m\u0131z\u0131n m\u00fcd\u00fcrl\u00fc\u011f\u00fcm\u00fcze verdi\u011fi b\u00fcy\u00fck destek sayesinde, b\u00fcy\u00fck bir \u00f6zg\u00fcven ile yolumuza devam ediyoruz. Sahip oldu\u011fu sanayi tesisleri ile g\u00fcnd\u00fcz n\u00fcfusu 800 bini bulan Akdeniz\u2019e hizmet veriyoruz. Halk\u0131m\u0131z\u0131n mutlulu\u011fu ve g\u00fcvenli\u011fi i\u00e7in gecemizi g\u00fcnd\u00fcze katarak 7-24 \u00e7al\u0131\u015fmaya devam edece\u011fiz\u201d diye konu\u015ftu.<br \/>\nKonu\u015fmalar\u0131n ard\u0131ndan Ba\u015fkan G\u00fcltak; Zab\u0131ta M\u00fcd\u00fcr\u00fc Sivasl\u0131o\u011flu ile birlikte Zab\u0131ta Te\u015fkilat\u0131n\u0131n Kurulu\u015funun 195\u2019inci Y\u0131ld\u00f6n\u00fcm\u00fc dolay\u0131s\u0131yla pasta kesti; Ayr\u0131ca \u00f6n\u00fcm\u00fczdeki g\u00fcnlerde emekli olacak 2 zab\u0131ta m\u00fcd\u00fcrl\u00fc\u011f\u00fc personeline de plaket takdim ederek emeklerinden \u00f6t\u00fcr\u00fc te\u015fekk\u00fcr etti.<\/p>\n","protected":false},"excerpt":{"rendered":"<p>Akdeniz Belediye Ba\u015fkan\u0131 M. Mustafa G\u00fcltak; \u201cZab\u0131ta Haftas\u0131 ve Zab\u0131ta Te\u015fkilat\u0131n\u0131n Kurulu\u015funun 195\u2019inci Y\u0131ld\u00f6n\u00fcm\u00fc\u201d nedeniyle d\u00fczenlenen etkinlikte, Zab\u0131ta M\u00fcd\u00fcrl\u00fc\u011f\u00fc personeli ile bir araya geldi. Yemekli bulu\u015fmaya, Akdeniz Belediye Ba\u015fkan\u0131 M. &hellip; <a href=\"https:\/\/akdenizolaygazetesi.com\/?p=14094\" class=\"more-link\">Devam\u0131n\u0131 Oku&#8230;<\/a><\/p>\n","protected":false},"author":2,"featured_media":14095,"comment_status":"open","ping_status":"open","sticky":false,"template":"","format":"standard","meta":[],"categories":[3,5],"tags":[],"_links":{"self":[{"href":"https:\/\/akdenizolaygazetesi.com\/index.php?rest_route=\/wp\/v2\/posts\/14094"}],"collection":[{"href":"https:\/\/akdenizolaygazetesi.com\/index.php?rest_route=\/wp\/v2\/posts"}],"about":[{"href":"https:\/\/akdenizolaygazetesi.com\/index.php?rest_route=\/wp\/v2\/types\/post"}],"author":[{"embeddable":true,"href":"https:\/\/akdenizolaygazetesi.com\/index.php?rest_route=\/wp\/v2\/users\/2"}],"replies":[{"embeddable":true,"href":"https:\/\/akdenizolaygazetesi.com\/index.php?rest_route=%2Fwp%2Fv2%2Fcomments&post=14094"}],"version-history":[{"count":1,"href":"https:\/\/akdenizolaygazetesi.com\/index.php?rest_route=\/wp\/v2\/posts\/14094\/revisions"}],"predecessor-version":[{"id":14096,"href":"https:\/\/akdenizolaygazetesi.com\/index.php?rest_route=\/wp\/v2\/posts\/14094\/revisions\/14096"}],"wp:featuredmedia":[{"embeddable":true,"href":"https:\/\/akdenizolaygazetesi.com\/index.php?rest_route=\/wp\/v2\/media\/14095"}],"wp:attachment":[{"href":"https:\/\/akdenizolaygazetesi.com\/index.php?rest_route=%2Fwp%2Fv2%2Fmedia&parent=14094"}],"wp:term":[{"taxonomy":"category","embeddable":true,"href":"https:\/\/akdenizolaygazetesi.com\/index.php?rest_route=%2Fwp%2Fv2%2Fcategories&post=14094"},{"taxonomy":"post_tag","embeddable":true,"href":"https:\/\/akdenizolaygazetesi.com\/index.php?rest_route=%2Fwp%2Fv2%2Ftags&post=14094"}],"curies":[{"name":"wp","href":"https:\/\/api.w.org\/{rel}","templated":true}]}}