{"id":14103,"date":"2021-09-10T11:00:13","date_gmt":"2021-09-10T08:00:13","guid":{"rendered":"http:\/\/akdenizolaygazetesi.com\/?p=14103"},"modified":"2021-09-10T11:00:13","modified_gmt":"2021-09-10T08:00:13","slug":"doga-bizi-cagiriyor-etkinliginin-yeni-rotasi-kayaci-vadisi-oldu","status":"publish","type":"post","link":"https:\/\/akdenizolaygazetesi.com\/?p=14103","title":{"rendered":"\u2018DO\u011eA B\u0130Z\u0130 \u00c7A\u011eIRIYOR\u2019 ETK\u0130NL\u0130\u011e\u0130N\u0130N YEN\u0130 ROTASI KAYACI VAD\u0130S\u0130 OLDU"},"content":{"rendered":"<p>Mersin B\u00fcy\u00fck\u015fehir Belediyesi Kad\u0131n ve Aile Hizmetleri Dairesi\u2019nin ger\u00e7ekle\u015ftirdi\u011fi \u2018Do\u011fa Bizi \u00c7a\u011f\u0131r\u0131yor\u2019 etkinli\u011finin yeni adresi Erdemli il\u00e7esinde bulunan Kayac\u0131 Vadisi oldu. \u2018Haydi Birlikte Y\u00fcr\u00fcyelim\u2019 slogan\u0131 ile ba\u015flat\u0131lan do\u011fa y\u00fcr\u00fcy\u00fc\u015flerinde kat\u0131l\u0131mc\u0131lar her hafta Mersin\u2019in farkl\u0131 bir do\u011fal g\u00fczelli\u011fini ke\u015ffe \u00e7\u0131k\u0131yor.<\/p>\n<p>Yeni rotan\u0131n Kayac\u0131 Vadisi olarak belirlendi\u011fi etkinli\u011fe yakla\u015f\u0131k 100 ki\u015fi kat\u0131ld\u0131. Kad\u0131nlar\u0131n ve \u00e7ocuklar\u0131n a\u011f\u0131rl\u0131kta oldu\u011fu etkinlikte Lamos Kanyonu\u2019nun bir k\u0131sm\u0131n\u0131 kapsayan Kayac\u0131 Vadisi ve Limonlu \u00c7ay\u0131 boyunca 3 kilometre y\u00fcr\u00fcyen do\u011faseverler, hem vadinin hem de vadinin ortas\u0131ndan ge\u00e7en Limonlu \u00c7ay\u0131\u2019n\u0131n do\u011fal g\u00fczelli\u011fine hayran kald\u0131. Kat\u0131l\u0131mc\u0131lar, y\u00fcr\u00fcy\u00fc\u015f\u00fcn ard\u0131ndan Limonlu \u00c7ay\u0131\u2019n\u0131n etraf\u0131nda dinlendi.<\/p>\n<p>\u201cYa\u015f s\u0131n\u0131r\u0131 olmadan her kesime, herkese hitap etmeye \u00e7al\u0131\u015f\u0131yoruz\u201d<\/p>\n<p>Kad\u0131n ve Aile Hizmetleri Dairesi\u2019nde g\u00f6revli Fatma Mu\u015ftu, etkinli\u011fin ba\u015flama noktas\u0131ndan biti\u015fine kadarki s\u00fcre\u00e7 hakk\u0131nda bilgi verdi. Etkinli\u011fe \u00e7ok fazla talep oldu\u011funu s\u00f6yleyen Mu\u015ftu, \u201cVatanda\u015flar\u0131m\u0131z burada e\u011fleniyorlar, \u00e7ok mutlu oluyorlar, keyifli vakit ge\u00e7iriyorlar. Ayn\u0131 zamanda do\u011fa y\u00fcr\u00fcy\u00fc\u015flerini \u00e7ok seviyorlar. Ya\u015f s\u0131n\u0131r\u0131 olmadan her kesime, herkese hitap etmeye \u00e7al\u0131\u015f\u0131yoruz\u201d dedi.<\/p>\n<p>\u201c\u00c7ok mutlu bir \u015fekilde evlerimize d\u00f6n\u00fcyoruz\u201d<\/p>\n<p>Pandemi d\u00f6nemi \u00f6ncesi yap\u0131lan do\u011fa y\u00fcr\u00fcy\u00fc\u015f\u00fc etkinliklerine de kat\u0131ld\u0131\u011f\u0131n\u0131 ifade eden Zeynep \u00d6z\u00fcdo\u011fru, \u201cDo\u011fa gezilerinden \u00e7ok memnunuz. Araya pandemi girdi\u011fi i\u00e7in evlerde kapal\u0131 kald\u0131k. Tekrar ba\u015flad\u0131 bu etkinlikler. \u00c7ok te\u015fekk\u00fcr ediyoruz. Sayelerinde hem k\u00f6yl\u00fclerimiz kazan\u0131yor hem de mola verdi\u011fimizde oturdu\u011fumuz mekan sahipleri kazan\u0131yor. Bizler de \u00e7ok mutlu bir \u015fekilde evlerimize d\u00f6n\u00fcyoruz. Do\u011fam\u0131z \u00e7ok g\u00fczel ama baz\u0131 yerlerde insanlar\u0131n att\u0131klar\u0131 pislikler oluyor, yeri geliyor onlar\u0131 da topluyoruz, \u00e7\u00f6p kutular\u0131na at\u0131yoruz. Bizim de biraz katk\u0131m\u0131z olmu\u015f oluyor\u201d dedi.<\/p>\n<p>\u201cDo\u011fa bizi \u00e7a\u011f\u0131r\u0131yor, biz de ona kulak verelim\u201d<\/p>\n<p>Etkinli\u011fi Kad\u0131n ve Aile Hizmetleri Dairesi\u2019nin sosyal medya hesaplar\u0131ndan g\u00f6rd\u00fc\u011f\u00fcn\u00fc ifade eden Melike \u00d6z\u015feker, \u201cBuras\u0131 \u00e7ok g\u00fczel, serin. Burada ilgilenen arkada\u015flar \u00e7ok iyi. Her \u015feyden \u00e7ok memnun kald\u0131k. Herkese \u00e7ok te\u015fekk\u00fcr ederiz. Buraya geldi\u011fimizde \u00e7ok temizdi. \u00c7\u00f6plerimizi kendi po\u015fetlerimize koyup \u00e7\u00f6plere atmal\u0131y\u0131z. Do\u011fa bizi \u00e7a\u011f\u0131r\u0131yor, biz de ona kulak verelim\u201d diye konu\u015ftu.<\/p>\n<p>Etkinlik takvimi sosyal medya hesaplar\u0131ndan takip edilebiliyor<\/p>\n<p>\u2018Do\u011fa Bizi \u00c7a\u011f\u0131r\u0131yor\u2019 etkinlik takvimine B\u00fcy\u00fck\u015fehir Belediyesi Kad\u0131n ve Aile Hizmetleri Dairesi\u2019nin Instagram hesab\u0131 @mbbkadinveaile\u2019den ula\u015f\u0131labiliyor. \u00d6n kay\u0131t gerektiren ve kontenjanla s\u0131n\u0131rl\u0131 olan etkinlik, B\u00fcy\u00fck\u015fehir Belediyesi taraf\u0131ndan \u00fccretsiz ger\u00e7ekle\u015ftiriliyor. Vatanda\u015flar, eski Mezitli Belediyesi kar\u015f\u0131s\u0131, Forum Ba\u011flant\u0131 K\u00f6pr\u00fcs\u00fc alt\u0131 ve Tarsus K\u00fclt\u00fcr Merkezi \u00f6n\u00fc olarak belirlenen noktalardan \u00fccretsiz servislerle al\u0131n\u0131yor. Kat\u0131l\u0131m sa\u011flamak isteyen vatanda\u015flar 0324 238 15 14 numaral\u0131 telefondan detayl\u0131 bilgi alabilecek.<\/p>\n","protected":false},"excerpt":{"rendered":"<p>Mersin B\u00fcy\u00fck\u015fehir Belediyesi Kad\u0131n ve Aile Hizmetleri Dairesi\u2019nin ger\u00e7ekle\u015ftirdi\u011fi \u2018Do\u011fa Bizi \u00c7a\u011f\u0131r\u0131yor\u2019 etkinli\u011finin yeni adresi Erdemli il\u00e7esinde bulunan Kayac\u0131 Vadisi oldu. \u2018Haydi Birlikte Y\u00fcr\u00fcyelim\u2019 slogan\u0131 ile ba\u015flat\u0131lan do\u011fa y\u00fcr\u00fcy\u00fc\u015flerinde kat\u0131l\u0131mc\u0131lar &hellip; <a href=\"https:\/\/akdenizolaygazetesi.com\/?p=14103\" class=\"more-link\">Devam\u0131n\u0131 Oku&#8230;<\/a><\/p>\n","protected":false},"author":2,"featured_media":14104,"comment_status":"open","ping_status":"open","sticky":false,"template":"","format":"standard","meta":[],"categories":[2,3,5,10],"tags":[],"_links":{"self":[{"href":"https:\/\/akdenizolaygazetesi.com\/index.php?rest_route=\/wp\/v2\/posts\/14103"}],"collection":[{"href":"https:\/\/akdenizolaygazetesi.com\/index.php?rest_route=\/wp\/v2\/posts"}],"about":[{"href":"https:\/\/akdenizolaygazetesi.com\/index.php?rest_route=\/wp\/v2\/types\/post"}],"author":[{"embeddable":true,"href":"https:\/\/akdenizolaygazetesi.com\/index.php?rest_route=\/wp\/v2\/users\/2"}],"replies":[{"embeddable":true,"href":"https:\/\/akdenizolaygazetesi.com\/index.php?rest_route=%2Fwp%2Fv2%2Fcomments&post=14103"}],"version-history":[{"count":1,"href":"https:\/\/akdenizolaygazetesi.com\/index.php?rest_route=\/wp\/v2\/posts\/14103\/revisions"}],"predecessor-version":[{"id":14105,"href":"https:\/\/akdenizolaygazetesi.com\/index.php?rest_route=\/wp\/v2\/posts\/14103\/revisions\/14105"}],"wp:featuredmedia":[{"embeddable":true,"href":"https:\/\/akdenizolaygazetesi.com\/index.php?rest_route=\/wp\/v2\/media\/14104"}],"wp:attachment":[{"href":"https:\/\/akdenizolaygazetesi.com\/index.php?rest_route=%2Fwp%2Fv2%2Fmedia&parent=14103"}],"wp:term":[{"taxonomy":"category","embeddable":true,"href":"https:\/\/akdenizolaygazetesi.com\/index.php?rest_route=%2Fwp%2Fv2%2Fcategories&post=14103"},{"taxonomy":"post_tag","embeddable":true,"href":"https:\/\/akdenizolaygazetesi.com\/index.php?rest_route=%2Fwp%2Fv2%2Ftags&post=14103"}],"curies":[{"name":"wp","href":"https:\/\/api.w.org\/{rel}","templated":true}]}}