{"id":14106,"date":"2021-09-10T11:02:05","date_gmt":"2021-09-10T08:02:05","guid":{"rendered":"http:\/\/akdenizolaygazetesi.com\/?p=14106"},"modified":"2021-09-10T11:02:05","modified_gmt":"2021-09-10T08:02:05","slug":"buyuksehir-ile-gonulluler-arasindaki-kopruler-gucleniyor","status":"publish","type":"post","link":"https:\/\/akdenizolaygazetesi.com\/?p=14106","title":{"rendered":"B\u00dcY\u00dcK\u015eEH\u0130R \u0130LE G\u00d6N\u00dcLL\u00dcLER ARASINDAK\u0130 K\u00d6PR\u00dcLER G\u00dc\u00c7LEN\u0130YOR"},"content":{"rendered":"<p>Mersin B\u00fcy\u00fck\u015fehir Belediyesi Kad\u0131n ve Aile Hizmetleri Dairesi G\u00f6n\u00fcll\u00fcler \u015eube M\u00fcd\u00fcrl\u00fc\u011f\u00fc\u2019n\u00fcn \u2018G\u00f6n\u00fcll\u00fc Kat\u0131l\u0131m Toplant\u0131lar\u0131\u2019n\u0131n ikinci turu G\u00fclnar il\u00e7esinden ba\u015flad\u0131. 2020 y\u0131l\u0131nda 13 il\u00e7ede ger\u00e7ekle\u015ftirilen ilk tur toplant\u0131lar\u0131n\u0131n ard\u0131ndan \u00e7ok say\u0131da g\u00f6n\u00fcll\u00fc, B\u00fcy\u00fck\u015fehir\u2019in hizmetlerinde g\u00f6rev ald\u0131. B\u00fcy\u00fck\u015fehir\u2019in ilk g\u00f6n\u00fcll\u00fcs\u00fc olan Mersinden Kad\u0131n Kooperatifi Ba\u015fkan\u0131 Meral Se\u00e7er ile birlikte Kad\u0131n ve Aile Hizmetleri Dairesi Ba\u015fkan\u0131 \u015eerife Haso\u011flu Dokucu\u2019nun da kat\u0131ld\u0131\u011f\u0131 toplant\u0131da gelinen s\u00fcre\u00e7te yap\u0131lan \u00e7al\u0131\u015fmalar de\u011ferlendirildi. Toplant\u0131da ileriye y\u00f6nelik at\u0131lacak ad\u0131mlar da konu\u015fuldu.<br \/>\nOrtak \u00e7al\u0131\u015fmalar \u00fczerine fikir al\u0131\u015fveri\u015fi<br \/>\nB\u00fcy\u00fck\u015fehir Belediyesi G\u00fclnar Koordinasyon \u015eube M\u00fcd\u00fcrl\u00fc\u011f\u00fc\u2019nde ve Day\u0131c\u0131k Mahallesi\u2019nde d\u00fczenlenen toplant\u0131lara G\u00fclnar\u2019\u0131n civar k\u00f6ylerinden \u00e7ok say\u0131da kad\u0131n kat\u0131ld\u0131. Toplant\u0131larda, B\u00fcy\u00fck\u015fehir Belediyesi\u2019nin \u2018Kad\u0131n \u00dcretici Stantlar\u0131\u2019, \u2018Teksin Uygulamas\u0131\u2019 ve \u2018Dosthane\u2019 gibi baz\u0131 hizmetleri anlat\u0131ld\u0131. Kad\u0131nlar\u0131n bu hizmetlerden nas\u0131l haberdar olabilece\u011fi, nas\u0131l yararlanabilece\u011fi ve \u00e7al\u0131\u015fmalarda ne \u015fekilde yer alabilecekleri konular\u0131nda bilgiler verildi. Kad\u0131nlar\u0131n hizmetler konusundaki taleplerinin de dinlendi\u011fi toplant\u0131da, ortak yap\u0131labilecek \u00e7al\u0131\u015fmalar \u00fczerinde de fikir al\u0131\u015fveri\u015finde bulunuldu.<br \/>\n\u201cSizlerden gelen fikirler, yap\u0131lan hizmetlere yol \u00e7izdi\u201d<br \/>\nB\u00fcy\u00fck\u015fehir\u2019in \u0130lk G\u00f6n\u00fcll\u00fcs\u00fc ve Mersinden Kad\u0131n Kooperatifi Ba\u015fkan\u0131 Meral Se\u00e7er, ilk turda 13 il\u00e7eyi gezip kad\u0131nlarla bulu\u015ftuklar\u0131n\u0131 s\u00f6yledi. \u0130l\u00e7elerdeki kad\u0131nlar\u0131n neler yapt\u0131klar\u0131n\u0131, nelere ihtiya\u00e7 duyduklar\u0131n\u0131, \u00e7ocuklar\u0131, kendileri ve aileleri i\u00e7in neler yap\u0131labilece\u011fini yerinde g\u00f6rd\u00fcklerini kaydeden Se\u00e7er, ilk turun ard\u0131ndan bir sonu\u00e7 \u00e7\u0131kartt\u0131klar\u0131n\u0131 vurgulad\u0131. \u0130lk turda elde edilen sonu\u00e7lar \u00fczerine hizmet geli\u015ftirdiklerini belirten Meral Se\u00e7er, \u201c13 il\u00e7eyi dola\u015ft\u0131k. Buradaki dola\u015fma amac\u0131m\u0131z neydi? Kad\u0131nlarla bulu\u015fup, kad\u0131nlar\u0131m\u0131z ne i\u015f yaparlar, nelere ihtiya\u00e7lar\u0131 var, kendileri i\u00e7in, \u00e7ocuklar\u0131 i\u00e7in, ailesi i\u00e7in ne istiyorlar? \u0130htiya\u00e7lar\u0131 nelerdir? Kar\u015f\u0131l\u0131kl\u0131 g\u00f6r\u00fc\u015f al\u0131\u015fveri\u015flerinde bulunduk. Burada \u015funu g\u00f6rd\u00fck ki; biz sadece fikir vererek de\u011fil, onlar\u0131n fikirlerini alarak da do\u011fru yolda gidece\u011fiz \u00e7\u00fcnk\u00fc bu \u015feyleri ya\u015fayan sizlersiniz, sizlerden gelen fikirler, yap\u0131lan hizmetlere yol \u00e7izdi\u201d dedi.<br \/>\nG\u00fclnar nohutuyla ilgili Meral Se\u00e7er\u2019den m\u00fcjde: \u201cAra\u015ft\u0131rmalar\u0131m\u0131z\u0131n sonuna geldik\u201d<br \/>\nMeral Se\u00e7er, s\u00fcre\u00e7 i\u00e7erisinde at\u0131lan ad\u0131mlardan baz\u0131lar\u0131n\u0131 \u00f6rnek g\u00f6sterdi. \u0130lk tur toplant\u0131lar\u0131nda, kad\u0131nlar\u0131n \u00fcr\u00fcnlerini satacak yer ihtiyac\u0131n\u0131 belirtmesi \u00fczerine \u2018Kad\u0131n \u00dcretici Stantlar\u0131\u2019n\u0131n kuruldu\u011funu belirten Se\u00e7er, G\u00fclnar\u2019da \u00f6nemli bir \u00e7al\u0131\u015fman\u0131n yap\u0131ld\u0131\u011f\u0131n\u0131 da s\u00f6zlerine ekledi. Meral Se\u00e7er, \u015funlar\u0131 s\u00f6yledi:<br \/>\n\u201cGe\u00e7en y\u0131l Atal\u0131k Sar\u0131 Bu\u011fday\u2019da, be\u015f ton bu\u011fday\u0131 katma de\u011ferli \u00fcr\u00fcnler haline \u00e7evirdik. Bulgur, un, eri\u015fte yapm\u0131\u015ft\u0131k ve bunu \u2018Mersinden\u2019 markas\u0131yla sat\u0131\u015fa sunduk. \u0130nsanlar hem Mersin\u2019i tan\u0131m\u0131\u015f oldular hem de bu \u00fcr\u00fcn\u00fcn nerede \u00fcretildi\u011fini merak edip bakt\u0131lar. \u00c7\u00fcnk\u00fc pakette Silifke Baland\u0131z Atal\u0131k Sar\u0131 Bu\u011fday yaz\u0131yordu. Ayn\u0131 \u015feyi biz bu y\u0131l, nohut i\u00e7in yapaca\u011f\u0131z. Bu sene de B\u00fcy\u00fck\u015fehir\u2019in nohutla ilgili projesine payda\u015f olduk. G\u00fclnar\u2019\u0131n isminin nas\u0131l duyulaca\u011f\u0131, bu \u00fcr\u00fcn\u00fcn katma de\u011fere nas\u0131l \u00e7evrilece\u011fi konusunda ara\u015ft\u0131rmalar\u0131m\u0131z\u0131n sonuna geldik.\u201d<br \/>\n\u201c\u0130stedi\u011finiz \u015feyi bir telefon tu\u015fuyla yapabileceksiniz\u201d<br \/>\nKad\u0131n ve Aile Hizmetleri Dairesi Ba\u015fkan\u0131 \u015eerife Haso\u011flu Dokucu ile birlikte bu toplant\u0131lara di\u011fer il\u00e7elerde de devam edeceklerini s\u00f6zlerine ekleyen Meral Se\u00e7er, \u201cBu g\u00f6r\u00fc\u015fmelere devam edece\u011fiz ama sizlere \u015funu da anlatmak istiyorum; \u00f6rne\u011fin ALO 185\u2019i bilen var m\u0131? Bizim sahalara giderek yapmak istedi\u011finiz \u015feyi siz bir telefon tu\u015fuyla yapabileceksiniz. B\u00fcy\u00fck\u015fehir\u2019in yeni uygulamas\u0131. Telefonlar\u0131n\u0131za indiriyorsunuz. Bu hatta taleplerinizi, dileklerinizi, te\u015fekk\u00fcrlerinizi, her \u015feyinizi aktarabiliyorsunuz\u201d dedi.<br \/>\nB\u00fcy\u00fck\u015fehir, \u2018Sanal Kad\u0131n \u00dcretici Pazar\u0131\u2019n\u0131 hayata ge\u00e7iriyor<br \/>\nB\u00fcy\u00fck\u015fehir Belediyesi\u2019nin dijital ortamda \u00f6nemli bir \u00e7al\u0131\u015fma daha yapt\u0131\u011f\u0131n\u0131 duyuran Se\u00e7er, Mersin B\u00fcy\u00fck\u015fehir\u2019in \u2018Sanal Kad\u0131n \u00dcretici Pazar\u0131\u2019 ile belediyeler aras\u0131nda bir ilki ger\u00e7ekle\u015ftirece\u011fini s\u00f6yledi. Se\u00e7er, \u201cBurada \u00fcr\u00fcnlerinizin sat\u0131laca\u011f\u0131n\u0131 mecralar yarat\u0131l\u0131yor. Tam bu noktada e\u011fitim gerekiyorsa, bu e\u011fitim de sizlere verilecek. Hangi e\u011fitimi istiyorsan\u0131z onun \u00fczerinden ilerleyelim. Buran\u0131n bilinirli\u011fi, tan\u0131n\u0131rl\u0131\u011f\u0131 Mersinden Kad\u0131n Kooperatifi taraf\u0131ndan yap\u0131lacak, s\u00f6z veriyorum\u201d diye konu\u015ftu.<br \/>\n\u201cBu toplant\u0131lar\u0131, yapaca\u011f\u0131m\u0131z \u00e7al\u0131\u015fmalarda rehber olarak kullan\u0131yoruz\u201d<br \/>\nKad\u0131n ve Aile Hizmetleri Dairesi Ba\u015fkan\u0131 \u015eerife Haso\u011flu Dokucu ise toplant\u0131lardan \u00e7\u0131kan sonu\u00e7lar\u0131 \u00f6nemsediklerini vurgulayarak, \u201cG\u00fclnar\u2019da kad\u0131nlar\u0131m\u0131zla birlikte olmak, onlar\u0131n taleplerini, \u015fikayetlerini, ihtiya\u00e7lar\u0131n\u0131 belirlemek amac\u0131yla geldik. G\u00f6n\u00fcll\u00fc \u00e7al\u0131\u015fmalar silsilelerimizin bu y\u0131lki ilk dura\u011f\u0131 oldu. B\u00f6yle b\u00fcy\u00fck toplant\u0131lar yap\u0131p sonra akabinde bu toplant\u0131lar\u0131, yapaca\u011f\u0131m\u0131z \u00e7al\u0131\u015fmalarda rehber olarak kullan\u0131yoruz\u201d ifadelerine yer verdi.<br \/>\n\u201cLojistik anlam\u0131nda da destek istemi\u015ftim, sonuna kadar destek veriyorlar\u201d<br \/>\nG\u00fclnar\u2019\u0131n \u00c7ukurasma Mahallesi\u2019nden toplant\u0131ya kat\u0131lan kad\u0131nlardan Fatma Su, k\u0131rsalda turizmle ilgilendi\u011fini s\u00f6yledi. G\u00fclnar\u2019da da bir projeyi hayata ge\u00e7irmek istedi\u011fini kaydeden Su, \u201cTaslak bir proje yazm\u0131\u015ft\u0131m, B\u00fcy\u00fck\u015fehir Belediyesi\u2019ne ula\u015ft\u0131 bu projem. Lojistik anlam\u0131nda da destek istemi\u015ftim, B\u00fcy\u00fck\u015fehir Belediyesi bana sonuna kadar destek veriyor. \u00c7ok te\u015fekk\u00fcr ediyorum B\u00fcy\u00fck\u015fehir Belediyesi\u2019ne\u201d dedi.<br \/>\n\u201cMeral Han\u0131m bize i\u00e7 a\u00e7\u0131c\u0131, \u00e7ok g\u00fczel \u015feyler s\u00f6yledi\u201d<br \/>\nBa\u015fkan Vahap Se\u00e7er\u2019in kendilerine bir s\u00f6z verdi\u011fini ve bu s\u00f6z\u00fc yerine getirdi\u011fi i\u00e7in mutlu olduklar\u0131n\u0131 belirten kavurga \u00fcreticisi Hamide \u015eener, \u201cVahap Bey, e\u015finin gelece\u011fini s\u00f6yledi. S\u00f6z\u00fcn\u00fc tuttu. Ger\u00e7ekten bizi \u00e7ok memnun etti. Meral Han\u0131m bize i\u00e7 a\u00e7\u0131c\u0131 \u00e7ok g\u00fczel \u015feyler s\u00f6yledi. Benim en \u00e7ok duyguland\u0131\u011f\u0131m, gururland\u0131\u011f\u0131m; ge\u00e7en y\u0131l kavurga talebinde bulunuldu, kabul ettim ve ben oraya kavurga yapmaya ba\u015flad\u0131m. Benim kavurgam \u00e7ok sevildi. Her seferinde istendi, hala isteniyor ve onlar\u0131n sayesinde ba\u015fkalar\u0131 tatt\u0131. \u015eu anda sezonu bekliyorum. Hepsi el eme\u011fimiz, G\u00fclnar\u0131m\u0131z\u0131n, Day\u0131c\u0131k K\u00f6y\u00fc\u2019nden, kendi \u00fcr\u00fcn\u00fcm\u00fcz. D\u0131\u015fardan katk\u0131 maddeli hi\u00e7bir \u015fey yoktur\u201d diye konu\u015ftu.<br \/>\nMeral Se\u00e7er, G\u00fclnar gezisinde B\u00fcy\u00fck\u015fehir Belediyesi\u2019nin E\u011fitim ve \u00d6\u011fretimi Destekleme Kurs Merkezi\u2019ni de ziyaret ederek \u00f6\u011fretmenlerle tan\u0131\u015ft\u0131ktan sonra, \u00fcniversite \u00f6\u011frencileri i\u00e7in yap\u0131m\u0131 devam eden \u00f6\u011frenci yurdunu da gezdi.<\/p>\n","protected":false},"excerpt":{"rendered":"<p>Mersin B\u00fcy\u00fck\u015fehir Belediyesi Kad\u0131n ve Aile Hizmetleri Dairesi G\u00f6n\u00fcll\u00fcler \u015eube M\u00fcd\u00fcrl\u00fc\u011f\u00fc\u2019n\u00fcn \u2018G\u00f6n\u00fcll\u00fc Kat\u0131l\u0131m Toplant\u0131lar\u0131\u2019n\u0131n ikinci turu G\u00fclnar il\u00e7esinden ba\u015flad\u0131. 2020 y\u0131l\u0131nda 13 il\u00e7ede ger\u00e7ekle\u015ftirilen ilk tur toplant\u0131lar\u0131n\u0131n ard\u0131ndan \u00e7ok say\u0131da &hellip; <a href=\"https:\/\/akdenizolaygazetesi.com\/?p=14106\" class=\"more-link\">Devam\u0131n\u0131 Oku&#8230;<\/a><\/p>\n","protected":false},"author":2,"featured_media":14107,"comment_status":"open","ping_status":"open","sticky":false,"template":"","format":"standard","meta":[],"categories":[8,2,3,5],"tags":[],"_links":{"self":[{"href":"https:\/\/akdenizolaygazetesi.com\/index.php?rest_route=\/wp\/v2\/posts\/14106"}],"collection":[{"href":"https:\/\/akdenizolaygazetesi.com\/index.php?rest_route=\/wp\/v2\/posts"}],"about":[{"href":"https:\/\/akdenizolaygazetesi.com\/index.php?rest_route=\/wp\/v2\/types\/post"}],"author":[{"embeddable":true,"href":"https:\/\/akdenizolaygazetesi.com\/index.php?rest_route=\/wp\/v2\/users\/2"}],"replies":[{"embeddable":true,"href":"https:\/\/akdenizolaygazetesi.com\/index.php?rest_route=%2Fwp%2Fv2%2Fcomments&post=14106"}],"version-history":[{"count":1,"href":"https:\/\/akdenizolaygazetesi.com\/index.php?rest_route=\/wp\/v2\/posts\/14106\/revisions"}],"predecessor-version":[{"id":14108,"href":"https:\/\/akdenizolaygazetesi.com\/index.php?rest_route=\/wp\/v2\/posts\/14106\/revisions\/14108"}],"wp:featuredmedia":[{"embeddable":true,"href":"https:\/\/akdenizolaygazetesi.com\/index.php?rest_route=\/wp\/v2\/media\/14107"}],"wp:attachment":[{"href":"https:\/\/akdenizolaygazetesi.com\/index.php?rest_route=%2Fwp%2Fv2%2Fmedia&parent=14106"}],"wp:term":[{"taxonomy":"category","embeddable":true,"href":"https:\/\/akdenizolaygazetesi.com\/index.php?rest_route=%2Fwp%2Fv2%2Fcategories&post=14106"},{"taxonomy":"post_tag","embeddable":true,"href":"https:\/\/akdenizolaygazetesi.com\/index.php?rest_route=%2Fwp%2Fv2%2Ftags&post=14106"}],"curies":[{"name":"wp","href":"https:\/\/api.w.org\/{rel}","templated":true}]}}