{"id":14115,"date":"2021-09-11T22:27:46","date_gmt":"2021-09-11T19:27:46","guid":{"rendered":"http:\/\/akdenizolaygazetesi.com\/?p=14115"},"modified":"2021-09-11T22:27:46","modified_gmt":"2021-09-11T19:27:46","slug":"1-1000-olcekli-revizyon-uygulama-imar-plani-1-etabi-oybirligiyle-gecti","status":"publish","type":"post","link":"https:\/\/akdenizolaygazetesi.com\/?p=14115","title":{"rendered":"1\/1000 \u00f6l\u00e7ekli revizyon uygulama imar plan\u0131 1. etab\u0131 oybirli\u011fiyle ge\u00e7ti"},"content":{"rendered":"<p>Akdeniz Belediye Meclisi; Mersin B\u00fcy\u00fck\u015fehir Belediye onaylan\u0131p ask\u0131 s\u00fcresi tamamlanan Akdeniz, Toroslar, Yeni\u015fehir ve Mezitli \u0130l\u00e7eleri 1\/5000 \u00d6l\u00e7ekli \u0130lave ve Revizyon Naz\u0131m \u0130mar Plan\u0131 kararlar\u0131na uygun olarak haz\u0131rlanan 1\/1000 \u00d6l\u00e7ekli Revizyon Uygulama \u0130mar Plan\u0131 1. etab\u0131 ile ilgili komisyon raporlar\u0131 oybirli\u011fiyle kabul edildi.<br \/>\n\u201cMersin\u2019in acil imara ihtiyac\u0131 var. \u00c7\u00fcnk\u00fc bu sadece Akdeniz\u2019in de\u011fil, \u015fehrin b\u00fct\u00fcn imaj\u0131n\u0131 de\u011fi\u015ftirecek bir pland\u0131r\u201d diyen Ba\u015fkan G\u00fcltak, \u201cAsl\u0131nda biz bunu 8-9 ay \u00f6nce sonu\u00e7land\u0131rm\u0131\u015ft\u0131k. Fakat B\u00fcy\u00fck\u015fehir Belediyesi 1\/5000\u2019likleri ge\u00e7irmedi\u011fi i\u00e7in biz de geciktik. Halen birinci etab\u0131n ikinci b\u00f6l\u00fcm\u00fcn\u00fc bekliyoruz. Yan\u0131 Gazi Mustafa Kemal Bulvar\u0131\u2019n\u0131n (GMK) \u00fcst\u00fc. Buran\u0131n da binliklerini haz\u0131rlad\u0131k ama hala 5 binlik yok ortada. Meclis\u2019e gelmedi. B\u00fcy\u00fck\u015fehir Meclis\u2019i ve Say\u0131n Se\u00e7er\u2019e sesleniyorum; Akdeniz\u2019in birinci etap ikinci b\u00f6l\u00fcm\u00fcn\u00fc h\u0131zl\u0131 \u015fekilde bitirelim\u201d s\u00f6zleriyle \u00e7a\u011fr\u0131 yapt\u0131.<br \/>\n1\/1000 \u00f6l\u00e7ekli revizyon uygulama imar plan\u0131 1. etab\u0131 oybirli\u011fiyle ge\u00e7ti<br \/>\nAkdeniz Belediye Meclisi Eyl\u00fcl ay\u0131 ikinci birle\u015fimini M. Mustafa G\u00fcltak Ba\u015fkanl\u0131\u011f\u0131\u2019nda ger\u00e7ekle\u015ftirdi. A\u00e7\u0131l\u0131\u015f, yoklama, sayg\u0131 duru\u015fu ve \u0130stiklal Mar\u015f\u0131 ile ba\u015flayan toplant\u0131da, g\u00fcndeme al\u0131nan bir dizi madde karara ba\u011fland\u0131. Meclis\u2019te; Mersin B\u00fcy\u00fck\u015fehir Belediye Meclisi\u2019nin 8 Nisan 2021 tarih ve 166 say\u0131l\u0131 karar\u0131yla onaylan\u0131p ask\u0131 s\u00fcresi tamamlanan; Akdeniz, Toroslar, Yeni\u015fehir ve Mezitli \u0130l\u00e7eleri 1\/5000 \u00d6l\u00e7ekli \u0130lave ve Revizyon Naz\u0131m \u0130mar Plan\u0131 kararlar\u0131na uygun olarak haz\u0131rlanan Akdeniz \u0130l\u00e7esi 1\/1000 \u00d6l\u00e7ekli Revizyon Uygulama \u0130mar Plan\u0131 birinci etab\u0131 ile ilgili komisyon raporlar\u0131 oybirli\u011fiyle kabul edildi.<br \/>\nBa\u015fkan G\u00fcltak; \u201cMemleketin imara ihtiyac\u0131 var\u201d<br \/>\nMeclis \u00fcyelerinin g\u00fcndeme ili\u015fkin konu\u015fmalar\u0131n\u0131n ard\u0131ndan bir de\u011ferlendirme yapan Ba\u015fkan G\u00fcltak, \u201c1\/1000\u2019lik birinci etap, birinci b\u00f6l\u00fcm\u00fc bu. T\u00fcm b\u00fcrokratlar\u0131m\u0131za ve Meclis \u00fcyelerimize te\u015fekk\u00fcr ediyorum. Asl\u0131nda biz bunu 8-9 ay \u00f6nce sonu\u00e7land\u0131rm\u0131\u015ft\u0131k. Fakat B\u00fcy\u00fck\u015fehir Belediyesi 1\/5000\u2019likleri ge\u00e7irmedi\u011fi i\u00e7in biz de geciktik. \u0130kincisi; halen birinci etab\u0131n ikinci b\u00f6l\u00fcm\u00fcn\u00fc bekliyoruz. Yani Gazi Mustafa Kemal Bulvar\u0131\u2019n\u0131n (GMK) \u00fcst\u00fc. Biz oras\u0131yla ilgili de binlikleri haz\u0131rlad\u0131k. Ama hala 5 binlik ortada yok, Meclis\u2019e gelmedi. GMK\u2019n\u0131n alt\u0131nda \u00e7ok fazla arazi yok. Ama \u00fcst\u00fcnde ihtiya\u00e7 acil. Buradan B\u00fcy\u00fck\u015fehir Meclis \u00fcyelerimize ve Ba\u015fkan Say\u0131n Vahap Se\u00e7er\u2019e sesleniyorum. Akdeniz\u2019in birinci etap ikinci b\u00f6l\u00fcm\u00fcn\u00fc h\u0131zl\u0131 bir \u015fekilde bitirelim. Memleketin, Mersin\u2019in imara ihtiyac\u0131 var\u201d diye konu\u015ftu.<br \/>\nG\u00f6r\u00fc\u015f\u00fcl\u00fcp karara ba\u011flanan di\u011fer g\u00fcndem maddeleri<br \/>\nAkdeniz Belediye Meclis\u2019inde; m\u00fclkiyeti Kamil Ad\u0131g\u00fczel\u2019e ait Akdeniz s\u0131n\u0131rlar\u0131nda bulunan, 192 metrekarelik parselin, \u201ctaziye evi\u201d yap\u0131lmas\u0131 \u015fart\u0131 ile Akdeniz Belediye Ba\u015fkanl\u0131\u011f\u0131na hibe (ba\u011f\u0131\u015f) edilmesi ile ilgili \u0130mar, \u00c7evre ile Plan ve B\u00fct\u00e7e komisyonlar\u0131na havale edilen konunun g\u00f6r\u00fc\u015f\u00fclerek, \u00fcyelerin oybirli\u011fi ile kabul edildi.<br \/>\n\u0130\u00e7el Sanat Kul\u00fcb\u00fc\u2019n\u00fcn 8-10 Ekim 2021 tarihleri aras\u0131nda d\u00fczenleyece\u011fi 26. Mersin Arkeoloji G\u00fcnleri\u2019ne sa\u011flanacak KDV dahil 15 bin TL\u2019lik maddi deste\u011fin de oybirli\u011fiyle kabul\u00fcnden sonra Akdeniz Belediyesi taraf\u0131ndan yap\u0131m\u0131 ger\u00e7ekle\u015ftirilen &#8220;Mersin&#8217;de \u0130z B\u0131rakanlar M\u00fczesi&#8217;nin a\u00e7\u0131lmas\u0131 ve \u00f6zel m\u00fcze stat\u00fcs\u00fc kazanmas\u0131 i\u00e7in K\u00fclt\u00fcr ve Turizm Bakanl\u0131\u011f\u0131\u2019ndan izinlerin al\u0131nmas\u0131yla ilgili komisyonlardan oybirli\u011fiyle gelen g\u00fcndem maddesi, \u00fcyeler taraf\u0131nda oylan\u0131p Meclis\u2019ten oybirli\u011fi ile ge\u00e7ti.<br \/>\nMeclis\u2019te; M\u00fclkiyeti Mazbut Valide Sultan Vakf\u0131na ait tescilli ta\u015f\u0131nmaz k\u00fclt\u00fcr varl\u0131\u011f\u0131 bulunan parsele ili\u015fkin Adana K\u00fclt\u00fcr Varl\u0131klar\u0131n\u0131 Koruma B\u00f6lge Kurulu M\u00fcd\u00fcrl\u00fc\u011f\u00fc\u2019n\u00fcn karar\u0131 do\u011frultusunda yeniden haz\u0131rlan\u0131p \u00fcst \u00f6l\u00e7ek plan karar\u0131na uygun olarak d\u00fczenlenen 1\/1000 \u00d6l\u00e7ekli Uygulama \u0130mar Plan\u0131 de\u011fi\u015fikli\u011fi hakk\u0131nda komisyonlardan oy\u00e7oklu\u011fu ile reddine karar verilen g\u00fcndem de g\u00f6r\u00fc\u015f\u00fcld\u00fc. Komisyondan geldi\u011fi gibi oylanan g\u00fcndem maddesi yine oy\u00e7oklu\u011fu ile kabul edildi.<\/p>\n","protected":false},"excerpt":{"rendered":"<p>Akdeniz Belediye Meclisi; Mersin B\u00fcy\u00fck\u015fehir Belediye onaylan\u0131p ask\u0131 s\u00fcresi tamamlanan Akdeniz, Toroslar, Yeni\u015fehir ve Mezitli \u0130l\u00e7eleri 1\/5000 \u00d6l\u00e7ekli \u0130lave ve Revizyon Naz\u0131m \u0130mar Plan\u0131 kararlar\u0131na uygun olarak haz\u0131rlanan 1\/1000 \u00d6l\u00e7ekli &hellip; <a href=\"https:\/\/akdenizolaygazetesi.com\/?p=14115\" class=\"more-link\">Devam\u0131n\u0131 Oku&#8230;<\/a><\/p>\n","protected":false},"author":2,"featured_media":14116,"comment_status":"open","ping_status":"open","sticky":false,"template":"","format":"standard","meta":[],"categories":[8,34,1,3,5],"tags":[],"_links":{"self":[{"href":"https:\/\/akdenizolaygazetesi.com\/index.php?rest_route=\/wp\/v2\/posts\/14115"}],"collection":[{"href":"https:\/\/akdenizolaygazetesi.com\/index.php?rest_route=\/wp\/v2\/posts"}],"about":[{"href":"https:\/\/akdenizolaygazetesi.com\/index.php?rest_route=\/wp\/v2\/types\/post"}],"author":[{"embeddable":true,"href":"https:\/\/akdenizolaygazetesi.com\/index.php?rest_route=\/wp\/v2\/users\/2"}],"replies":[{"embeddable":true,"href":"https:\/\/akdenizolaygazetesi.com\/index.php?rest_route=%2Fwp%2Fv2%2Fcomments&post=14115"}],"version-history":[{"count":1,"href":"https:\/\/akdenizolaygazetesi.com\/index.php?rest_route=\/wp\/v2\/posts\/14115\/revisions"}],"predecessor-version":[{"id":14117,"href":"https:\/\/akdenizolaygazetesi.com\/index.php?rest_route=\/wp\/v2\/posts\/14115\/revisions\/14117"}],"wp:featuredmedia":[{"embeddable":true,"href":"https:\/\/akdenizolaygazetesi.com\/index.php?rest_route=\/wp\/v2\/media\/14116"}],"wp:attachment":[{"href":"https:\/\/akdenizolaygazetesi.com\/index.php?rest_route=%2Fwp%2Fv2%2Fmedia&parent=14115"}],"wp:term":[{"taxonomy":"category","embeddable":true,"href":"https:\/\/akdenizolaygazetesi.com\/index.php?rest_route=%2Fwp%2Fv2%2Fcategories&post=14115"},{"taxonomy":"post_tag","embeddable":true,"href":"https:\/\/akdenizolaygazetesi.com\/index.php?rest_route=%2Fwp%2Fv2%2Ftags&post=14115"}],"curies":[{"name":"wp","href":"https:\/\/api.w.org\/{rel}","templated":true}]}}