{"id":1412,"date":"2020-11-04T18:21:58","date_gmt":"2020-11-04T15:21:58","guid":{"rendered":"http:\/\/mersinekonomipolitikagazetesi.com\/?p=1412"},"modified":"2020-11-04T18:21:58","modified_gmt":"2020-11-04T15:21:58","slug":"ne-kadar-cok-calisir-uretirsek-o-kadar-zenginlesiriz","status":"publish","type":"post","link":"https:\/\/akdenizolaygazetesi.com\/?p=1412","title":{"rendered":"Ne kadar \u00e7ok \u00e7al\u0131\u015f\u0131r, \u00fcretirsek o kadar zenginle\u015firiz"},"content":{"rendered":"<p>T\u00fcrkiye\u2019de son d\u00f6nemlerde b\u00fcy\u00fcmenin in\u015faat sekt\u00f6r\u00fcne dayand\u0131\u011f\u0131na dikkat \u00e7eken MTSO 32 No\u2019lu Metal Sanayi Meslek Komitesi Ba\u015fkan\u0131 Bilge Ta\u015fk\u0131n, bir \u00fclke ekonomisini canland\u0131racak \u00f6nemli sekt\u00f6rlerin ba\u015f\u0131nda \u00fcretimin, yani sanayinin geldi\u011fini vurgulayarak, \u201cSanatkar\u0131n kirli eli, medeniyetin aynas\u0131d\u0131r. Ne kadar \u00e7ok \u00e7al\u0131\u015f\u0131r \u00fcretirsek o kadar zenginle\u015firiz. Sekt\u00f6rde i\u015f hacminde y\u00fczde 80&#8217;e yak\u0131n art\u0131\u015f var\u201d dedi.<\/p>\n<p><span style=\"color: rgb(0, 0, 0); font-family: Tahoma, Arial, &quot;Times New Roman TUR&quot;, Verdana; font-size: 15px;\">Sekt\u00f6re ili\u015fkin de\u011ferlendirme yapan Ba\u015fkan Ta\u015fk\u0131n, \u00fclkelerin, kentlerin geli\u015fiminin sanayinin geli\u015fimiyle do\u011fru orant\u0131l\u0131 oldu\u011funu belirterek, Mersin\u2019de sanayi sekt\u00f6r\u00fcn\u00fcn istenilen d\u00fczeyde ilerlememesinden \u015fikayet\u00e7i oldu. Bunun ba\u015fl\u0131ca sebebi olarak kentteki sanayiciler aras\u0131ndaki diyalo\u011fun yetersizli\u011fini g\u00f6steren Ta\u015fk\u0131n, \u201cMaalesef sekt\u00f6r temsilcileri birbirine sahip \u00e7\u0131km\u0131yor. \u0130htiya\u00e7lar\u0131n\u0131 \u015fehir d\u0131\u015f\u0131ndan kar\u015f\u0131lama yoluna gidiyor. Ben bu durumu yeterli diyalo\u011fun kurulmam\u0131\u015f olmas\u0131na ba\u011fl\u0131yorum\u201d ifadelerini kulland\u0131.<\/span><br style=\"color: rgb(0, 0, 0); font-family: Tahoma, Arial, &quot;Times New Roman TUR&quot;, Verdana; font-size: 15px;\" \/><br \/>\n<span style=\"color: rgb(0, 0, 0); font-family: Tahoma, Arial, &quot;Times New Roman TUR&quot;, Verdana; font-size: 15px;\">Sanayinin en b\u00fcy\u00fck sorunlar\u0131ndan bir tanesinin kalifiye eleman bulunmas\u0131 noktas\u0131nda ya\u015fand\u0131\u011f\u0131na dikkat \u00e7eken Ta\u015fk\u0131n, meslek liseleri ve teknik liselerin bu noktadaki yetersizli\u011finden \u015fikayet\u00e7i oldu. Bu okullara \u00e7ok daha aktif ve dinamik bir yap\u0131 kazand\u0131r\u0131lmas\u0131 gerekti\u011fini vurgulayan Ta\u015fk\u0131n, \u201cMeslek liseleri olmazsa, kalifiye personel bulunmazsa sanayi sekt\u00f6r\u00fcn\u00fcn gelece\u011fi de olmaz. G\u00fc\u00e7l\u00fc bir sanayi, g\u00fc\u00e7l\u00fc \u00fcretim i\u00e7in iyi yeti\u015fmi\u015f i\u015f g\u00fcc\u00fcne ihtiya\u00e7 var. Okullarda verilen e\u011fitimin kalitesi art\u0131r\u0131lmal\u0131 ve e\u011fitim kurumlar\u0131 sanayiyle i\u015fbirli\u011fini art\u0131rmal\u0131d\u0131r. Bu noktada biz sanayicilere de b\u00fcy\u00fck g\u00f6revler d\u00fc\u015f\u00fcyor. \u00d6rne\u011fin bu okullardan gelen stajyerleri \u00e7ok iyi de\u011ferlendirmeliyiz. \u0130\u015fin prati\u011finin \u00f6\u011fretilmesi noktas\u0131nda elimizden gelen deste\u011fi vermeliyiz. Ayr\u0131ca staj konusunda da d\u00fczenlemeye gidilmeli. \u00d6\u011frencinin art\u0131k mezun olaca\u011f\u0131, \u00fcniversite s\u0131nav\u0131 tela\u015f\u0131na d\u00fc\u015fece\u011fi son s\u0131n\u0131fta staj yap\u0131lmas\u0131n\u0131 do\u011fru bulmuyorum. E\u011fer bu mesle\u011fin ger\u00e7ekten \u00f6\u011frenilmesi bekleniyorsa zorunlu staj 3\u2019\u00fcnc\u00fc s\u0131n\u0131fta ba\u015flamal\u0131&#8221; diye konu\u015ftu.<\/span><br style=\"color: rgb(0, 0, 0); font-family: Tahoma, Arial, &quot;Times New Roman TUR&quot;, Verdana; font-size: 15px;\" \/><br \/>\n<span style=\"color: rgb(0, 0, 0); font-family: Tahoma, Arial, &quot;Times New Roman TUR&quot;, Verdana; font-size: 15px;\">Sanayi ortam\u0131n\u0131n \u00f6\u011frenciler taraf\u0131ndan \u00e7ok s\u0131cak kar\u015f\u0131lanmad\u0131\u011f\u0131na, bu nedenle bu alanda \u00e7al\u0131\u015fmay\u0131 tercih eden gen\u00e7 n\u00fcfusun giderek azald\u0131\u011f\u0131na da dikkat \u00e7eken Ta\u015fk\u0131n, bunun i\u00e7in de sanayicilerin s\u0131k s\u0131k meslek lisesi ziyaretleri yaparak ortam\u0131 anlatmalar\u0131, \u00f6\u011frencileri sanayide \u00e7al\u0131\u015fmalar\u0131 noktas\u0131nda motive edici bir tutum izlemeleri gerekti\u011fini s\u00f6yledi. Sekt\u00f6re yeni yeni hareket gelmeye ba\u015flad\u0131\u011f\u0131na da de\u011finen Ta\u015fk\u0131n, \u00f6zellikle Ramazan ay\u0131 ile birlikte ciddi talepler al\u0131nmaya ba\u015flad\u0131\u011f\u0131n\u0131 s\u00f6yledi. \u201cBir s\u00fcredir gerek se\u00e7imler, gerek referandum nedeniyle firmalar yat\u0131r\u0131mlar\u0131n\u0131 erteliyordu\u201d diyen Ta\u015fk\u0131n, \u201cBug\u00fcn ise sanayici istikrar\u0131 g\u00f6rerek yat\u0131r\u0131ma ba\u015flad\u0131. Son bir y\u0131ld\u0131r ertelenen talepleri almaya ba\u015flad\u0131k. Sekt\u00f6rde i\u015f hacminde y\u00fczde 80\u2019e yak\u0131n art\u0131\u015f var&#8221; \u015feklinde konu\u015ftu.<\/span><br style=\"color: rgb(0, 0, 0); font-family: Tahoma, Arial, &quot;Times New Roman TUR&quot;, Verdana; font-size: 15px;\" \/><br \/>\n<br style=\"color: rgb(0, 0, 0); font-family: Tahoma, Arial, &quot;Times New Roman TUR&quot;, Verdana; font-size: 15px;\" \/><br \/>\n<span style=\"color: rgb(0, 0, 0); font-family: Tahoma, Arial, &quot;Times New Roman TUR&quot;, Verdana; font-size: 15px;\">&#8220;Maalesef \u00fclkemizde i\u015fsizlik oldu\u011funa inanm\u0131yorum&#8221;<\/span><br style=\"color: rgb(0, 0, 0); font-family: Tahoma, Arial, &quot;Times New Roman TUR&quot;, Verdana; font-size: 15px;\" \/><br \/>\n<span style=\"color: rgb(0, 0, 0); font-family: Tahoma, Arial, &quot;Times New Roman TUR&quot;, Verdana; font-size: 15px;\">Taleplerdeki art\u0131\u015fa ra\u011fmen kalifiye eleman bulunamamas\u0131 nedeniyle bu talepleri istenilen h\u0131zda yan\u0131tlayamad\u0131klar\u0131n\u0131 belirten Ta\u015fk\u0131n, \u201cMaalesef \u00fclkemizde i\u015fsizlik oldu\u011funa inanm\u0131yorum. \u0130\u015f var, piyasalar da hareketli ama \u00fclkemizde kalifiye eleman s\u0131k\u0131nt\u0131s\u0131 olmas\u0131 nedeniyle i\u015fe uygun personel bulam\u0131yoruz. Bu nedenle elimizdeki i\u015fi bilen, kaliteli personelimizle \u00fcstesinden gelebilece\u011fimiz kadar i\u015fi almaya \u00e7al\u0131\u015f\u0131yoruz. Sanayide autocad, solid gibi programlar\u0131, CNC makinelerini kullanabilecek personele ihtiya\u00e7 var. Bir \u00fclkenin ekonomisinin canlanmas\u0131 i\u00e7in sanayi \u015fart. \u0130n\u015faat sekt\u00f6r\u00fc ile \u00fclke ilerlemez. Bir evde oturmak i\u00e7in para kazanman\u0131z laz\u0131m. Para i\u00e7in de \u00fcretim, teknoloji laz\u0131m. Biz in\u015faat\u0131n temel ta\u015flar\u0131y\u0131z. \u0130n\u015faat\u0131n ayakta kalmas\u0131 i\u00e7in in\u015faat demirine ihtiya\u00e7 oldu\u011fu gibi sanayinin de devam\u0131 i\u00e7in kalifiye personel \u015fart. Daha \u00e7ok gencimizi, \u00f6zellikle bayanlar\u0131m\u0131z\u0131 sanayide \u00e7al\u0131\u015f\u0131r g\u00f6rmek en b\u00fcy\u00fck arzumuz. Bunun sa\u011flanmas\u0131 i\u00e7in t\u00fcm kurumlar \u00fczerine d\u00fc\u015fen g\u00f6revleri yerine getirmeli ve bu soruna h\u0131zla \u00e7\u00f6z\u00fcm \u00fcretilmeli\u201d dedi.<\/span><br style=\"color: rgb(0, 0, 0); font-family: Tahoma, Arial, &quot;Times New Roman TUR&quot;, Verdana; font-size: 15px;\" \/><br \/>\n<span style=\"color: rgb(0, 0, 0); font-family: Tahoma, Arial, &quot;Times New Roman TUR&quot;, Verdana; font-size: 15px;\">Sanayinin geli\u015fmesi, \u00fcretimin artmas\u0131 i\u00e7in teknolojinin de sanayicinin odak noktas\u0131 olmas\u0131 gerekti\u011fini ifade eden Ta\u015fk\u0131n, Mersinli sanayicilerin hen\u00fcz teknoloji kullan\u0131m\u0131na istenilen \u00f6l\u00e7\u00fcde hakim olmad\u0131\u011f\u0131na de\u011findi. Bu nedenle yap\u0131lan teknoloji yat\u0131r\u0131mlar\u0131n\u0131n bir b\u00f6l\u00fcm\u00fcnden istenilen sonu\u00e7lar\u0131n al\u0131namad\u0131\u011f\u0131n\u0131, bu makinelerle \u00fcretilen \u00fcr\u00fcnlere de talep gelmedi\u011fini kaydeden Ta\u015fk\u0131n, \u201cArt\u0131k teknoloji hayat\u0131m\u0131z\u0131n her alan\u0131na girmi\u015f durumda. Kim bu teknolojiyi daha \u00e7abuk benimseyip sekt\u00f6r\u00fcne adapte edebilirse o firma bir ad\u0131m \u00f6ne \u00e7\u0131kacak. Bu alanda da bilin\u00e7lenmemiz ad\u0131na \u00e7al\u0131\u015fma y\u00fcr\u00fctmeli, katma de\u011feri y\u00fcksek \u00fcr\u00fcn \u00fcretimine y\u00f6nelmeliyiz\u201d diye konu\u015ftu.<\/span><\/p>\n","protected":false},"excerpt":{"rendered":"<p>T\u00fcrkiye\u2019de son d\u00f6nemlerde b\u00fcy\u00fcmenin in\u015faat sekt\u00f6r\u00fcne dayand\u0131\u011f\u0131na dikkat \u00e7eken MTSO 32 No\u2019lu Metal Sanayi Meslek Komitesi Ba\u015fkan\u0131 Bilge Ta\u015fk\u0131n, bir \u00fclke ekonomisini canland\u0131racak \u00f6nemli sekt\u00f6rlerin ba\u015f\u0131nda \u00fcretimin, yani sanayinin geldi\u011fini &hellip; <a href=\"https:\/\/akdenizolaygazetesi.com\/?p=1412\" class=\"more-link\">Devam\u0131n\u0131 Oku&#8230;<\/a><\/p>\n","protected":false},"author":1,"featured_media":0,"comment_status":"open","ping_status":"open","sticky":false,"template":"","format":"standard","meta":[],"categories":[],"tags":[],"_links":{"self":[{"href":"https:\/\/akdenizolaygazetesi.com\/index.php?rest_route=\/wp\/v2\/posts\/1412"}],"collection":[{"href":"https:\/\/akdenizolaygazetesi.com\/index.php?rest_route=\/wp\/v2\/posts"}],"about":[{"href":"https:\/\/akdenizolaygazetesi.com\/index.php?rest_route=\/wp\/v2\/types\/post"}],"author":[{"embeddable":true,"href":"https:\/\/akdenizolaygazetesi.com\/index.php?rest_route=\/wp\/v2\/users\/1"}],"replies":[{"embeddable":true,"href":"https:\/\/akdenizolaygazetesi.com\/index.php?rest_route=%2Fwp%2Fv2%2Fcomments&post=1412"}],"version-history":[{"count":0,"href":"https:\/\/akdenizolaygazetesi.com\/index.php?rest_route=\/wp\/v2\/posts\/1412\/revisions"}],"wp:attachment":[{"href":"https:\/\/akdenizolaygazetesi.com\/index.php?rest_route=%2Fwp%2Fv2%2Fmedia&parent=1412"}],"wp:term":[{"taxonomy":"category","embeddable":true,"href":"https:\/\/akdenizolaygazetesi.com\/index.php?rest_route=%2Fwp%2Fv2%2Fcategories&post=1412"},{"taxonomy":"post_tag","embeddable":true,"href":"https:\/\/akdenizolaygazetesi.com\/index.php?rest_route=%2Fwp%2Fv2%2Ftags&post=1412"}],"curies":[{"name":"wp","href":"https:\/\/api.w.org\/{rel}","templated":true}]}}