{"id":14121,"date":"2021-09-11T22:32:58","date_gmt":"2021-09-11T19:32:58","guid":{"rendered":"http:\/\/akdenizolaygazetesi.com\/?p=14121"},"modified":"2021-09-11T22:32:58","modified_gmt":"2021-09-11T19:32:58","slug":"turkiyede-ilk-cevre-master-planini-gerceklestiren-buyuksehir-belediyesiyiz","status":"publish","type":"post","link":"https:\/\/akdenizolaygazetesi.com\/?p=14121","title":{"rendered":"\u201cT\u00dcRK\u0130YE\u2019DE \u0130LK \u00c7EVRE MASTER PLANI\u2019NI GER\u00c7EKLE\u015eT\u0130REN B\u00dcY\u00dcK\u015eEH\u0130R BELED\u0130YES\u0130Y\u0130Z\u201d"},"content":{"rendered":"<p>Mersin B\u00fcy\u00fck\u015fehir Belediye Ba\u015fkan\u0131 Vahap Se\u00e7er, \u00c7evre M\u00fchendisleri Odas\u0131 Mersin \u015eubesi\u2019nin ger\u00e7ekle\u015ftirdi\u011fi \u2018Meslekte Onur Y\u0131l\u0131 Plaket T\u00f6reni\u2019ne kat\u0131ld\u0131. B\u00fcy\u00fck\u015fehir Belediyesi Kongre ve Sergi Saray\u0131\u2019nda ger\u00e7ekle\u015ftirilen t\u00f6rende, meslekte 10, 20 ve 30 y\u0131l emek vermi\u015f m\u00fchendislere plaket takdim edildi. Ba\u015fkan Se\u00e7er, Mersin B\u00fcy\u00fck\u015fehir Belediyesi olarak \u00e7evrenin korunmas\u0131 i\u00e7in yapt\u0131klar\u0131 \u00e7al\u0131\u015fmalar\u0131 anlatarak, \u201c\u0130n\u015fallah hep beraber \u00e7ok daha g\u00fczel i\u015fleri ba\u015faraca\u011f\u0131z\u201d dedi.<\/p>\n<p>Ba\u015fkan Se\u00e7er, d\u00fczenlenen t\u00f6rende, ge\u00e7mi\u015f d\u00f6nemlerde \u00c7evre M\u00fchendisleri Odas\u0131 Mersin \u015eubesi temsilcili\u011fi yapm\u0131\u015f Odan\u0131n Y\u00fcksek Onur Kurulu \u00fcyesi Zehra Korkmaz, B\u00fcy\u00fck\u015fehir Belediyesi \u00c7evre Koruma ve Kontrol Dairesi Ba\u015fkan\u0131 Dr. B\u00fclent Halisdemir, \u00c7evre M\u00fchendisi Cenk Cenkcimeno\u011flu ve \u00c7evre M\u00fchendisleri Odas\u0131 Ba\u015fkan\u0131 Dr. Sinan Can\u2019a plaket takdim etti.<\/p>\n<p>\u201cMersin\u2019e, T\u00fcrkiye\u2019ye ve d\u00fcnyaya \u00e7evre konusunda katk\u0131 vermeye \u00e7al\u0131\u015f\u0131yoruz\u201d<\/p>\n<p>\u00c7evre konusunda \u00e7ok de\u011ferli \u00e7al\u0131\u015fmalar yapan bir meslek grubuyla beraber olmaktan mutluluk duydu\u011funu belirten Ba\u015fkan Se\u00e7er, \u00e7evre konusunun kendisini de yak\u0131ndan ilgilendirdi\u011fini s\u00f6yledi. Konusunda uzman m\u00fchendislerle \u00e7al\u0131\u015ft\u0131klar\u0131n\u0131 ifade eden Se\u00e7er, \u201cBirlikte Mersin\u2019e, T\u00fcrkiye\u2019ye ve d\u00fcnyaya \u00e7evre konusunda katk\u0131 vermeye \u00e7al\u0131\u015f\u0131yoruz. Ben de bu meslekta\u015flar\u0131n\u0131zdan ald\u0131\u011f\u0131m bilgiler, y\u00f6nlendirmeler \u00e7er\u00e7evesinde karar\u0131m\u0131 veriyorum. Uzman olan sizin meslekta\u015flar\u0131n\u0131z\u201d diye konu\u015ftu.<\/p>\n<p>\u201c\u0130klim de\u011fi\u015fikli\u011fi temal\u0131 bir bilim merkezi kuruyoruz\u201d<\/p>\n<p>B\u00fcy\u00fck\u015fehir Belediyesi b\u00fcnyesinde de\u011ferli \u00e7al\u0131\u015fmalar yapt\u0131klar\u0131n\u0131 belirten Se\u00e7er, \u201c\u00c7evreden ald\u0131\u011f\u0131m intiba da bu. Bizim yeni d\u00f6nemde \u00f6nemli buldu\u011fum uygulamalar\u0131n ba\u015f\u0131nda \u2018\u0130klim De\u011fi\u015fikli\u011fi \u015eube M\u00fcd\u00fcrl\u00fc\u011f\u00fc\u2019n\u00fcn b\u00fcnyemizde olu\u015fturulmas\u0131 geliyor. Di\u011fer taraftan T\u00fcrkiye\u2019de bir ilk \u2018Peyzaj Master Plan\u0131\u2019 yapan bir B\u00fcy\u00fck\u015fehir Belediyesiyiz. Hem o \u00e7al\u0131\u015fmalarda \u00e7evre m\u00fchendislerine yer veriyoruz hem de yapt\u0131\u011f\u0131m\u0131z naz\u0131m plan \u00e7al\u0131\u015fmalar\u0131nda m\u00fchendis arkada\u015flar\u0131m\u0131zdan yararlan\u0131yoruz. Bunun yan\u0131nda bizim uygular\u0131m\u0131zda ba\u015fta ki Hatay, Adana, Mersin, Antalya B\u00fcy\u00fck\u015fehir Belediyeleri ve Ortado\u011fu Teknik \u00dcniversitesi gibi payda\u015flarla beraber alt\u0131na imza att\u0131\u011f\u0131m\u0131z \u2018Temiz Akdeniz Projesi\u2019 kapsam\u0131nda da \u00f6nemli, de\u011ferli \u00e7al\u0131\u015fmalar yap\u0131yoruz. Yine iklim de\u011fi\u015fikli\u011fi temal\u0131 bir Bilim Merkezi kuruyoruz. Orada ilk\u00f6\u011fretimde, lisede hatta \u00fcniversitede e\u011fitim g\u00f6ren gen\u00e7 dima\u011flar\u0131n \u00e7evre hassasiyetini art\u0131r\u0131c\u0131 baz\u0131 projeksiyonlar yapt\u0131 arkada\u015flar\u0131m\u0131z. Umut ediyorum k\u0131sa s\u00fcre i\u00e7erisinde de bunu Mersin\u2019e kazand\u0131raca\u011f\u0131z. G\u00fczel bir iklim temal\u0131 bilim merkezimiz olacak\u201d ifadelerini kulland\u0131.<\/p>\n<p>\u201c\u00c7evreyi kirletenlere ac\u0131mas\u0131z bir reaksiyon g\u00f6steriyoruz\u201d<\/p>\n<p>\u00c7evre konusunda \u00e7ok s\u0131k\u0131 denetimler yapt\u0131klar\u0131n\u0131 da s\u00f6yleyen Ba\u015fkan Se\u00e7er, \u201cAkdeniz\u2019de \u00f6zellikle deniz kirlili\u011fi ile ilgili \u00c7evre Bakanl\u0131\u011f\u0131\u2019n\u0131n mevzuatlar \u00e7er\u00e7evesinde bize y\u00fckledi\u011fi koordinatlarla \u00e7ok a\u011f\u0131r cezalar yaz\u0131yoruz\u201d diye konu\u015ftu. Se\u00e7er, \u00e7evreyi kirletenlere en a\u011f\u0131r cezalar\u0131 uygulad\u0131klar\u0131n\u0131 ifade ederek, \u201cBurada t\u0131rnak i\u00e7erisinde s\u00f6yleyeyim, yanl\u0131\u015f olmas\u0131n ama \u00e7ok ac\u0131mas\u0131z davran\u0131yoruz. \u00c7\u00fcnk\u00fc onlar \u00e7evreye ac\u0131mas\u0131z davran\u0131nca biz de b\u00f6yle bir reaksiyon g\u00f6steriyoruz\u201d dedi.<\/p>\n<p>Mesle\u011fe y\u0131llar\u0131n\u0131 veren m\u00fchendislere temsili birer plaket sunacaklar\u0131n\u0131 kaydeden Se\u00e7er, \u201cUmut ediyorum g\u00f6rev yapan t\u00fcm meslekta\u015flar\u0131n\u0131z da uzun y\u0131llar bu meslekte Mersinimize, \u00fclkemize, d\u00fcnyam\u0131za \u00f6nemli katk\u0131lar yaparlar. Ba\u015far\u0131lar diliyorum. \u0130n\u015fallah hep beraber \u00e7ok daha g\u00fczel i\u015fleri ba\u015faraca\u011f\u0131z\u201d diye konu\u015ftu.  <\/p>\n<p>\u201cMersin ger\u00e7ekten de \u00e7ok iyi bir Belediye Ba\u015fkan\u0131 kazand\u0131\u201d<\/p>\n<p>Odan\u0131n Y\u00fcksek Onur Kurulu \u00fcyelerinden Zehra Korkmaz, Ba\u015fkan Se\u00e7er\u2019in elinden plaket almaktan duydu\u011fu memnuniyeti dile getirerek, \u201c\u00c7\u00fcnk\u00fc siyaseten kendisini rol model olarak ald\u0131\u011f\u0131m ve kendisinden de \u00e7ok \u015fey \u00f6\u011frendi\u011fimiz bir insan. Ayn\u0131 zamanda da \u00e7evre duyarl\u0131l\u0131\u011f\u0131n\u0131, \u00e7evreye olan hassasiyetini bildi\u011fim bir Belediye Ba\u015fkan\u0131. O noktada da Mersin ger\u00e7ekten de \u00e7ok iyi bir Belediye Ba\u015fkan\u0131 kazand\u0131 diye d\u00fc\u015f\u00fcn\u00fcyorum. Kendisine \u00e7ok te\u015fekk\u00fcr ediyorum\u201d dedi.<\/p>\n","protected":false},"excerpt":{"rendered":"<p>Mersin B\u00fcy\u00fck\u015fehir Belediye Ba\u015fkan\u0131 Vahap Se\u00e7er, \u00c7evre M\u00fchendisleri Odas\u0131 Mersin \u015eubesi\u2019nin ger\u00e7ekle\u015ftirdi\u011fi \u2018Meslekte Onur Y\u0131l\u0131 Plaket T\u00f6reni\u2019ne kat\u0131ld\u0131. B\u00fcy\u00fck\u015fehir Belediyesi Kongre ve Sergi Saray\u0131\u2019nda ger\u00e7ekle\u015ftirilen t\u00f6rende, meslekte 10, 20 ve &hellip; <a href=\"https:\/\/akdenizolaygazetesi.com\/?p=14121\" class=\"more-link\">Devam\u0131n\u0131 Oku&#8230;<\/a><\/p>\n","protected":false},"author":2,"featured_media":14122,"comment_status":"open","ping_status":"open","sticky":false,"template":"","format":"standard","meta":[],"categories":[2,3,5],"tags":[],"_links":{"self":[{"href":"https:\/\/akdenizolaygazetesi.com\/index.php?rest_route=\/wp\/v2\/posts\/14121"}],"collection":[{"href":"https:\/\/akdenizolaygazetesi.com\/index.php?rest_route=\/wp\/v2\/posts"}],"about":[{"href":"https:\/\/akdenizolaygazetesi.com\/index.php?rest_route=\/wp\/v2\/types\/post"}],"author":[{"embeddable":true,"href":"https:\/\/akdenizolaygazetesi.com\/index.php?rest_route=\/wp\/v2\/users\/2"}],"replies":[{"embeddable":true,"href":"https:\/\/akdenizolaygazetesi.com\/index.php?rest_route=%2Fwp%2Fv2%2Fcomments&post=14121"}],"version-history":[{"count":1,"href":"https:\/\/akdenizolaygazetesi.com\/index.php?rest_route=\/wp\/v2\/posts\/14121\/revisions"}],"predecessor-version":[{"id":14123,"href":"https:\/\/akdenizolaygazetesi.com\/index.php?rest_route=\/wp\/v2\/posts\/14121\/revisions\/14123"}],"wp:featuredmedia":[{"embeddable":true,"href":"https:\/\/akdenizolaygazetesi.com\/index.php?rest_route=\/wp\/v2\/media\/14122"}],"wp:attachment":[{"href":"https:\/\/akdenizolaygazetesi.com\/index.php?rest_route=%2Fwp%2Fv2%2Fmedia&parent=14121"}],"wp:term":[{"taxonomy":"category","embeddable":true,"href":"https:\/\/akdenizolaygazetesi.com\/index.php?rest_route=%2Fwp%2Fv2%2Fcategories&post=14121"},{"taxonomy":"post_tag","embeddable":true,"href":"https:\/\/akdenizolaygazetesi.com\/index.php?rest_route=%2Fwp%2Fv2%2Ftags&post=14121"}],"curies":[{"name":"wp","href":"https:\/\/api.w.org\/{rel}","templated":true}]}}