{"id":14125,"date":"2021-09-12T10:02:42","date_gmt":"2021-09-12T07:02:42","guid":{"rendered":"http:\/\/akdenizolaygazetesi.com\/?p=14125"},"modified":"2021-09-12T10:02:42","modified_gmt":"2021-09-12T07:02:42","slug":"buyuksehir-10-yeni-engelsiz-rampayi-plajlara-yerlestirdi","status":"publish","type":"post","link":"https:\/\/akdenizolaygazetesi.com\/?p=14125","title":{"rendered":"B\u00dcY\u00dcK\u015eEH\u0130R, 10 YEN\u0130 \u2018ENGELS\u0130Z RAMPA\u2019YI PLAJLARA YERLE\u015eT\u0130RD\u0130"},"content":{"rendered":"<p>Mersin B\u00fcy\u00fck\u015fehir Belediyesi Fen \u0130\u015fleri Dairesi\u2019ne ba\u011fl\u0131 marangozhanede \u00fcretilen 10 yeni \u2018Engelsiz Rampa\u2019, Denizk\u0131z\u0131 Turizm A.\u015e. taraf\u0131ndan i\u015fletilen halk plajlar\u0131na yerle\u015ftirildi. Bu sayede y\u00fcr\u00fcme engeli bulunan vatanda\u015flar\u0131n denize daha rahat girebilmelerine olanak sa\u011fland\u0131. Tekerlekli sandalyeleri ile denize giren y\u00fcr\u00fcme engelli vatanda\u015flar denizin \u00e7\u0131kar\u0131yor<\/p>\n<p>B\u00fcy\u00fck\u015fehir\u2019in i\u015fletti\u011fi 9 plaj daha \u2018Engelsiz Rampa\u2019ya kavu\u015ftu<\/p>\n<p>Engelli vatanda\u015flar, k\u0131sa s\u00fcre \u00f6ncesine kadar B\u00fcy\u00fck\u015fehir Belediyesi\u2019ne ba\u011fl\u0131 Denizk\u0131z\u0131 Turizm A.\u015e.\u2019nin i\u015fletti\u011fi 12 halk plaj\u0131ndan 3\u2019\u00fcnde bulunan \u2018Engelsiz Rampa\u2019 sayesinde kimsenin yard\u0131m\u0131na ihtiya\u00e7 duymadan denize girebiliyordu. K\u0131zkalesi, Susano\u011flu ve Yemi\u015fkumu\u2019nda bulunan rampalara ek olarak, B\u00fcy\u00fck\u015fehir\u2019in i\u015fletti\u011fi 9 plaja daha \u2018Engelsiz Rampa\u2019 yerle\u015ftirildi.<\/p>\n<p>Y\u00fcr\u00fcme engeli bulunan vatanda\u015flar\u0131n hizmetine sunulan \u2018Engelsiz Rampa\u2019lar Makine \u0130kmal Sahas\u0131\u2019ndaki marangozhanede Fen \u0130\u015fleri Dairesi personelleri taraf\u0131ndan \u00fcretildi. B\u00fcy\u00fck\u015fehir, bu \u00fcretimleri kendi at\u00f6lyelerinde ger\u00e7ekle\u015ftirerek bir yandan da tasarruf sa\u011flad\u0131.<\/p>\n<p> \u201cAt\u00f6lyelerimizde \u2018Engelsiz Rampa\u2019lar\u0131 imal ediyoruz\u201d<\/p>\n<p>Fen \u0130\u015fleri Dairesi Yap\u0131m Bak\u0131m Onar\u0131m \u015eubesi\u2019ne ba\u011fl\u0131 at\u00f6lyelerde bak\u0131m onar\u0131m sorumlusu olarak g\u00f6rev yapan \u0130n\u015faat M\u00fchendisi Caner Co\u015fkun, \u2018Engelsiz Rampa\u2019 imalat\u0131yla ilgili olarak, \u201cEngelli bireylerimizin daha rahat, kendi imkanlar\u0131yla, kimseye muhta\u00e7 olmadan denize girebilmeleri ad\u0131na at\u00f6lyelerimizde Engelsiz Rampalar\u0131 imal ediyoruz. Mersin B\u00fcy\u00fck\u015fehir Belediyesi olarak Mersin\u2019de engelleri bir bir kald\u0131r\u0131yoruz\u201d dedi.<\/p>\n<p>\u201cEngelsiz rampalardan \u00e7ok rahat bir \u015fekilde sahilden denize y\u00fczmeye girebiliyorlar\u201d<\/p>\n<p>B\u00fcy\u00fck\u015fehir Belediyesi Engelliler ve Sa\u011fl\u0131k Hizmetleri Dairesi\u2019nde beden e\u011fitimi \u00f6\u011fretmeni ve y\u00fczme antren\u00f6r\u00fc olarak g\u00f6rev yapan B\u00fc\u015fra Endes, engelli vatanda\u015flar\u0131n plajlarda kendi ba\u015flar\u0131na vakit ge\u00e7irebilmeleri ve ihtiya\u00e7lar\u0131n\u0131 giderebilmeleri i\u00e7in b\u00fct\u00fcn ayr\u0131nt\u0131lar\u0131n d\u00fc\u015f\u00fcld\u00fc\u011f\u00fcn\u00fc ifade ederek, \u015funlar\u0131 s\u00f6yledi:<\/p>\n<p>\u201cBug\u00fcn Susano\u011flu plaj\u0131nday\u0131z. Denizk\u0131z\u0131 Turizm A.\u015e. taraf\u0131ndan yap\u0131lan engelli yolu, Engelsiz Rampalarla birle\u015fiyor. \u00d6zel gereksinimli vatanda\u015flar\u0131m\u0131z \u2018Engelsiz Rampa\u2019lardan \u00e7ok rahat bir \u015fekilde sahilden denize girebiliyor. Ayn\u0131 zamanda ihtiya\u00e7lar\u0131n\u0131 kar\u015f\u0131lamak i\u00e7in lavabolar\u0131 var, oray\u0131 da \u00e7ok rahat bir \u015fekilde kendi ba\u015flar\u0131na kullanabiliyorlar. G\u00fcne\u015flenmek isteyen vatanda\u015flar\u0131m\u0131z i\u00e7in burada \u00fccretsiz \u015fezlong hizmetleri var, \u015fezlonglardan yararlanabiliyorlar. Sahilden denize \u00e7ok kolay, yard\u0131ms\u0131z bir \u015fekilde girebiliyorlar. Onlar i\u00e7in m\u00fckemmel bir hizmet oldu, \u00e7ok da memnunlar. \u015eu anda da \u00e7ok mutlular.\u201d<\/p>\n<p>\u201cEngelsiz Rampa\u2019y\u0131 ilk defa kulland\u0131m, bu sene ilk denize giri\u015fim\u201d<\/p>\n<p>B\u00fcy\u00fck\u015fehir\u2019in engelleri kald\u0131ran \u00e7al\u0131\u015fmalar\u0131 sayesinde daha sosyal bir ya\u015fama kavu\u015ftu\u011funu belirten ve \u2018Engelsiz Rampa\u2019y\u0131 kullanarak denize giren Sabahattin \u015eat, \u201c\u015eu anda ald\u0131\u011f\u0131m hizmetten \u00e7ok memnunum. Say\u0131n Ba\u015fkan\u0131m\u0131za \u00e7ok te\u015fekk\u00fcr ediyorum. Ben 10 ayl\u0131k bir engelli vatanda\u015f olarak ilk defa \u2018Engelsiz Rampa\u2019ya gelip denize girdim. Bu sene ilk denize giri\u015fim. Ald\u0131\u011f\u0131m\u0131z hizmet kusursuz ve buradaki personellerin hepsi birbirinden de\u011ferli. Bana yard\u0131mc\u0131 olduklar\u0131 i\u00e7in \u00e7ok te\u015fekk\u00fcr ediyorum. Bu \u00fccretsiz bir hizmet. Bir engelli vatanda\u015f olarak \u00e7\u0131k\u0131p buraya gelmem, bu denize girmem, sosyalle\u015fmem sa\u011f olsun Ba\u015fkan\u0131m\u0131z sayesinde. Ya\u015fam\u0131m\u0131 biraz daha aktifle\u015ftirdi, g\u00fczelle\u015ftirdi o y\u00fczden te\u015fekk\u00fcr ederim\u201d dedi.<\/p>\n<p>\u201cBa\u015fkan\u0131m\u0131z sayesinde hayat ko\u015fullar\u0131m\u0131z biraz daha kolayla\u015ft\u0131\u201d<\/p>\n<p>Yap\u0131lan hizmetlerle ya\u015fam ko\u015fullar\u0131n\u0131n kolayla\u015ft\u0131\u011f\u0131n\u0131 belirten Mehmet Salih Durmaz, \u201cBa\u015fkan\u0131m\u0131z sayesinde hayat ko\u015fullar\u0131m\u0131z biraz daha kolayla\u015ft\u0131. Geldik buraya \u2018Engelsiz Rampa\u2019m\u0131z var, ondan yararland\u0131k. \u015eezlonglar\u0131m\u0131z bizlere \u00fccretsiz. Bireysel geldi\u011fimizde dahi burada bize yard\u0131mc\u0131 olacak bir s\u00fcr\u00fc arkada\u015f var. Hepsinden Allah raz\u0131 olsun, i\u015fleri g\u00fc\u00e7leri rast gitsin. Kendimizi engelli bireyler olarak g\u00f6rm\u00fcyoruz. Sa\u011flam insanlardan daha rahat hissediyoruz \u00e7\u00fcnk\u00fc Ba\u015fkan\u0131m\u0131z ya\u015fam ko\u015fullar\u0131m\u0131z\u0131 \u00e7ok kolayla\u015ft\u0131rd\u0131. Ben bunu g\u00f6rd\u00fcm, bu rahatl\u0131\u011f\u0131 ya\u015fad\u0131m\u201d diye konu\u015ftu.<\/p>\n","protected":false},"excerpt":{"rendered":"<p>Mersin B\u00fcy\u00fck\u015fehir Belediyesi Fen \u0130\u015fleri Dairesi\u2019ne ba\u011fl\u0131 marangozhanede \u00fcretilen 10 yeni \u2018Engelsiz Rampa\u2019, Denizk\u0131z\u0131 Turizm A.\u015e. taraf\u0131ndan i\u015fletilen halk plajlar\u0131na yerle\u015ftirildi. Bu sayede y\u00fcr\u00fcme engeli bulunan vatanda\u015flar\u0131n denize daha rahat &hellip; <a href=\"https:\/\/akdenizolaygazetesi.com\/?p=14125\" class=\"more-link\">Devam\u0131n\u0131 Oku&#8230;<\/a><\/p>\n","protected":false},"author":2,"featured_media":14126,"comment_status":"open","ping_status":"open","sticky":false,"template":"","format":"standard","meta":[],"categories":[3,5],"tags":[],"_links":{"self":[{"href":"https:\/\/akdenizolaygazetesi.com\/index.php?rest_route=\/wp\/v2\/posts\/14125"}],"collection":[{"href":"https:\/\/akdenizolaygazetesi.com\/index.php?rest_route=\/wp\/v2\/posts"}],"about":[{"href":"https:\/\/akdenizolaygazetesi.com\/index.php?rest_route=\/wp\/v2\/types\/post"}],"author":[{"embeddable":true,"href":"https:\/\/akdenizolaygazetesi.com\/index.php?rest_route=\/wp\/v2\/users\/2"}],"replies":[{"embeddable":true,"href":"https:\/\/akdenizolaygazetesi.com\/index.php?rest_route=%2Fwp%2Fv2%2Fcomments&post=14125"}],"version-history":[{"count":1,"href":"https:\/\/akdenizolaygazetesi.com\/index.php?rest_route=\/wp\/v2\/posts\/14125\/revisions"}],"predecessor-version":[{"id":14127,"href":"https:\/\/akdenizolaygazetesi.com\/index.php?rest_route=\/wp\/v2\/posts\/14125\/revisions\/14127"}],"wp:featuredmedia":[{"embeddable":true,"href":"https:\/\/akdenizolaygazetesi.com\/index.php?rest_route=\/wp\/v2\/media\/14126"}],"wp:attachment":[{"href":"https:\/\/akdenizolaygazetesi.com\/index.php?rest_route=%2Fwp%2Fv2%2Fmedia&parent=14125"}],"wp:term":[{"taxonomy":"category","embeddable":true,"href":"https:\/\/akdenizolaygazetesi.com\/index.php?rest_route=%2Fwp%2Fv2%2Fcategories&post=14125"},{"taxonomy":"post_tag","embeddable":true,"href":"https:\/\/akdenizolaygazetesi.com\/index.php?rest_route=%2Fwp%2Fv2%2Ftags&post=14125"}],"curies":[{"name":"wp","href":"https:\/\/api.w.org\/{rel}","templated":true}]}}