{"id":1413,"date":"2020-11-04T18:21:58","date_gmt":"2020-11-04T15:21:58","guid":{"rendered":"http:\/\/mersinekonomipolitikagazetesi.com\/?p=1413"},"modified":"2020-11-04T18:21:58","modified_gmt":"2020-11-04T15:21:58","slug":"meude-genc-hekimler-meslek-hayatlarina-ugurlandi","status":"publish","type":"post","link":"https:\/\/akdenizolaygazetesi.com\/?p=1413","title":{"rendered":"ME\u00dc&#8217;de gen\u00e7 hekimler meslek hayatlar\u0131na u\u011furland\u0131"},"content":{"rendered":"<p>Mersin \u00dcniversitesi (ME\u00dc) T\u0131p Fak\u00fcltesi 14. d\u00f6nem mezunlar\u0131, \u00c7iftlikk\u00f6y Kamp\u00fcs\u00fc Amfi Tiyatro&#8217;da d\u00fczenlenen t\u00f6renle meslek hayatlar\u0131na u\u011furland\u0131.<\/p>\n<p><span style=\"color: rgb(0, 0, 0); font-family: Tahoma, Arial, &quot;Times New Roman TUR&quot;, Verdana; font-size: 15px;\">Mezunlar\u0131n alk\u0131\u015flar e\u015fli\u011finde sahneye giri\u015fiyle ba\u015flayan t\u00f6rende konu\u015fan Rekt\u00f6r Prof. Dr. Ahmet \u00c7amsar\u0131, gen\u00e7 hekimlerin mezuniyetinde bulunmaktan dolay\u0131 mutlu oldu\u011funu s\u00f6yledi. Mezunlar\u0131n aileleri kadar kendilerinin de heyecanl\u0131, mutlu ve gururlu olduklar\u0131n\u0131 kaydeden \u00c7amsar\u0131, &#8220;Bu kutsal mesle\u011fin ba\u015flang\u0131c\u0131nda bilmeniz gereken en \u00f6nemli \u015feylerden biri, mesle\u011finizin her \u015feyin \u00fczerinde oldu\u011fudur. Mesle\u011finizin de\u011feri hi\u00e7bir \u015fey ile \u00f6l\u00e7\u00fclemez. Sizler bu kutsal mesle\u011fi \u00f6\u011frenmek i\u00e7in, gerek altyap\u0131 olanaklar\u0131yla gerek akademik yap\u0131s\u0131yla kendini ispatlam\u0131\u015f g\u00fc\u00e7l\u00fc bir t\u0131p fak\u00fcltesinden mezun oldunuz. Bu nedenle Mersin \u00dcniversitesi kimli\u011fini gururla ta\u015f\u0131yabilirsiniz. Y\u00fcre\u011fi insan sa\u011fl\u0131\u011f\u0131na katk\u0131da bulunma arzusuyla dolu bu g\u00fczel mezunlar\u0131m\u0131z\u0131n mutlu ve huzurlu bir \u015fekilde mesleklerini icra etmelerini ve meslek hayatlar\u0131n\u0131n her an\u0131n\u0131n bug\u00fcnk\u00fc kadar mutlu ve huzurlu ge\u00e7mesini temenni ediyorum&#8221; dedi.<\/span><br style=\"color: rgb(0, 0, 0); font-family: Tahoma, Arial, &quot;Times New Roman TUR&quot;, Verdana; font-size: 15px;\" \/><br \/>\n<span style=\"color: rgb(0, 0, 0); font-family: Tahoma, Arial, &quot;Times New Roman TUR&quot;, Verdana; font-size: 15px;\">Fak\u00fcltenin ilk mezun say\u0131s\u0131n\u0131n 2003-2004 e\u011fitim-\u00f6\u011fretim y\u0131l\u0131nda 14, \u015fimdi ise 918 oldu\u011funu belirten Dekan Prof. Dr. Hakan \u00d6zt\u00fcrk de bu y\u0131l 158 gen\u00e7 hekimi meslek hayat\u0131na u\u011furlaman\u0131n gururunu ya\u015fad\u0131klar\u0131n\u0131 ifade etti. \u00d6zt\u00fcrk \u201cFak\u00fcltemizde toplamda bin 361 \u00f6\u011frenciye mezuniyet \u00f6ncesi t\u0131p e\u011fitimi, 245 ara\u015ft\u0131rma g\u00f6revlisine uzmanl\u0131k ve 30 uzman ara\u015ft\u0131rma g\u00f6revlisine yan dal uzmanl\u0131k e\u011fitimleri verilmektedir. Bug\u00fcn itibari ile b\u00fcy\u00fck \u00e7o\u011funlu\u011fu profes\u00f6rlerden olu\u015fan 216 \u00f6\u011fretim \u00fcyemiz bulunmaktad\u0131r. Kurumumuz y\u0131llar \u00f6nce ba\u015flat\u0131lan kalite \u00e7al\u0131\u015fmalar\u0131 ve al\u0131nan belgeler gere\u011fi s\u00fcrekli olarak i\u00e7 de\u011ferlendirme, \u00e7e\u015fitli kurumlar taraf\u0131ndan da d\u0131\u015f de\u011ferlendirme s\u00fcre\u00e7leri ile de\u011ferlendirilmektedir. Sevgili \u00f6\u011frencilerimiz, ilerde umar\u0131m akademiyi se\u00e7erek aran\u0131zdan \u00e7ok de\u011ferli bilim insanlar\u0131 da \u00e7\u0131kar. \u00c7\u00fcnk\u00fc \u00fclkemizin geli\u015fmesi i\u00e7in iyi yeti\u015fmi\u015f bilim insan\u0131na \u00e7ok ihtiya\u00e7 var. \u00c7evrenizdeki insanlara kar\u015f\u0131 i\u00e7inizde daima sevgi ve nezaket besleyin. Hastalar\u0131n\u0131za iyi davran\u0131n. G\u00fcl\u00fcmsemenin g\u00fcc\u00fcn\u00fc kullan\u0131n. Tedavi i\u00e7in yaln\u0131z t\u0131bbi bilgi yetmez. Tedavinin s\u0131rr\u0131 hastaya sayg\u0131yla ba\u015flar, sevgiyle tamamlan\u0131r&#8221; diye konu\u015ftu.<\/span><br style=\"color: rgb(0, 0, 0); font-family: Tahoma, Arial, &quot;Times New Roman TUR&quot;, Verdana; font-size: 15px;\" \/><br \/>\n<span style=\"color: rgb(0, 0, 0); font-family: Tahoma, Arial, &quot;Times New Roman TUR&quot;, Verdana; font-size: 15px;\">Konu\u015fmalar\u0131n ard\u0131ndan Genel Cerrahi Anabilim Dal\u0131 \u00f6\u011fretim \u00fcyesi Prof. Dr. Tamer Ak\u00e7a taraf\u0131ndan T\u0131p Fak\u00fcltesi 14. d\u00f6nem mezunlar\u0131na sembolik son ders verildi. Ak\u00e7a, teknolojinin modern t\u0131bb\u0131n en yak\u0131n destek\u00e7isi olsa da en yo\u011fun insan ili\u015fkisine dayal\u0131 hekimlik mesle\u011fine zaman zaman olumsuz etkisi oldu\u011funa dikkat \u00e7ekti. \u201cYenilikler konusunda hekimin mutlak g\u00f6revi daima a\u00e7\u0131k fikirli olmakt\u0131r\u201d diyen Ak\u00e7a, &#8220;G\u00fcn\u00fcm\u00fczde hekimlik, ba\u015far\u0131l\u0131 \u00f6\u011frencilerin bir tak\u0131m s\u0131navlar\u0131 ge\u00e7erek girdikleri bir fak\u00fclteden, yine bir tak\u0131m s\u0131navlar\u0131 ba\u015fararak mezun olduklar\u0131 ve sonras\u0131nda yine bir tak\u0131m s\u0131navlara girerek mesle\u011finin insani y\u00f6n\u00fcn\u00fcn ne oldu\u011funu alg\u0131layamadan alanlar\u0131nda uzman olduklar\u0131 bir s\u00fcre\u00e7 haline d\u00f6n\u00fc\u015fmekte. Oysa hekimlerin en \u00f6nemli g\u00f6revinin, insanlara en umutsuz hastal\u0131klarda dahi moral vermek ve sorunlara direnme g\u00fcc\u00fc sa\u011flamak oldu\u011fu ger\u00e7e\u011fi, insanl\u0131k var oldu\u011fu s\u00fcrece devam edecektir. \u0130nsan fakt\u00f6r\u00fcn\u00fcn yok say\u0131l\u0131p her hastan\u0131n \u2018bir olgu\u2019 olarak g\u00f6r\u00fclmemesi i\u00e7in hastayla sa\u011fl\u0131kl\u0131 ileti\u015fim kurmak ve ona dokunmak gereklili\u011fini asla akl\u0131n\u0131zdan \u00e7\u0131karmay\u0131n. Sizlerin birer bilgi-sayar de\u011fil, bilgi-sever ve insan-sever olman\u0131z\u0131 temenni ederek mezuniyetinizi kutluyorum\u201d ifadelerini kulland\u0131.<\/span><br style=\"color: rgb(0, 0, 0); font-family: Tahoma, Arial, &quot;Times New Roman TUR&quot;, Verdana; font-size: 15px;\" \/><br \/>\n<span style=\"color: rgb(0, 0, 0); font-family: Tahoma, Arial, &quot;Times New Roman TUR&quot;, Verdana; font-size: 15px;\">Dersin ard\u0131ndan \u00f6\u011frenciler kep atarak, mezuniyetin co\u015fkusunu ya\u015fad\u0131.<\/span><\/p>\n","protected":false},"excerpt":{"rendered":"<p>Mersin \u00dcniversitesi (ME\u00dc) T\u0131p Fak\u00fcltesi 14. d\u00f6nem mezunlar\u0131, \u00c7iftlikk\u00f6y Kamp\u00fcs\u00fc Amfi Tiyatro&#8217;da d\u00fczenlenen t\u00f6renle meslek hayatlar\u0131na u\u011furland\u0131. Mezunlar\u0131n alk\u0131\u015flar e\u015fli\u011finde sahneye giri\u015fiyle ba\u015flayan t\u00f6rende konu\u015fan Rekt\u00f6r Prof. Dr. Ahmet \u00c7amsar\u0131, &hellip; <a href=\"https:\/\/akdenizolaygazetesi.com\/?p=1413\" class=\"more-link\">Devam\u0131n\u0131 Oku&#8230;<\/a><\/p>\n","protected":false},"author":1,"featured_media":0,"comment_status":"open","ping_status":"open","sticky":false,"template":"","format":"standard","meta":[],"categories":[],"tags":[],"_links":{"self":[{"href":"https:\/\/akdenizolaygazetesi.com\/index.php?rest_route=\/wp\/v2\/posts\/1413"}],"collection":[{"href":"https:\/\/akdenizolaygazetesi.com\/index.php?rest_route=\/wp\/v2\/posts"}],"about":[{"href":"https:\/\/akdenizolaygazetesi.com\/index.php?rest_route=\/wp\/v2\/types\/post"}],"author":[{"embeddable":true,"href":"https:\/\/akdenizolaygazetesi.com\/index.php?rest_route=\/wp\/v2\/users\/1"}],"replies":[{"embeddable":true,"href":"https:\/\/akdenizolaygazetesi.com\/index.php?rest_route=%2Fwp%2Fv2%2Fcomments&post=1413"}],"version-history":[{"count":0,"href":"https:\/\/akdenizolaygazetesi.com\/index.php?rest_route=\/wp\/v2\/posts\/1413\/revisions"}],"wp:attachment":[{"href":"https:\/\/akdenizolaygazetesi.com\/index.php?rest_route=%2Fwp%2Fv2%2Fmedia&parent=1413"}],"wp:term":[{"taxonomy":"category","embeddable":true,"href":"https:\/\/akdenizolaygazetesi.com\/index.php?rest_route=%2Fwp%2Fv2%2Fcategories&post=1413"},{"taxonomy":"post_tag","embeddable":true,"href":"https:\/\/akdenizolaygazetesi.com\/index.php?rest_route=%2Fwp%2Fv2%2Ftags&post=1413"}],"curies":[{"name":"wp","href":"https:\/\/api.w.org\/{rel}","templated":true}]}}