{"id":14131,"date":"2021-09-13T11:17:42","date_gmt":"2021-09-13T08:17:42","guid":{"rendered":"http:\/\/akdenizolaygazetesi.com\/?p=14131"},"modified":"2021-09-13T11:17:42","modified_gmt":"2021-09-13T08:17:42","slug":"dunya-ilk-yardim-gununde-acil-vaka-ihbari-uzerine-geldiler-alkislarla-karsilandilar","status":"publish","type":"post","link":"https:\/\/akdenizolaygazetesi.com\/?p=14131","title":{"rendered":"&#8220;D\u00fcnya \u0130lk Yard\u0131m G\u00fcn\u00fc&#8217;nde Acil Vaka \u0130hbar\u0131 \u00dczerine Geldiler, Alk\u0131\u015flarla Kar\u015f\u0131land\u0131lar&#8221;"},"content":{"rendered":"<p>Toroslar Belediye Ba\u015fkan\u0131 Ats\u0131z Af\u015f\u0131n Y\u0131lmaz, toplum sa\u011fl\u0131\u011f\u0131n\u0131 korumak ad\u0131na koronavir\u00fcsle m\u00fccadelede \u00f6zveriyle \u00e7al\u0131\u015fan sa\u011fl\u0131k ekiplerine bir s\u00fcrpriz yaparak te\u015fekk\u00fcr etti.<\/p>\n<p>Toroslar Belediyesi&#8217;nin, D\u00fcnya \u0130lk Yard\u0131m G\u00fcn\u00fc kapsam\u0131nda belediye personeline y\u00f6nelik d\u00fczenlendi\u011fi &#8220;\u0130lk Yard\u0131m&#8221; e\u011fitiminde duygu dolu anlar ya\u015fand\u0131.<\/p>\n<p>Ba\u015fkan Y\u0131lmaz&#8217;\u0131n da birim m\u00fcd\u00fcrleriyle kat\u0131ld\u0131\u011f\u0131 e\u011fitimde, Toroslar Belediyesi Sa\u011fl\u0131k \u0130\u015fleri M\u00fcd\u00fcrl\u00fc\u011f\u00fc yetkilileri, 112 Acil Servis&#8217;i arayarak acil vaka ihbar\u0131nda bulundu.  <\/p>\n<p>112 Acil Servisi amirlerinin daha \u00f6nceden konuyla ilgili bilgilendirildi\u011fi ihbar\u0131 alan sa\u011fl\u0131k ekipleri ise amirlerinin y\u00f6nlendirmesiyle ambulansla k\u0131sa s\u00fcrede ilk yard\u0131m e\u011fitiminin verildi\u011fi Toroslar Belediyesi&#8217;nin Makine \u0130kmal M\u00fcd\u00fcrl\u00fc\u011f\u00fc&#8217;ne geldi. Yap\u0131lan bu s\u00fcrpriz kar\u015f\u0131s\u0131nda \u015fa\u015f\u0131ran sa\u011fl\u0131k ekipleri ise duygular\u0131n\u0131 gizleyemedi.<\/p>\n<p>Toroslar Belediye Ba\u015fkan\u0131 Ats\u0131z Af\u015f\u0131n Y\u0131lmaz, t\u00fcm sa\u011fl\u0131k \u00e7al\u0131\u015fanlar\u0131 ad\u0131na 112 Acil Servisi ekibine te\u015fekk\u00fcr ederek, \u00e7i\u00e7ek takdim etti ve D\u00fcnya \u0130lk Yard\u0131m G\u00fcnlerini kutlad\u0131.<\/p>\n<p>&#8220;Bu G\u00fczel Kutlamay\u0131 Hi\u00e7bir Zaman Unutmayaca\u011f\u0131z&#8221;<\/p>\n<p>Sa\u011fl\u0131k ekipleri, \u00fczerinde &#8220;\u0130lk yard\u0131m hayat kurtar\u0131r&#8221; slogan\u0131n\u0131n yer ald\u0131\u011f\u0131 pastay\u0131 da Ba\u015fkan Y\u0131lmaz ile keserek, nazik d\u00fc\u015f\u00fcncesinden dolay\u0131 Ba\u015fkan Y\u0131lmaz&#8217;a te\u015fekk\u00fcr ettiler. Hayatlar\u0131n\u0131n \u015fokunu ya\u015fad\u0131klar\u0131n\u0131 ve \u00e7ok duyguland\u0131klar\u0131n\u0131 belirten sa\u011fl\u0131k ekipleri, kendileri i\u00e7in yap\u0131lan b\u00f6yle anlaml\u0131 bir kutlamay\u0131 hi\u00e7bir zaman unutmayacaklar\u0131n\u0131 ifade ettiler.<\/p>\n<p>Ba\u015fkan Y\u0131lmaz: &#8220;Sa\u011fl\u0131k \u00c7al\u0131\u015fanlar\u0131m\u0131za Minnettar\u0131z&#8221;<\/p>\n<p>Toroslar Belediye Ba\u015fkan\u0131 Ats\u0131z Af\u015f\u0131n Y\u0131lmaz, sa\u011fl\u0131k \u00e7al\u0131\u015fanlar\u0131n\u0131 pandeminin kahramanlar\u0131 olarak niteleyerek; &#8220;Sa\u011fl\u0131k \u00e7al\u0131\u015fanlar\u0131m\u0131z i\u00e7in anlaml\u0131 olan bug\u00fcnde onlar\u0131n yanlar\u0131nda oldu\u011fumuzu g\u00f6stermek amac\u0131yla b\u00f6yle bir s\u00fcrpriz yapmak istedik&#8221; dedi.<\/p>\n<p>Ba\u015fkan Y\u0131lmaz; &#8220;Personelimize y\u00f6nelik d\u00fczenledi\u011fimiz ilk yard\u0131m e\u011fitiminin ard\u0131ndan \u00e7a\u011fr\u0131 \u00fczerine gelen 112 Acil Servisi ekibine pastal\u0131 bir s\u00fcrpriz yaparak \u0130lk Yard\u0131m G\u00fcnlerini kutlad\u0131k. Onlar burada bir vaka oldu\u011funu san\u0131yorlard\u0131. Ama amirleri vakan\u0131n olmad\u0131\u011f\u0131n\u0131, kendileri i\u00e7in \u00f6zel bir program haz\u0131rlad\u0131\u011f\u0131m\u0131z\u0131 biliyorlard\u0131. Onlar burada diye, di\u011fer ekip arkada\u015flar\u0131 da bir ma\u011fduriyet ya\u015famad\u0131. Kendileri, sa\u011fl\u0131k konusunda ya\u015fad\u0131\u011f\u0131m\u0131z s\u0131k\u0131nt\u0131larda bize yard\u0131mc\u0131 olan sa\u011fl\u0131k \u00e7al\u0131\u015fanlar\u0131m\u0131z\u0131 temsil ettiler. Sa\u011fl\u0131k \u00e7al\u0131\u015fanlar\u0131m\u0131z \u00f6zellikle pandemi d\u00f6neminde \u00e7ok b\u00fcy\u00fck fedakarl\u0131klarla bizlere hizmet ettiler. \u00d6zverili \u00e7al\u0131\u015fmalar\u0131ndan dolay\u0131 minnettar\u0131z. Ba\u015far\u0131lar\u0131n\u0131n devam\u0131n\u0131 diliyoruz&#8221; \u015feklinde konu\u015ftu.<\/p>\n","protected":false},"excerpt":{"rendered":"<p>Toroslar Belediye Ba\u015fkan\u0131 Ats\u0131z Af\u015f\u0131n Y\u0131lmaz, toplum sa\u011fl\u0131\u011f\u0131n\u0131 korumak ad\u0131na koronavir\u00fcsle m\u00fccadelede \u00f6zveriyle \u00e7al\u0131\u015fan sa\u011fl\u0131k ekiplerine bir s\u00fcrpriz yaparak te\u015fekk\u00fcr etti. Toroslar Belediyesi&#8217;nin, D\u00fcnya \u0130lk Yard\u0131m G\u00fcn\u00fc kapsam\u0131nda belediye personeline &hellip; <a href=\"https:\/\/akdenizolaygazetesi.com\/?p=14131\" class=\"more-link\">Devam\u0131n\u0131 Oku&#8230;<\/a><\/p>\n","protected":false},"author":2,"featured_media":14132,"comment_status":"open","ping_status":"open","sticky":false,"template":"","format":"standard","meta":[],"categories":[3,5,9],"tags":[],"_links":{"self":[{"href":"https:\/\/akdenizolaygazetesi.com\/index.php?rest_route=\/wp\/v2\/posts\/14131"}],"collection":[{"href":"https:\/\/akdenizolaygazetesi.com\/index.php?rest_route=\/wp\/v2\/posts"}],"about":[{"href":"https:\/\/akdenizolaygazetesi.com\/index.php?rest_route=\/wp\/v2\/types\/post"}],"author":[{"embeddable":true,"href":"https:\/\/akdenizolaygazetesi.com\/index.php?rest_route=\/wp\/v2\/users\/2"}],"replies":[{"embeddable":true,"href":"https:\/\/akdenizolaygazetesi.com\/index.php?rest_route=%2Fwp%2Fv2%2Fcomments&post=14131"}],"version-history":[{"count":1,"href":"https:\/\/akdenizolaygazetesi.com\/index.php?rest_route=\/wp\/v2\/posts\/14131\/revisions"}],"predecessor-version":[{"id":14133,"href":"https:\/\/akdenizolaygazetesi.com\/index.php?rest_route=\/wp\/v2\/posts\/14131\/revisions\/14133"}],"wp:featuredmedia":[{"embeddable":true,"href":"https:\/\/akdenizolaygazetesi.com\/index.php?rest_route=\/wp\/v2\/media\/14132"}],"wp:attachment":[{"href":"https:\/\/akdenizolaygazetesi.com\/index.php?rest_route=%2Fwp%2Fv2%2Fmedia&parent=14131"}],"wp:term":[{"taxonomy":"category","embeddable":true,"href":"https:\/\/akdenizolaygazetesi.com\/index.php?rest_route=%2Fwp%2Fv2%2Fcategories&post=14131"},{"taxonomy":"post_tag","embeddable":true,"href":"https:\/\/akdenizolaygazetesi.com\/index.php?rest_route=%2Fwp%2Fv2%2Ftags&post=14131"}],"curies":[{"name":"wp","href":"https:\/\/api.w.org\/{rel}","templated":true}]}}