{"id":1414,"date":"2020-11-04T18:21:58","date_gmt":"2020-11-04T15:21:58","guid":{"rendered":"http:\/\/mersinekonomipolitikagazetesi.com\/?p=1414"},"modified":"2020-11-04T18:21:58","modified_gmt":"2020-11-04T15:21:58","slug":"adalet-mitingine-katilim-cagrisi","status":"publish","type":"post","link":"https:\/\/akdenizolaygazetesi.com\/?p=1414","title":{"rendered":"Adalet mitingine kat\u0131l\u0131m \u00e7a\u011fr\u0131s\u0131"},"content":{"rendered":"<p>Demokrasi \u0130\u00e7in Yurtta\u015f Hareketi, herkesi 9 Temmuz&#8217;da \u0130stanbul Maltepe&#8217;de yap\u0131lacak Adalet mitingine kat\u0131l\u0131m \u00e7a\u011fr\u0131s\u0131 yapt\u0131.<\/p>\n<blockquote type=\"cite\">\n<div dir=\"ltr\">\n<p>\u00a0<\/p>\n<p><span style=\"font-family: sans-serif, Arial, Verdana, &quot;Trebuchet MS&quot;;\">Dernek ve sendikalardan olu\u015fan Demokrasi \u0130\u00e7in Yurtta\u015f Hareketi,\u00a0 Mersin Gazeteciler Cemiyeti&#8217;nde yapt\u0131klar\u0131 bas\u0131n toplant\u0131s\u0131yla Adalet Y\u00fcr\u00fcy\u00fc\u015f\u00fc&#8217;ne kat\u0131l\u0131m \u00e7a\u011fr\u0131s\u0131 yapt\u0131. Demokrasi \u0130\u00e7in Yurtta\u015f Hareketi S\u00f6zc\u00fcs\u00fc Serdar Erkan, Ankara&#8217;dan \u0130stanbul&#8217;a ba\u015flat\u0131lan Adalet Y\u00fcr\u00fcy\u00fc\u015f\u00fc&#8217;n\u00fc desteklediklerini belirterek, 9 Temmuz\u2019da \u0130stanbul Maltepe\u2019de yap\u0131lacak mitinge kat\u0131l\u0131m \u00e7a\u011fr\u0131s\u0131nda bulundu.<\/span><\/p>\n<p>Erkan, &#8220;Biz\u00a0 &#8216;Demokrasi \u0130\u00e7in Yurtta\u015f Hareketi&#8217; \u00fcyesi olan kurum\u00a0 ve g\u00f6n\u00fcll\u00fcleri\u00a0 olarak,\u00a0 t\u00fcm yurtta\u015flar\u0131m\u0131z\u0131 ve demokrasi g\u00fc\u00e7lerini\u201d\u00a0 bu mitinge kat\u0131larak, adaletin siyasile\u015fmesine, tarafs\u0131zl\u0131\u011f\u0131n\u0131 yitirmesine , me\u015fru ve demokratik yollardan dur demeye davet ediyoruz.&#8221; dedi.<\/p>\n<p>\u00a0<\/p>\n<p>&#8220;Cumhuriyet ve demokrasimizi hedef alan 15 temmuz d\u0131\u015f g\u00fcd\u00fcml\u00fc\u00a0 hain FET\u00d6\u00a0 darbesi ile \u00fclkemizde, ba\u015fta\u00a0 yarg\u0131 ve TSK olmak \u00fczere devlette liyakat ve eme\u011fe dayanmayan yanda\u015fla\u015fma \u00fclkemizi i\u00e7 sava\u015f\u0131n e\u015fi\u011fine getirmi\u015ftir. bu durum ba\u015fta halk\u0131m\u0131z olmak \u00fczere ordu ve g\u00fcvenlik g\u00fc\u00e7leri\u00a0 i\u00e7indeki Atat\u00fcrk ve Cumhuriyet\u2019e ba\u011fl\u0131 askerlerimizin\u00a0 direni\u015fi ile 249 \u015fehit verilerek akamete u\u011frat\u0131lm\u0131\u015ft\u0131r.&#8221; diyen Erkan a\u00e7\u0131klamas\u0131n\u0131 \u015fu \u015fekilde s\u00fcrd\u00fcrd\u00fc:<\/p>\n<p>&#8221; 15 temmuz FET\u00d6 darbesi nedeniyle, ba\u015flang\u0131\u00e7ta devleti ve demokrasimizi korumak amac\u0131yla hakl\u0131 g\u00f6r\u00fclen\u00a0 ohal\u00a0 d\u00fczeni , zamanla sadece FET\u00d6 ve di\u011fer ter\u00f6r \u00f6rg\u00fctleri ile m\u00fccadele ile\u00a0 s\u0131n\u0131rl\u0131 kalmam\u0131\u015ft\u0131r.\u00a0 ili\u015fkisi oldu\u011fu tart\u0131\u015fmal\u0131 t\u00fcm muhalif kurum, ki\u015fi\u00a0 ve bas\u0131n\u0131n susturulmas\u0131na y\u00f6nelik toptan bir tasfiyenin uygulama arac\u0131\u00a0 haline d\u00f6n\u00fc\u015fm\u00fc\u015ft\u00fcr. \u00d6yle ki son d\u00f6nem\u00a0 FET\u00d6 ile alakas\u0131\u00a0 olmayan, halk\u0131n se\u00e7ti\u011fi milletvekilleri, belediye ba\u015fkanlar\u0131 ve di\u011fer temsilciler,\u00a0 akademisyen, \u00f6\u011fretmen, \u00f6\u011frenci , gazete ve gazetecilere\u00a0 y\u00f6nelik\u00a0 KHK&#8217;lara ile, evrensel hukuka ayk\u0131r\u0131\u00a0 i\u015ften \u00e7\u0131karmalar , a\u00e7\u0131lan dava ve soru\u015fturmalarla , binlerce ma\u011fdur yarat\u0131lm\u0131\u015f, toplumda adalete olan g\u00fcvensizlik \u00e7o\u011falm\u0131\u015ft\u0131r. Bug\u00fcn \u00fclkemizin g\u00fcney s\u0131n\u0131r\u0131nda emperyalist bir payla\u015f\u0131m sava\u015f\u0131n\u0131n\u00a0 haz\u0131rl\u0131klar\u0131 yap\u0131l\u0131rken, ihtiyac\u0131m\u0131z olan birlik ve beraberlik duygusu a\u015f\u0131nm\u0131\u015f,toplumda kutupla\u015fma artm\u0131\u015ft\u0131r.<\/p>\n<p>\u00a0<\/p>\n<p>&#8220;ADALET Y\u00dcR\u00dcY\u00dc\u015e\u00dc\u201d\u00a0 TOPLUMDA B\u00dcY\u00dcK B\u0130R KAR\u015eILIK BULMU\u015eTUR&#8221;<\/p>\n<div>\n<div aria-label=\"Geni\u015fletilen i\u00e7eri\u011fi gizle\" data-tooltip=\"Geni\u015fletilen i\u00e7eri\u011fi gizle\" id=\":k6\" role=\"button\" style=\"clear:both;\" tabindex=\"0\"><img src=\"https:\/\/ssl.gstatic.com\/ui\/v1\/icons\/mail\/images\/cleardot.gif\" style=\"height:8px;width:20px;\" \/><\/div>\n<\/div>\n<div>\n<p>OHAL ko\u015fullar\u0131nda\u00a0 yap\u0131lan 16 Nisan 2017\u00a0 Anayasa referandumu sonu\u00e7lar\u0131, say\u0131m sonu\u00e7lar\u0131 devam ederken\u00a0 YSK&#8217;n\u0131n \u201ckanuna ayk\u0131r\u0131 karar\u0131\u201d ile referandumun me\u015fruiyeti tart\u0131\u015fmal\u0131 hale gelmi\u015f,\u00a0 bu durum \u00fcyesi oldu\u011fumuz AG\u0130T raporlar\u0131na da yans\u0131m\u0131\u015ft\u0131r.<\/p>\n<p>Me\u015fruiyeti tart\u0131\u015fmal\u0131 16 Nisan referandumu sonras\u0131, yeni anayasaya dayanarak\u00a0 ilk de\u011fi\u015fiklik\u00a0 yarg\u0131daki t\u00fcm hakim ve savc\u0131lar\u0131n tayin ve \u00f6zl\u00fck haklar\u0131n\u0131 belirleyen\u00a0 HSYK&#8217;da yap\u0131lm\u0131\u015f, HSYK&#8217;n\u0131n \u00e7o\u011funlu\u011fu AKP taraf\u0131ndan belirlenmi\u015ftir. bu durum\u00a0 savc\u0131 ve hakim ba\u011f\u0131ms\u0131zl\u0131\u011f\u0131n\u0131 ortadan kald\u0131rmaktad\u0131r. Tam da bu ortamda ge\u00e7ti\u011fimiz g\u00fcnlerde\u00a0 CHP milletvekilinin tutuklanmas\u0131 sonras\u0131nda, CHP Genel Ba\u015fkan\u0131 sn. Kemal K\u0131l\u0131\u00e7daro\u011flu&#8217;nun Ankara\u2019dan \u0130stanbul\u2019a ba\u015flatt\u0131\u011f\u0131 \u201cadalet y\u00fcr\u00fcy\u00fc\u015f\u00fc\u201d\u00a0 toplumda b\u00fcy\u00fck bir kar\u015f\u0131l\u0131k bulmu\u015f, bu y\u00fcr\u00fcy\u00fc\u015f t\u00fcm ma\u011fdurlar\u0131n sesi olmu\u015ftur. Toplumun\u00a0\u00a0 her kesimi\u00a0 adalet talebiyle bu y\u00fcr\u00fcy\u00fc\u015fe destek vermi\u015ftir. Y\u00fcr\u00fcy\u00fc\u015f\u00fcn 9 Temmuz\u2019da \u0130stanbul Maltepe\u2019de yap\u0131lacak bir mitingle sonland\u0131r\u0131laca\u011f\u0131\u00a0 a\u00e7\u0131klanm\u0131\u015ft\u0131r.<\/p>\n<p>Me\u015fruiyeti\u00a0 tart\u0131\u015fmal\u0131\u00a0 16 Nisan referandumu sonras\u0131nda, uygulamaya ge\u00e7irilen\u00a0 yeni anayasan\u0131n, devletimizi\u00a0 parti devleti yapaca\u011f\u0131n\u0131, devlette\u00a0 adaleti,\u00a0 toplumda bar\u0131\u015f\u0131 ve huzuru giderek olumsuz etkileyece\u011fini,\u00a0 \u00fclkemizi daha fazla kutupla\u015fma i\u00e7ine sokaca\u011f\u0131n\u0131 g\u00f6ren\u00a0 biz\u00a0 \u201cDemokrasi \u0130\u00e7in Yurtta\u015f Hareketi \u201c \u00fcye<\/p>\n<\/div>\n<\/div>\n<\/blockquote>\n","protected":false},"excerpt":{"rendered":"<p>Demokrasi \u0130\u00e7in Yurtta\u015f Hareketi, herkesi 9 Temmuz&#8217;da \u0130stanbul Maltepe&#8217;de yap\u0131lacak Adalet mitingine kat\u0131l\u0131m \u00e7a\u011fr\u0131s\u0131 yapt\u0131. \u00a0 Dernek ve sendikalardan olu\u015fan Demokrasi \u0130\u00e7in Yurtta\u015f Hareketi,\u00a0 Mersin Gazeteciler Cemiyeti&#8217;nde yapt\u0131klar\u0131 bas\u0131n toplant\u0131s\u0131yla &hellip; <a href=\"https:\/\/akdenizolaygazetesi.com\/?p=1414\" class=\"more-link\">Devam\u0131n\u0131 Oku&#8230;<\/a><\/p>\n","protected":false},"author":1,"featured_media":0,"comment_status":"open","ping_status":"open","sticky":false,"template":"","format":"standard","meta":[],"categories":[],"tags":[],"_links":{"self":[{"href":"https:\/\/akdenizolaygazetesi.com\/index.php?rest_route=\/wp\/v2\/posts\/1414"}],"collection":[{"href":"https:\/\/akdenizolaygazetesi.com\/index.php?rest_route=\/wp\/v2\/posts"}],"about":[{"href":"https:\/\/akdenizolaygazetesi.com\/index.php?rest_route=\/wp\/v2\/types\/post"}],"author":[{"embeddable":true,"href":"https:\/\/akdenizolaygazetesi.com\/index.php?rest_route=\/wp\/v2\/users\/1"}],"replies":[{"embeddable":true,"href":"https:\/\/akdenizolaygazetesi.com\/index.php?rest_route=%2Fwp%2Fv2%2Fcomments&post=1414"}],"version-history":[{"count":0,"href":"https:\/\/akdenizolaygazetesi.com\/index.php?rest_route=\/wp\/v2\/posts\/1414\/revisions"}],"wp:attachment":[{"href":"https:\/\/akdenizolaygazetesi.com\/index.php?rest_route=%2Fwp%2Fv2%2Fmedia&parent=1414"}],"wp:term":[{"taxonomy":"category","embeddable":true,"href":"https:\/\/akdenizolaygazetesi.com\/index.php?rest_route=%2Fwp%2Fv2%2Fcategories&post=1414"},{"taxonomy":"post_tag","embeddable":true,"href":"https:\/\/akdenizolaygazetesi.com\/index.php?rest_route=%2Fwp%2Fv2%2Ftags&post=1414"}],"curies":[{"name":"wp","href":"https:\/\/api.w.org\/{rel}","templated":true}]}}