{"id":1415,"date":"2020-11-04T18:21:58","date_gmt":"2020-11-04T15:21:58","guid":{"rendered":"http:\/\/mersinekonomipolitikagazetesi.com\/?p=1415"},"modified":"2020-11-04T18:21:58","modified_gmt":"2020-11-04T15:21:58","slug":"vali-su-gazetecilerle-bir-araya-geldi","status":"publish","type":"post","link":"https:\/\/akdenizolaygazetesi.com\/?p=1415","title":{"rendered":"Vali Su, gazetecilerle bir araya geldi"},"content":{"rendered":"<p>Gazetecilerle bir araya gelen Mersin Valisi Ali ihsan Su,  Mersin&#8217;in her ge\u00e7en g\u00fcn b\u00fcy\u00fcyen mega bir \u015fehir oldu\u011funu s\u00f6yledi.<\/p>\n<p>MEHMET M\u0130ERAS<\/p>\n<p>\u00a0Valiler Kararnamesiyle Mersin&#8217;e atanan ve \u00f6nceki g\u00fcn g\u00f6revine ba\u015flayan Vali Ali \u0130hsan Su, kentte g\u00f6rev yapan gazete ve televizyon temsilcileri ile bir araya geldi.<\/p>\n<p>\u00a0<\/p>\n<p>Mersin Valisi Ali \u0130hsan Su, valilik makam\u0131nda d\u00fczenlenen tan\u0131\u015fma toplant\u0131s\u0131nda, Mersin&#8217;in her alanda ekonomisiyle, turizmiyle, sanayisiyle, sanat\u0131yla geli\u015fmi\u015f ve kalk\u0131nm\u0131\u015f bir kent oldu\u011funu s\u00f6yledi.<\/p>\n<p>\u00a0Vali Su, Gazete ve Televizyon temsilcilerine Mersin kentin&#8217;in hem ekonomik hem ticari anlamda hem de tarihi ve k\u00fclt\u00fcr birikimiyle \u00f6ne \u00e7\u0131kan bir il oldu\u011funu, Mersin&#8217;de mesai arkada\u015flar\u0131yla hizmet etmekten b\u00fcy\u00fck gurur ve onur duyaca\u011f\u0131n\u0131 s\u00f6yledi.<\/p>\n<p>\u00a0Vali Su, \u201cMersin\u2019de T\u00fcm genel ve yerel y\u00f6netim birimlerimizle beraber vatanda\u015flar\u0131m\u0131za en g\u00fczel hizmeti sunmak i\u00e7in hep birlikte gayret edece\u011fiz&#8221; dedi.<\/p>\n<p>\u00a0\u00a0Mersin Valisi\u00a0 Ali \u0130hsan Su, konu\u015fmas\u0131n\u0131n\u00a0 ard\u0131ndan bas\u0131n mensuplar\u0131yla tan\u0131\u015f\u0131p sohbet etti.<\/p>\n","protected":false},"excerpt":{"rendered":"<p>Gazetecilerle bir araya gelen Mersin Valisi Ali ihsan Su, Mersin&#8217;in her ge\u00e7en g\u00fcn b\u00fcy\u00fcyen mega bir \u015fehir oldu\u011funu s\u00f6yledi. MEHMET M\u0130ERAS \u00a0Valiler Kararnamesiyle Mersin&#8217;e atanan ve \u00f6nceki g\u00fcn g\u00f6revine ba\u015flayan &hellip; <a href=\"https:\/\/akdenizolaygazetesi.com\/?p=1415\" class=\"more-link\">Devam\u0131n\u0131 Oku&#8230;<\/a><\/p>\n","protected":false},"author":1,"featured_media":0,"comment_status":"open","ping_status":"open","sticky":false,"template":"","format":"standard","meta":[],"categories":[],"tags":[],"_links":{"self":[{"href":"https:\/\/akdenizolaygazetesi.com\/index.php?rest_route=\/wp\/v2\/posts\/1415"}],"collection":[{"href":"https:\/\/akdenizolaygazetesi.com\/index.php?rest_route=\/wp\/v2\/posts"}],"about":[{"href":"https:\/\/akdenizolaygazetesi.com\/index.php?rest_route=\/wp\/v2\/types\/post"}],"author":[{"embeddable":true,"href":"https:\/\/akdenizolaygazetesi.com\/index.php?rest_route=\/wp\/v2\/users\/1"}],"replies":[{"embeddable":true,"href":"https:\/\/akdenizolaygazetesi.com\/index.php?rest_route=%2Fwp%2Fv2%2Fcomments&post=1415"}],"version-history":[{"count":0,"href":"https:\/\/akdenizolaygazetesi.com\/index.php?rest_route=\/wp\/v2\/posts\/1415\/revisions"}],"wp:attachment":[{"href":"https:\/\/akdenizolaygazetesi.com\/index.php?rest_route=%2Fwp%2Fv2%2Fmedia&parent=1415"}],"wp:term":[{"taxonomy":"category","embeddable":true,"href":"https:\/\/akdenizolaygazetesi.com\/index.php?rest_route=%2Fwp%2Fv2%2Fcategories&post=1415"},{"taxonomy":"post_tag","embeddable":true,"href":"https:\/\/akdenizolaygazetesi.com\/index.php?rest_route=%2Fwp%2Fv2%2Ftags&post=1415"}],"curies":[{"name":"wp","href":"https:\/\/api.w.org\/{rel}","templated":true}]}}