{"id":14153,"date":"2021-09-14T12:51:33","date_gmt":"2021-09-14T09:51:33","guid":{"rendered":"http:\/\/akdenizolaygazetesi.com\/?p=14153"},"modified":"2021-09-14T12:51:33","modified_gmt":"2021-09-14T09:51:33","slug":"meski-aritilmis-sulari-degerlendirecek","status":"publish","type":"post","link":"https:\/\/akdenizolaygazetesi.com\/?p=14153","title":{"rendered":"MESK\u0130, ARITILMI\u015e SULARI DE\u011eERLEND\u0130RECEK"},"content":{"rendered":"<p>Mersin B\u00fcy\u00fck\u015fehir Belediyesi Mersin Su ve Kanalizasyon \u0130daresi (MESK\u0130) Genel M\u00fcd\u00fcrl\u00fc\u011f\u00fc, Karaduvar At\u0131ksu Ar\u0131tma Tesisi\u2019nden \u00e7\u0131kan ar\u0131t\u0131lm\u0131\u015f suyu sanayide kullanmaya haz\u0131rlan\u0131yor. \u00d6ng\u00f6r\u00fclen \u00e7al\u0131\u015fman\u0131n hayata ge\u00e7mesiyle tesiste ar\u0131t\u0131lan su sanayide yeniden de\u011ferlendirilecek, b\u00f6ylece temiz su t\u00fcketimi azalacak.<\/p>\n<p>Ar\u0131t\u0131lm\u0131\u015f sular, sanayide tekrar kullan\u0131lacak<\/p>\n<p>T\u00fcm d\u00fcnyan\u0131n su k\u0131tl\u0131\u011f\u0131 ya\u015famaya ba\u015flad\u0131\u011f\u0131 bu d\u00f6nemde suyun geri kullan\u0131m\u0131n\u0131n \u00f6nemi ile ilgili fark\u0131ndal\u0131k yaratmaya devam eden MESK\u0130, at\u0131ksu ar\u0131tma tesislerinden \u00e7\u0131kan ar\u0131t\u0131lm\u0131\u015f sular\u0131n tekrar kullan\u0131m\u0131 i\u00e7in \u00e7al\u0131\u015fmalara ba\u015fl\u0131yor. B\u00fcy\u00fck sanayi kurulu\u015flar\u0131 ile yap\u0131lacak olan protokoller kapsam\u0131nda, tesislerden \u00e7\u0131kan ar\u0131t\u0131lm\u0131\u015f sular i\u015fletmelerde proses (s\u00fcre\u00e7) suyu olarak kullan\u0131lmaya ba\u015flanacak. S\u00f6z konusu geri d\u00f6n\u00fc\u015f\u00fcm suyu kullan\u0131ma ba\u015fland\u0131\u011f\u0131nda, hem i\u015fletmelerin proses suyu olarak kulland\u0131\u011f\u0131 temiz suyun t\u00fcketimi durdurulacak hem de de\u015farj edilen suyun tekrar kullan\u0131m\u0131 sa\u011flanacak.<\/p>\n<p>\u201cHer litresi, her damlas\u0131 de\u011ferlenmi\u015f olacak\u201d<\/p>\n<p>Mersin B\u00fcy\u00fck\u015fehir Belediye Ba\u015fkan\u0131 Ba\u015fkan\u0131 Vahap Se\u00e7er, B\u00fcy\u00fck\u015fehir Belediye Meclisi A\u011fustos ay\u0131 2. Birle\u015fiminde s\u00f6z konusu \u00e7al\u0131\u015fman\u0131n \u00f6nemini vurgulayarak, \u015funlar\u0131 s\u00f6ylemi\u015fti:<\/p>\n<p>\u201cKaraduvar ar\u0131tmas\u0131nda nihai suyu, ar\u0131t\u0131lm\u0131\u015f suyu derin de\u015farj y\u00f6ntemi ile denize veriyorduk. \u015eimdi biz bu suyu; ismini de a\u00e7\u0131klamamda ticari olarak bir s\u0131k\u0131nt\u0131 yok; Soda Sanayi ile yapt\u0131\u011f\u0131m\u0131z \u00e7al\u0131\u015fmalarda asl\u0131nda biz bu suyu bizim b\u00f6lgede bir i\u015flemden daha ge\u00e7irip oraya vermemiz laz\u0131m. Yaln\u0131z ciddi bir maliyeti var ve bizim de yerimiz yok. Yani mevcut Karaduvar Ar\u0131tma Tesisi\u2019nin i\u00e7inde yerimiz yok. Firma; Soda Sanayi bunu \u00fcstlendi. Kendi oldu\u011fu noktada nihayetinde bu suyu kendisi alacak. Bir yere bir ar\u0131tma yani nihai prosed\u00fcr\u00fc ger\u00e7ekle\u015ftirecek ve bunu al\u0131p imalatta kullanacak. O ar\u0131tma tesisini yapacak ve at\u0131ksu de\u011ferlenmi\u015f olacak. Yani at\u0131ksu ar\u0131tma tesisinden \u00e7\u0131kan nihai at\u0131k su sanayide i\u015flenerek de\u011ferlenmi\u015f olacak. B\u00f6ylelikle yeralt\u0131 sular\u0131 ya da bir dereden, bir nehirden o sanayiye pompalanan suya da bundan sonra ihtiya\u00e7 olmayacak. Kullan\u0131m suyu olarak her litresi, her damlas\u0131 da de\u011ferlenmi\u015f olacak. Bununla ilgili bir \u00e7al\u0131\u015fma oldu. Te\u015fekk\u00fcr ediyoruz ilgili kurumlar\u0131m\u0131za, MESK\u0130\u2019ye, Soda Sanayi\u2019ye ve \u0130mar Komisyonu \u00fcyelerimize. Orada gerekli imar \u00e7al\u0131\u015fmalar\u0131n\u0131 yapt\u0131lar. Umut ediyorum k\u0131sa s\u00fcre i\u00e7erisinde de oradaki tesisle\u015fme olur ve bizim at\u0131ksular\u0131m\u0131z art\u0131k bir sanayi suyu olarak kullan\u0131lma imk\u00e2n\u0131 bulur.\u201d<\/p>\n","protected":false},"excerpt":{"rendered":"<p>Mersin B\u00fcy\u00fck\u015fehir Belediyesi Mersin Su ve Kanalizasyon \u0130daresi (MESK\u0130) Genel M\u00fcd\u00fcrl\u00fc\u011f\u00fc, Karaduvar At\u0131ksu Ar\u0131tma Tesisi\u2019nden \u00e7\u0131kan ar\u0131t\u0131lm\u0131\u015f suyu sanayide kullanmaya haz\u0131rlan\u0131yor. \u00d6ng\u00f6r\u00fclen \u00e7al\u0131\u015fman\u0131n hayata ge\u00e7mesiyle tesiste ar\u0131t\u0131lan su sanayide yeniden &hellip; <a href=\"https:\/\/akdenizolaygazetesi.com\/?p=14153\" class=\"more-link\">Devam\u0131n\u0131 Oku&#8230;<\/a><\/p>\n","protected":false},"author":2,"featured_media":14154,"comment_status":"open","ping_status":"open","sticky":false,"template":"","format":"standard","meta":[],"categories":[8,3,5],"tags":[],"_links":{"self":[{"href":"https:\/\/akdenizolaygazetesi.com\/index.php?rest_route=\/wp\/v2\/posts\/14153"}],"collection":[{"href":"https:\/\/akdenizolaygazetesi.com\/index.php?rest_route=\/wp\/v2\/posts"}],"about":[{"href":"https:\/\/akdenizolaygazetesi.com\/index.php?rest_route=\/wp\/v2\/types\/post"}],"author":[{"embeddable":true,"href":"https:\/\/akdenizolaygazetesi.com\/index.php?rest_route=\/wp\/v2\/users\/2"}],"replies":[{"embeddable":true,"href":"https:\/\/akdenizolaygazetesi.com\/index.php?rest_route=%2Fwp%2Fv2%2Fcomments&post=14153"}],"version-history":[{"count":1,"href":"https:\/\/akdenizolaygazetesi.com\/index.php?rest_route=\/wp\/v2\/posts\/14153\/revisions"}],"predecessor-version":[{"id":14155,"href":"https:\/\/akdenizolaygazetesi.com\/index.php?rest_route=\/wp\/v2\/posts\/14153\/revisions\/14155"}],"wp:featuredmedia":[{"embeddable":true,"href":"https:\/\/akdenizolaygazetesi.com\/index.php?rest_route=\/wp\/v2\/media\/14154"}],"wp:attachment":[{"href":"https:\/\/akdenizolaygazetesi.com\/index.php?rest_route=%2Fwp%2Fv2%2Fmedia&parent=14153"}],"wp:term":[{"taxonomy":"category","embeddable":true,"href":"https:\/\/akdenizolaygazetesi.com\/index.php?rest_route=%2Fwp%2Fv2%2Fcategories&post=14153"},{"taxonomy":"post_tag","embeddable":true,"href":"https:\/\/akdenizolaygazetesi.com\/index.php?rest_route=%2Fwp%2Fv2%2Ftags&post=14153"}],"curies":[{"name":"wp","href":"https:\/\/api.w.org\/{rel}","templated":true}]}}