{"id":14159,"date":"2021-09-14T12:55:35","date_gmt":"2021-09-14T09:55:35","guid":{"rendered":"http:\/\/akdenizolaygazetesi.com\/?p=14159"},"modified":"2021-09-14T12:55:35","modified_gmt":"2021-09-14T09:55:35","slug":"akdenizde-okul-kantinleri-denetlendi","status":"publish","type":"post","link":"https:\/\/akdenizolaygazetesi.com\/?p=14159","title":{"rendered":"AKDEN\u0130Z\u2019DE OKUL KANT\u0130NLER\u0130 DENETLEND\u0130"},"content":{"rendered":"<p>Akdeniz Belediyesi Zab\u0131ta M\u00fcd\u00fcrl\u00fc\u011f\u00fc ekipleri, yeni e\u011fitim-\u00f6\u011fretim d\u00f6neminin ba\u015flamas\u0131yla birlikte, il\u00e7e s\u0131n\u0131rlar\u0131nda bulunan okul kantinlerini denetledi.<br \/>\nHalk\u0131n sa\u011fl\u0131\u011f\u0131, huzuru ve esenli\u011fi i\u00e7in 7\/24 g\u00f6revinin ba\u015f\u0131nda olan Akdeniz Belediyesi Zab\u0131ta M\u00fcd\u00fcrl\u00fc\u011f\u00fc, 2021-2022 Yeni E\u011fitim-\u00d6\u011fretim D\u00f6nemi\u2019nin ba\u015flamas\u0131yla birlikte, il\u00e7e s\u0131n\u0131rlar\u0131nda bulunan e\u011fitim kurumlar\u0131nda faaliyet g\u00f6steren kantinleri denetledi.<br \/>\nKontrollerde, \u00e7ocuklar\u0131n sa\u011fl\u0131\u011f\u0131n\u0131 tehdit edebilecek merdiven alt\u0131 \u00fcretilen, a\u00e7\u0131kta veya men\u015fei belirsiz ya da tarihi ge\u00e7mi\u015f \u00fcr\u00fcn sat\u0131\u015f\u0131 olup olmad\u0131\u011f\u0131 incelendi. Ruhsatlar\u0131n da denetlendi\u011fi uygulamada, eksi\u011fi g\u00f6r\u00fclen kantin i\u015fletmecileri uyar\u0131l\u0131p, eksikleri en k\u0131sa s\u00fcrede gidermeleri i\u00e7in s\u00fcre verildi.<br \/>\nEkiplerle birlikte okul kantinlerinin denetimine kat\u0131lan Akdeniz Belediyesi Zab\u0131ta M\u00fcd\u00fcr\u00fc Ufuk Sivasl\u0131o\u011flu da okul kantin i\u015fletmecilerini, kurallara mutlaka uymalar\u0131, ayr\u0131ca Koronavir\u00fcs tedbirlerini elden b\u0131rakmamalar\u0131; maske, mesafe ve hijyen tedbirlerine kesinlikle dikkat etmeleri y\u00f6n\u00fcnde uyard\u0131.<br \/>\nAkdeniz Zab\u0131tas\u0131\u2019n\u0131n, \u00e7ocuklar\u0131n sa\u011fl\u0131\u011f\u0131n\u0131 korumak amac\u0131yla okul kantinlerine ve okul \u00e7evrelerinde g\u0131da sat\u0131\u015f\u0131 yapan i\u015fyerlerine y\u00f6nelik uygulama ve denetimleri belirli periyotlarda ve aral\u0131ks\u0131z devam edecek.<\/p>\n","protected":false},"excerpt":{"rendered":"<p>Akdeniz Belediyesi Zab\u0131ta M\u00fcd\u00fcrl\u00fc\u011f\u00fc ekipleri, yeni e\u011fitim-\u00f6\u011fretim d\u00f6neminin ba\u015flamas\u0131yla birlikte, il\u00e7e s\u0131n\u0131rlar\u0131nda bulunan okul kantinlerini denetledi. Halk\u0131n sa\u011fl\u0131\u011f\u0131, huzuru ve esenli\u011fi i\u00e7in 7\/24 g\u00f6revinin ba\u015f\u0131nda olan Akdeniz Belediyesi Zab\u0131ta M\u00fcd\u00fcrl\u00fc\u011f\u00fc, &hellip; <a href=\"https:\/\/akdenizolaygazetesi.com\/?p=14159\" class=\"more-link\">Devam\u0131n\u0131 Oku&#8230;<\/a><\/p>\n","protected":false},"author":2,"featured_media":14160,"comment_status":"open","ping_status":"open","sticky":false,"template":"","format":"standard","meta":[],"categories":[3],"tags":[],"_links":{"self":[{"href":"https:\/\/akdenizolaygazetesi.com\/index.php?rest_route=\/wp\/v2\/posts\/14159"}],"collection":[{"href":"https:\/\/akdenizolaygazetesi.com\/index.php?rest_route=\/wp\/v2\/posts"}],"about":[{"href":"https:\/\/akdenizolaygazetesi.com\/index.php?rest_route=\/wp\/v2\/types\/post"}],"author":[{"embeddable":true,"href":"https:\/\/akdenizolaygazetesi.com\/index.php?rest_route=\/wp\/v2\/users\/2"}],"replies":[{"embeddable":true,"href":"https:\/\/akdenizolaygazetesi.com\/index.php?rest_route=%2Fwp%2Fv2%2Fcomments&post=14159"}],"version-history":[{"count":1,"href":"https:\/\/akdenizolaygazetesi.com\/index.php?rest_route=\/wp\/v2\/posts\/14159\/revisions"}],"predecessor-version":[{"id":14161,"href":"https:\/\/akdenizolaygazetesi.com\/index.php?rest_route=\/wp\/v2\/posts\/14159\/revisions\/14161"}],"wp:featuredmedia":[{"embeddable":true,"href":"https:\/\/akdenizolaygazetesi.com\/index.php?rest_route=\/wp\/v2\/media\/14160"}],"wp:attachment":[{"href":"https:\/\/akdenizolaygazetesi.com\/index.php?rest_route=%2Fwp%2Fv2%2Fmedia&parent=14159"}],"wp:term":[{"taxonomy":"category","embeddable":true,"href":"https:\/\/akdenizolaygazetesi.com\/index.php?rest_route=%2Fwp%2Fv2%2Fcategories&post=14159"},{"taxonomy":"post_tag","embeddable":true,"href":"https:\/\/akdenizolaygazetesi.com\/index.php?rest_route=%2Fwp%2Fv2%2Ftags&post=14159"}],"curies":[{"name":"wp","href":"https:\/\/api.w.org\/{rel}","templated":true}]}}