{"id":1417,"date":"2020-11-04T18:21:58","date_gmt":"2020-11-04T15:21:58","guid":{"rendered":"http:\/\/mersinekonomipolitikagazetesi.com\/?p=1417"},"modified":"2020-11-04T18:21:58","modified_gmt":"2020-11-04T15:21:58","slug":"bu-goruntu-gozneye-yakismiyor","status":"publish","type":"post","link":"https:\/\/akdenizolaygazetesi.com\/?p=1417","title":{"rendered":"Bu g\u00f6r\u00fcnt\u00fc G\u00f6zne&#8217;ye yak\u0131\u015fm\u0131yor!"},"content":{"rendered":"<p>Y\u0131llard\u0131r d\u00fczenleme bekleyen G\u00f6zne meydan\u0131yla ilgili olarak hala harekete ge\u00e7en olmad\u0131, meydan at\u0131l durumda bekliyor!<\/p>\n<div id=\":4\">\n<div id=\":2\">\n<div role=\"main\">\n<table cellpadding=\"0\" role=\"presentation\" style=\"width:1645px;\">\n<tbody>\n<tr>\n<td>\n<div role=\"list\">\n<div role=\"listitem\" style=\"clear:both;\" tabindex=\"-1\">\n<div id=\":2s1\">\n<div style=\"margin-left:44px;\">\n<div id=\":2qv\">\n<div id=\":2s2\">\n<div dir=\"auto\">\n<blockquote type=\"cite\">\n<div dir=\"ltr\">\n<p><span style=\"font-family: sans-serif, Arial, Verdana, &quot;Trebuchet MS&quot;;\">Serin havas\u0131 ve yemye\u015fil do\u011fas\u0131yla Mersinlilerin ve yaylac\u0131lar\u0131n nefes ald\u0131\u011f\u0131 yerlerin ba\u015f\u0131nda gelen G\u00f6zne meydan\u0131 yap\u0131lmay\u0131 bekliyor.<\/span><\/p>\n<\/p><\/div>\n<\/blockquote>\n<blockquote type=\"cite\">\n<div dir=\"ltr\">\n<p>Y\u0131llard\u0131r d\u00fczenlemesi y\u0131lan hikayesine d\u00f6nen G\u00f6zne meydan\u0131nda ge\u00e7en zamana ra\u011fmen herhangi bir geli\u015fme olmad\u0131. \u00d6zellikle hafta sonlar\u0131 ve tatillerde yaylac\u0131larla birlikte n\u00fcfusu 50 bini ge\u00e7en mahallede, halen bir meydan olmamas\u0131 ve bozuk olan yollar vatanda\u015flar\u0131n tepkisini \u00e7ekiyor.<\/p>\n<p>G\u00f6zne&#8217;ye yak\u0131\u015f\u0131r g\u00fczel bir meydan istediklerini dile getiren G\u00f6zneliler, &#8220;Y\u0131llard\u0131r bizlere verilmi\u015f olan g\u00fczel bir meydan s\u00f6z\u00fc var ama bu s\u00f6z\u00fc uygulayan yok. Bu kadar g\u00fczel bir yaylan\u0131n halen bir meydan\u0131n\u0131n olmamas\u0131 anla\u015f\u0131l\u0131r gibi de\u011fil. Yetkililerden bir an \u00f6nce g\u00fczel bir meydan yapmalar\u0131n\u0131 istiyoruz&#8221; dedi.<\/p>\n<\/p><\/div>\n<\/blockquote><\/div>\n<\/p><\/div>\n<\/p><\/div>\n<\/p><\/div>\n<\/p><\/div>\n<\/p><\/div>\n<\/p><\/div>\n<\/td>\n<\/tr>\n<\/tbody>\n<\/table>\n<div style=\"clear:both;\">\n\u00a0<\/div>\n<\/div>\n<\/div>\n<\/div>\n","protected":false},"excerpt":{"rendered":"<p>Y\u0131llard\u0131r d\u00fczenleme bekleyen G\u00f6zne meydan\u0131yla ilgili olarak hala harekete ge\u00e7en olmad\u0131, meydan at\u0131l durumda bekliyor! Serin havas\u0131 ve yemye\u015fil do\u011fas\u0131yla Mersinlilerin ve yaylac\u0131lar\u0131n nefes ald\u0131\u011f\u0131 yerlerin ba\u015f\u0131nda gelen G\u00f6zne meydan\u0131 &hellip; <a href=\"https:\/\/akdenizolaygazetesi.com\/?p=1417\" class=\"more-link\">Devam\u0131n\u0131 Oku&#8230;<\/a><\/p>\n","protected":false},"author":1,"featured_media":0,"comment_status":"open","ping_status":"open","sticky":false,"template":"","format":"standard","meta":[],"categories":[],"tags":[],"_links":{"self":[{"href":"https:\/\/akdenizolaygazetesi.com\/index.php?rest_route=\/wp\/v2\/posts\/1417"}],"collection":[{"href":"https:\/\/akdenizolaygazetesi.com\/index.php?rest_route=\/wp\/v2\/posts"}],"about":[{"href":"https:\/\/akdenizolaygazetesi.com\/index.php?rest_route=\/wp\/v2\/types\/post"}],"author":[{"embeddable":true,"href":"https:\/\/akdenizolaygazetesi.com\/index.php?rest_route=\/wp\/v2\/users\/1"}],"replies":[{"embeddable":true,"href":"https:\/\/akdenizolaygazetesi.com\/index.php?rest_route=%2Fwp%2Fv2%2Fcomments&post=1417"}],"version-history":[{"count":0,"href":"https:\/\/akdenizolaygazetesi.com\/index.php?rest_route=\/wp\/v2\/posts\/1417\/revisions"}],"wp:attachment":[{"href":"https:\/\/akdenizolaygazetesi.com\/index.php?rest_route=%2Fwp%2Fv2%2Fmedia&parent=1417"}],"wp:term":[{"taxonomy":"category","embeddable":true,"href":"https:\/\/akdenizolaygazetesi.com\/index.php?rest_route=%2Fwp%2Fv2%2Fcategories&post=1417"},{"taxonomy":"post_tag","embeddable":true,"href":"https:\/\/akdenizolaygazetesi.com\/index.php?rest_route=%2Fwp%2Fv2%2Ftags&post=1417"}],"curies":[{"name":"wp","href":"https:\/\/api.w.org\/{rel}","templated":true}]}}