{"id":1418,"date":"2020-11-04T18:21:58","date_gmt":"2020-11-04T15:21:58","guid":{"rendered":"http:\/\/mersinekonomipolitikagazetesi.com\/?p=1418"},"modified":"2020-11-04T18:21:58","modified_gmt":"2020-11-04T15:21:58","slug":"cezaevi-firarisi-oto-hirsizi-is-basinda-yakalandi","status":"publish","type":"post","link":"https:\/\/akdenizolaygazetesi.com\/?p=1418","title":{"rendered":"Cezaevi firarisi oto h\u0131rs\u0131z\u0131 i\u015f ba\u015f\u0131nda yakaland\u0131"},"content":{"rendered":"<p>Mersin&#8217;de park halindeki 35 ayr\u0131 otoda meydana gelen h\u0131rs\u0131zl\u0131k olaylar\u0131yla ilgili aranan cezaevi firarisi, polisin s\u0131k\u0131 takibi sonucu yakaland\u0131.<\/p>\n<p><span style=\"color: rgb(0, 0, 0); font-family: Tahoma, Arial, &quot;Times New Roman TUR&quot;, Verdana; font-size: 15px;\">Edinilen bilgiye g\u00f6re, Mersin Emniyet M\u00fcd\u00fcrl\u00fc\u011f\u00fc H\u0131rs\u0131zl\u0131k B\u00fcro Amirli\u011fi ekipleri, son d\u00f6nemde site bah\u00e7esinde park halindeki otolardan meydana gelen h\u0131rs\u0131zl\u0131k olaylar\u0131n\u0131n ayd\u0131nlat\u0131lmas\u0131na y\u00f6nelik \u00e7al\u0131\u015fma ba\u015flatt\u0131. B\u00f6lgedeki g\u00fcvenlik kameras\u0131 g\u00f6r\u00fcnt\u00fclerini inceleyen ve olay yerinde elde edilen su\u00e7 aletlerinden yola \u00e7\u0131kan polis, 35 ayr\u0131 ara\u00e7tan cam\u0131n\u0131 k\u0131rarak veya kap\u0131s\u0131n\u0131 a\u00e7arak h\u0131rs\u0131zl\u0131k yapt\u0131\u011f\u0131 belirlenen cezaevi firarisi \u0130.E.&#8217;yi g\u00f6zalt\u0131na ald\u0131. Ayn\u0131 su\u00e7tan birden fazla sab\u0131kas\u0131 bulunan ve hakk\u0131nda 10 y\u0131l kesinle\u015fmi\u015f hapis cezas\u0131 olan zanl\u0131, emniyetteki sorgusunun ard\u0131ndan sevk edildi\u011fi mahkemece tutukland\u0131.<\/span><br style=\"color: rgb(0, 0, 0); font-family: Tahoma, Arial, &quot;Times New Roman TUR&quot;, Verdana; font-size: 15px;\" \/><br \/>\n<span style=\"color: rgb(0, 0, 0); font-family: Tahoma, Arial, &quot;Times New Roman TUR&quot;, Verdana; font-size: 15px;\">\u00d6te yandan, H\u0131rs\u0131zl\u0131k B\u00fcro Amirli\u011fi ekiplerinin yapt\u0131\u011f\u0131 bir ba\u015fka \u00e7al\u0131\u015fmada ise 10 ayr\u0131 i\u015f yerinden h\u0131rs\u0131zl\u0131k olay\u0131na kar\u0131\u015ft\u0131klar\u0131 tespit edilen B.G. ve V.G. yakalanarak g\u00f6zalt\u0131na al\u0131nd\u0131. G\u00fcvenlik kameras\u0131 g\u00f6r\u00fcnt\u00fclerinde tan\u0131nmamak i\u00e7in maske kulland\u0131klar\u0131 belirlenen zanl\u0131lar, \u00e7\u0131kar\u0131ld\u0131klar\u0131 mahkemece tutukland\u0131lar.<\/span><br style=\"color: rgb(0, 0, 0); font-family: Tahoma, Arial, &quot;Times New Roman TUR&quot;, Verdana; font-size: 15px;\" \/><br \/>\n<span style=\"color: rgb(0, 0, 0); font-family: Tahoma, Arial, &quot;Times New Roman TUR&quot;, Verdana; font-size: 15px;\">Emniyet yetkilileri, ara\u00e7lar\u0131n\u0131n g\u00f6r\u00fcn\u00fcr yerlerinde de\u011ferli e\u015fyalar\u0131n\u0131 b\u0131rakmamalar\u0131 konusunda vatanda\u015flar\u0131 uyard\u0131.<\/span><\/p>\n","protected":false},"excerpt":{"rendered":"<p>Mersin&#8217;de park halindeki 35 ayr\u0131 otoda meydana gelen h\u0131rs\u0131zl\u0131k olaylar\u0131yla ilgili aranan cezaevi firarisi, polisin s\u0131k\u0131 takibi sonucu yakaland\u0131. Edinilen bilgiye g\u00f6re, Mersin Emniyet M\u00fcd\u00fcrl\u00fc\u011f\u00fc H\u0131rs\u0131zl\u0131k B\u00fcro Amirli\u011fi ekipleri, son &hellip; <a href=\"https:\/\/akdenizolaygazetesi.com\/?p=1418\" class=\"more-link\">Devam\u0131n\u0131 Oku&#8230;<\/a><\/p>\n","protected":false},"author":1,"featured_media":0,"comment_status":"open","ping_status":"open","sticky":false,"template":"","format":"standard","meta":[],"categories":[],"tags":[],"_links":{"self":[{"href":"https:\/\/akdenizolaygazetesi.com\/index.php?rest_route=\/wp\/v2\/posts\/1418"}],"collection":[{"href":"https:\/\/akdenizolaygazetesi.com\/index.php?rest_route=\/wp\/v2\/posts"}],"about":[{"href":"https:\/\/akdenizolaygazetesi.com\/index.php?rest_route=\/wp\/v2\/types\/post"}],"author":[{"embeddable":true,"href":"https:\/\/akdenizolaygazetesi.com\/index.php?rest_route=\/wp\/v2\/users\/1"}],"replies":[{"embeddable":true,"href":"https:\/\/akdenizolaygazetesi.com\/index.php?rest_route=%2Fwp%2Fv2%2Fcomments&post=1418"}],"version-history":[{"count":0,"href":"https:\/\/akdenizolaygazetesi.com\/index.php?rest_route=\/wp\/v2\/posts\/1418\/revisions"}],"wp:attachment":[{"href":"https:\/\/akdenizolaygazetesi.com\/index.php?rest_route=%2Fwp%2Fv2%2Fmedia&parent=1418"}],"wp:term":[{"taxonomy":"category","embeddable":true,"href":"https:\/\/akdenizolaygazetesi.com\/index.php?rest_route=%2Fwp%2Fv2%2Fcategories&post=1418"},{"taxonomy":"post_tag","embeddable":true,"href":"https:\/\/akdenizolaygazetesi.com\/index.php?rest_route=%2Fwp%2Fv2%2Ftags&post=1418"}],"curies":[{"name":"wp","href":"https:\/\/api.w.org\/{rel}","templated":true}]}}