{"id":14181,"date":"2021-09-16T11:06:02","date_gmt":"2021-09-16T08:06:02","guid":{"rendered":"http:\/\/akdenizolaygazetesi.com\/?p=14181"},"modified":"2021-09-16T11:06:02","modified_gmt":"2021-09-16T08:06:02","slug":"akdeniz-en-eski-mahallelerden-olusuyor","status":"publish","type":"post","link":"https:\/\/akdenizolaygazetesi.com\/?p=14181","title":{"rendered":"&#8220;Akdeniz en eski mahallelerden olu\u015fuyor&#8221;"},"content":{"rendered":"<p>Hamidiye Mahallesi&#8217;ni ziyaret eden Akdeniz Belediye Ba\u015fkan\u0131 M. Mustafa G\u00fcltak, kentin temel sorununun alt yap\u0131 ve imar oldu\u011funa vurgu yaparak radikal \u00e7\u00f6z\u00fcm\u00fcn de kentsel d\u00f6n\u00fc\u015f\u00fcm oldu\u011funa bir kez daha dikkat \u00e7ekti. Ba\u015fkan G\u00fcltak; &#8220;De\u011fi\u015fim \u015fart! E\u011fer bu de\u011fi\u015fimi yakalayamazsak, 25 y\u0131l sonra da ayn\u0131 \u015feyleri konu\u015fuyor olaca\u011f\u0131z&#8221; dedi.<br \/>\nAkdeniz Belediye Ba\u015fkan\u0131 Mustafa G\u00fcltak; haftal\u0131k mahalle ziyaretleri kapsam\u0131nda Hamidiye Mahallesi&#8217;nde vatanda\u015flarla bir aradayd\u0131. Ziyarete, Ba\u015fkan G\u00fcltak&#8217;\u0131n yan\u0131 s\u0131ra; Ba\u015fkan Yard\u0131mc\u0131lar\u0131 ve AK Parti Akdeniz \u0130l\u00e7e Te\u015fkilat\u0131, Hamidiye Mahalle Muhtar\u0131 Hamit Sor, K\u00fclt\u00fcr Mahallesi Muhtar\u0131 Ali Karadeniz, Kiremithane Mahalle Muhtar\u0131 Ali G\u00fclgen, Akdeniz \u00c7aml\u0131bel Derne\u011fi Ba\u015fkan\u0131 H\u00fcseyin Karl\u0131kl\u0131 ile meclis \u00fcyeleri ve birim m\u00fcd\u00fcrleri de kat\u0131ld\u0131. Akdeniz&#8217;de bir\u00e7ok parkta yenileme i\u015flemi yapacaklar\u0131n\u0131 s\u00f6yleyerek konu\u015fmas\u0131na ba\u015flayan G\u00fcltak; &#8220;Yak\u0131nda ihaleye \u00e7\u0131k\u0131lacak. Sonras\u0131nda bu parklar\u0131n hepsinin birden de\u011fi\u015fti\u011fini g\u00f6receksiniz. Biraz sab\u0131r diyorum&#8221; \u015feklinde konu\u015ftu.<br \/>\n&#8220;Akdeniz en eski mahallelerden olu\u015fuyor&#8221;<br \/>\nBa\u015fkan G\u00fcltak; &#8220;Fen i\u015fleri ekiplerimiz asfalt ve yama i\u015fleri ile u\u011fra\u015f\u0131yorlar. Bir\u00e7ok mahallemizde yama i\u015fleri h\u0131zl\u0131 bir \u015fekilde tamamlan\u0131yor. Biliyorsunuz mahallelerimiz \u00e7ok eski. Akdeniz \u015fehrin kalbi ve en eski mahallelerden olu\u015fuyor. Maalesef  sorunlar da 1-2 y\u0131ll\u0131k sorunlar de\u011fil. Baz\u0131 mahallelerde 40-50 y\u0131ll\u0131k sorunlar ile kar\u015f\u0131 kar\u015f\u0131yay\u0131z. Baz\u0131 \u015feyler bir anda olmuyor&#8221; dedi.<br \/>\n&#8220;Akdeniz halklar\u0131 i\u00e7in durmad\u0131k&#8221;<br \/>\n\u0130ki y\u0131l i\u00e7erisinde so\u011fuk ve s\u0131cak asfalt d\u00f6kme tesislerini Akdeniz Belediyesi&#8217;nin vergilerinden de\u011fil de hibe \u015feklinde almaya \u00e7al\u0131\u015ft\u0131klar\u0131n\u0131 ve bunda da ba\u015far\u0131l\u0131 olduklar\u0131n\u0131 ifade eden Ba\u015fkan G\u00fcltak; &#8220;\u00c7\u00fcnk\u00fc Akdeniz Belediyesi merkezin en bor\u00e7lu belediyesidir. Yakla\u015f\u0131k 200 milyon TL&#8217;nin \u00fcst\u00fcnde borcu var. Bu bor\u00e7lar\u0131n hepsi ge\u00e7mi\u015fte yap\u0131lm\u0131\u015f. Dolay\u0131s\u0131yla gelen paralarla bizim asfalt tesisi kurmam\u0131z, kamyon ya da yeni otob\u00fcs sat\u0131n alma \u015fans\u0131m\u0131z g\u00f6z\u00fckm\u00fcyordu. Ne yapt\u0131k? Akdeniz halklar\u0131 i\u00e7in durmad\u0131k. \u00d6n\u00fcm\u00fczdeki y\u0131ldan itibaren mahallelerimize s\u0131cak asfalt d\u00f6kmeye ba\u015flayaca\u011f\u0131z. Bir\u00e7ok mahallemizde yollara m\u0131c\u0131r veriyoruz. \u00d6n\u00fcm\u00fczdeki g\u00fcnlerde so\u011fuk asfalt d\u00f6kme tesisimiz de bitmi\u015f olacak. Bu tesislerin hepsini parayla ve ihaleyle almaya kalkt\u0131\u011f\u0131n\u0131zda para yetmiyor. \u00c7\u00fcnk\u00fc Akdeniz&#8217;in b\u00f6yle bir paras\u0131 yok&#8221; diye konu\u015ftu.<br \/>\n&#8220;Bar\u0131\u015f Mahallesi&#8217;nde d\u00f6n\u00fc\u015f\u00fcm ba\u015fl\u0131yor&#8221;<br \/>\nTOK\u0130 kapsam\u0131nda Bar\u0131\u015f Mahallesi&#8217;ni y\u0131kmaya ba\u015flayacaklar\u0131n\u0131 kaydeden Ba\u015fkan Mustafa G\u00fcltak; &#8220;\u00c7ok yak\u0131n bir tarihte orada da h\u0131zl\u0131 bir \u015fekilde kentsel d\u00f6n\u00fc\u015f\u00fcm\u00fc ba\u015flatm\u0131\u015f oluyoruz. Amac\u0131m\u0131z Bar\u0131\u015f, Bah\u00e7e, Turgut Reis&#8217;te TOK\u0130&#8217;yi bitirip bu \u015fehirde de\u011fi\u015fimi sa\u011flamak istiyoruz. \u00c7\u00fcnk\u00fc bu \u015fehrin h\u0131zl\u0131 bir \u015fekilde de\u011fi\u015fime ihtiyac\u0131 var. Eski mahallelerden, eski sokaklardan yeni bir \u015fehir \u00e7\u0131kmaz. Bunu d\u00f6n\u00fc\u015ft\u00fcrerek elde edebiliriz. 5 sene i\u00e7inde bu mahallelerde d\u00f6n\u00fc\u015f\u00fcm\u00fc herkese g\u00f6sterece\u011fiz. Sonras\u0131nda da h\u0131zl\u0131 bir \u015fekilde \u00f6zel sekt\u00f6r\u00fc de yan\u0131m\u0131za alarak il\u00e7emizin de\u011fi\u015fmesini istiyoruz. \u00c7\u00fcnk\u00fc Akdeniz 100 y\u0131ll\u0131k bir il\u00e7e. Binalar\u0131m\u0131z\u0131n \u00e7o\u011fu 60-70 ya\u015f\u0131nda. Bunlar\u0131 yeniden yapmam\u0131z gerekiyor. Yapmadan bu \u015fehir d\u00fczelmez&#8221; dedi.<br \/>\n&#8220;Ben de\u011fi\u015fimden yanay\u0131m&#8221;<br \/>\nMersin&#8217;in belediyecilik ad\u0131na 3 tane b\u00fcy\u00fck sorunu oldu\u011funa dikkat \u00e7eken Ba\u015fkan G\u00fcltak; &#8220;Birincisi imar sorunu. Hala \u00e7\u00f6zemiyoruz. \u0130yi bir imar yapmazsan\u0131z \u015fehri dizayn edemezsiniz. \u0130kincisi ula\u015f\u0131m sorunudur. Hala ula\u015f\u0131m sorunlar\u0131 \u00e7\u00f6z\u00fclmedi. \u00dc\u00e7\u00fcnc\u00fcs\u00fc ki en \u00f6nemlilerinden birisi de budur. \u00c7ok fazla ka\u00e7ak yap\u0131 var. Bunlar\u0131 d\u00fczeltip yeniden dizayn etmezsek Akdeniz&#8217;in d\u00fczelme \u015fans\u0131 yok. Bak\u0131n Bar\u0131\u015f Mahallesi&#8217;nde hep beraber bir \u015fehir yarataca\u011f\u0131z. Mahallelerimizin  25 y\u0131l \u00f6nceki haliyle bug\u00fcnk\u00fc aras\u0131nda ne fark var? Hi\u00e7bir fark yok. E\u011fer bu de\u011fi\u015fimi yakalayamazsak, hep beraber bunu ba\u015faramazsak 25 y\u0131l sonra da ayn\u0131 \u015feyleri konu\u015fuyor olaca\u011f\u0131z. O y\u00fczden ben de\u011fi\u015fimden yanay\u0131m. Yapt\u0131\u011f\u0131m\u0131z projelerle de bunu hayata ge\u00e7irmi\u015f olaca\u011f\u0131z&#8221; ifadelerini kulland\u0131.<br \/>\n&#8220;Yepyeni bir marinan\u0131z olacak&#8221;<br \/>\nHamidiye K\u0131\u015flas\u0131 ve \u00c7aml\u0131bel Marina Projesi&#8217;ne dair de \u00f6nemli a\u00e7\u0131klamalarda bulunan Akdeniz Belediye Ba\u015fkan\u0131 Mustafa G\u00fcltak; &#8220;Projeler bitme a\u015famas\u0131nda. \u0130n\u015fallah onlar\u0131 ihale a\u015famas\u0131na getirece\u011fiz. 2023 se\u00e7imlerinden \u00f6nce hem Hamidiye K\u0131\u015flas\u0131n\u0131 hem de \u00c7aml\u0131bel Marina&#8217;y\u0131 bitirmeyi hedefliyoruz. Yepyeni bir marinan\u0131z olacak. Bu k\u0131\u015fla da Millet Bah\u00e7esi&#8217;ne entegre olacak&#8221; dedi.<br \/>\n&#8220;En fazla bar\u0131\u015f\u0131 ve karde\u015fli\u011fi \u00f6nemsedik&#8221;<br \/>\nBa\u015fkan Mustafa G\u00fcltak; &#8220;Biz se\u00e7imlerde en fazla bar\u0131\u015f ve karde\u015fli\u011fi \u00f6nemsedik. Akdeniz&#8217;de bu yoktu. Akdeniz&#8217;de kavga, g\u00fcr\u00fclt\u00fc \u00e7oktu.  \u00c7ok \u015f\u00fck\u00fcr bizimle birlikte bunlar kalkt\u0131. Bug\u00fcn hangi mahalleye giderseniz gidin rahatl\u0131kla gezip, sohbet muhabbet edebilirsiniz. Bar\u0131\u015f\u0131n, huzurun olmad\u0131\u011f\u0131 yerde mahalle g\u00fczel olsa ne olur. Bundan sonraki ana hedefimiz de bu bar\u0131\u015fla birlikte \u015fehrin g\u00fczelle\u015fmesi i\u00e7in \u00e7aba sarf ederek \u00e7ocuklar\u0131m\u0131z\u0131n ve gen\u00e7lerimizin daha iyi ortamlarda ya\u015famalar\u0131n\u0131 sa\u011flamak&#8221; \u015feklinde konu\u015ftu.<br \/>\n&#8220;Karaduvar Bal\u0131k Festivali&#8217;ne Ceza ve \u0130rem Derici geliyor&#8221;<br \/>\nKaraduvar Bal\u0131k Festivali&#8217;ni 9-10 Ekim&#8217;de ger\u00e7ekle\u015ftireceklerini s\u00f6yleyen Ba\u015fkan Mustafa G\u00fcltak<br \/>\n &#8220;Konserlere Ceza ve \u0130rem Derici gelecek. \u00d6te yandan \u00fcnl\u00fc gurmeler de geliyor. Bu festival hepimiz i\u00e7in moral motivasyon olacak. \u00c7\u00fcnk\u00fc Karaduvar art\u0131k kendini a\u015ft\u0131. \u00c7ok da g\u00fczel bir yer oldu. Daha da olmaya devam ediyor. Orda da bir \u00e7ok b\u00fcy\u00fck bir park\u0131 hayata ge\u00e7irece\u011fiz&#8221; ifadelerini kulland\u0131.<br \/>\nKonu\u015fmas\u0131n\u0131n devam\u0131nda Ba\u015fkan G\u00fcltak, Hamidiye Mahallesi sakinleri ile esnaf\u0131n\u0131n talep ve \u00f6nerilerini dinleyerek; \u00e7e\u015fitli konulardaki sorular\u0131 da yan\u0131tlad\u0131.<\/p>\n","protected":false},"excerpt":{"rendered":"<p>Hamidiye Mahallesi&#8217;ni ziyaret eden Akdeniz Belediye Ba\u015fkan\u0131 M. Mustafa G\u00fcltak, kentin temel sorununun alt yap\u0131 ve imar oldu\u011funa vurgu yaparak radikal \u00e7\u00f6z\u00fcm\u00fcn de kentsel d\u00f6n\u00fc\u015f\u00fcm oldu\u011funa bir kez daha dikkat &hellip; <a href=\"https:\/\/akdenizolaygazetesi.com\/?p=14181\" class=\"more-link\">Devam\u0131n\u0131 Oku&#8230;<\/a><\/p>\n","protected":false},"author":2,"featured_media":14182,"comment_status":"open","ping_status":"open","sticky":false,"template":"","format":"standard","meta":[],"categories":[1,3,5,6],"tags":[],"_links":{"self":[{"href":"https:\/\/akdenizolaygazetesi.com\/index.php?rest_route=\/wp\/v2\/posts\/14181"}],"collection":[{"href":"https:\/\/akdenizolaygazetesi.com\/index.php?rest_route=\/wp\/v2\/posts"}],"about":[{"href":"https:\/\/akdenizolaygazetesi.com\/index.php?rest_route=\/wp\/v2\/types\/post"}],"author":[{"embeddable":true,"href":"https:\/\/akdenizolaygazetesi.com\/index.php?rest_route=\/wp\/v2\/users\/2"}],"replies":[{"embeddable":true,"href":"https:\/\/akdenizolaygazetesi.com\/index.php?rest_route=%2Fwp%2Fv2%2Fcomments&post=14181"}],"version-history":[{"count":1,"href":"https:\/\/akdenizolaygazetesi.com\/index.php?rest_route=\/wp\/v2\/posts\/14181\/revisions"}],"predecessor-version":[{"id":14183,"href":"https:\/\/akdenizolaygazetesi.com\/index.php?rest_route=\/wp\/v2\/posts\/14181\/revisions\/14183"}],"wp:featuredmedia":[{"embeddable":true,"href":"https:\/\/akdenizolaygazetesi.com\/index.php?rest_route=\/wp\/v2\/media\/14182"}],"wp:attachment":[{"href":"https:\/\/akdenizolaygazetesi.com\/index.php?rest_route=%2Fwp%2Fv2%2Fmedia&parent=14181"}],"wp:term":[{"taxonomy":"category","embeddable":true,"href":"https:\/\/akdenizolaygazetesi.com\/index.php?rest_route=%2Fwp%2Fv2%2Fcategories&post=14181"},{"taxonomy":"post_tag","embeddable":true,"href":"https:\/\/akdenizolaygazetesi.com\/index.php?rest_route=%2Fwp%2Fv2%2Ftags&post=14181"}],"curies":[{"name":"wp","href":"https:\/\/api.w.org\/{rel}","templated":true}]}}