{"id":14184,"date":"2021-09-16T11:08:01","date_gmt":"2021-09-16T08:08:01","guid":{"rendered":"http:\/\/akdenizolaygazetesi.com\/?p=14184"},"modified":"2021-09-16T11:08:01","modified_gmt":"2021-09-16T08:08:01","slug":"baskan-yilmaz-daha-saglikli-cevrede-yasamayi-ve-hareketli-yasama-farkindalik-olusturmayi-amacliyoruz","status":"publish","type":"post","link":"https:\/\/akdenizolaygazetesi.com\/?p=14184","title":{"rendered":"Ba\u015fkan Y\u0131lmaz; &#8220;Daha Sa\u011fl\u0131kl\u0131 \u00c7evrede Ya\u015famay\u0131 ve Hareketli Ya\u015fama Fark\u0131ndal\u0131k Olu\u015fturmay\u0131 Ama\u00e7l\u0131yoruz&#8221;"},"content":{"rendered":"<p>Toroslar Belediyesi, her y\u0131l 16-22 Eyl\u00fcl tarihleri aras\u0131nda kutlanan Avrupa Hareketlilik Haftas\u0131&#8217;na bu y\u0131l da spor aktivitelerinden do\u011fa y\u00fcr\u00fcy\u00fc\u015f\u00fcne ve arabas\u0131z g\u00fcn etkinli\u011fine kadar bir dizi programla e\u015flik ediyor.<\/p>\n<p>2021 y\u0131l\u0131 temas\u0131 &#8220;S\u00fcrd\u00fcr\u00fclebilir Ula\u015f\u0131m; Sa\u011fl\u0131kl\u0131 ve G\u00fcvenli Hareketlilik&#8221; olan hafta kapsam\u0131nda etkinlikler; 16 Eyl\u00fcl Per\u015fembe g\u00fcn\u00fc Yunus Emre K\u00fclt\u00fcr Merkezi&#8217;nde belediye personeli aras\u0131nda d\u00fczenlenecek &#8220;Masa Tenisi ve Dart Turnuvas\u0131&#8221; ile ba\u015flayacak.<\/p>\n<p>Gelecek nesillere daha sa\u011fl\u0131kl\u0131 bir \u00e7evre b\u0131rakmak ve hareketli ya\u015fama fark\u0131ndal\u0131k olu\u015fturmak amac\u0131yla d\u00fczenlenen etkinliklerde \u00f6zel sporcular da unutulmad\u0131. 17 Eyl\u00fcl Cuma g\u00fcn\u00fc saat 17.00&#8217;da Nevin Yan\u0131t Atletizm Sahas\u0131&#8217;nda \u00f6zel sporcularla fark\u0131ndal\u0131k etkinli\u011fi yap\u0131lacak.<\/p>\n<p>&#8220;Arabas\u0131z G\u00fcn Etkinli\u011fi ve Do\u011fa Y\u00fcr\u00fcy\u00fc\u015f\u00fc D\u00fczenlenecek&#8221;<\/p>\n<p>Belediye, Avrupa Hareketlilik Haftas\u0131&#8217;na; 18 Eyl\u00fcl Cumartesi g\u00fcn\u00fc saat 10.00&#8217;da Demirta\u015f Mahallesi&#8217;nde yap\u0131lacak &#8220;Arabas\u0131z G\u00fcn Etkinli\u011fi&#8221;, 19 Eyl\u00fcl Pazar g\u00fcn\u00fc saat 10.00&#8217;da Yenik\u00f6y Mahallesi&#8217;nden ba\u015flay\u0131p Alada\u011f Mahallesi K\u0131z\u0131lge\u00e7it K\u00f6pr\u00fcs\u00fc&#8217;nde tamamlanacak &#8220;Bisiklet ve Y\u00fcr\u00fcy\u00fc\u015fle Toroslar&#8217;\u0131 Ke\u015ffet&#8221; etkinli\u011fi ile devam edecek.<\/p>\n<p>&#8220;Bisiklet ve Y\u00fcr\u00fcy\u00fc\u015fle Toroslar&#8217;\u0131 Ke\u015ffet&#8221; etkinli\u011fine kat\u0131lmak isteyenler i\u00e7in 19 Eyl\u00fcl Pazar g\u00fcn\u00fc saat 09.00 da Toroslar Belediyesi ana hizmet binas\u0131 ile Toroslar Kaymakaml\u0131\u011f\u0131 \u00f6n\u00fcnden servis kald\u0131r\u0131lacak.<\/p>\n<p>Belediye, Avrupa Hareketlilik Haftas\u0131&#8217;na; 20 Eyl\u00fcl Pazartesi g\u00fcn\u00fc saat 15.00&#8217;da Korukent Mahallesi&#8217;nde bulunan Toroslar Belediyesi \u015eehit Jandarma Uzman \u00c7avu\u015f Durmu\u015f Tek Kre\u015f ve G\u00fcnd\u00fcz Bak\u0131m Evi yan\u0131nda olu\u015fturulan kros parkur alan\u0131nda d\u00fczenlenecek &#8220;Kros Etkinli\u011fi&#8221;, 21 Eyl\u00fcl Sal\u0131 g\u00fcn\u00fc saat 09.00&#8217;da Toroslar Belediyesi ana hizmet binas\u0131 \u00f6n\u00fcnde d\u00fczenlenecek &#8220;Bisiklet Fark\u0131ndal\u0131k S\u00fcr\u00fc\u015f\u00fc&#8221;, saat 16.00&#8217;da Halkkent Mahallesi&#8217;nde bulunan Devlet Bah\u00e7eli Park\u0131&#8217;nda &#8220;Bisikletli ve Ko\u015farak Oryantiring&#8221; ekinli\u011fi ile saat 18.00&#8217;da H\u00fcseyin Okan Merzeci Mahallesi&#8217;ndeki Mehmet\u00e7ik Park\u0131&#8217;nda ger\u00e7ekle\u015ftirilecek &#8220;Tartan Pistte Y\u00fcr\u00fcy\u00fc\u015f&#8221; etkinli\u011fiyle damga vuracak.<\/p>\n<p>Program; 22 Eyl\u00fcl \u00c7ar\u015famba g\u00fcn\u00fc saat 14.00&#8217;da Yunus Emre K\u00fclt\u00fcr Merkezi&#8217;nde organize edilecek &#8220;Sporun Mutfa\u011f\u0131ndakiler&#8221; paneli ile ta\u00e7lanacak. Panelde, olimpiyatlarda kentimizi ve \u00fclkemizi temsil eden sporcular Tu\u011f\u00e7e \u015eahuto\u011flu (\u00c7eki\u00e7 Atma), Ersu \u015ea\u015fma (S\u0131r\u0131kla Atlama), Tu\u011fba \u015eeno\u011flu (Voleybol) ve Beren Ye\u015fil\u0131rmak (Voleybol), sporseverlerle bulu\u015facak.<\/p>\n<p>&#8220;Avrupa Hareketlilik Haftas\u0131 Ulusal \u00d6d\u00fcl\u00fcn\u00fc Ald\u0131k&#8221;<\/p>\n<p>Toroslar Belediye Ba\u015fkan\u0131 Ats\u0131z Af\u015f\u0131n Y\u0131lmaz, Toroslar Belediyesi olarak iki y\u0131ld\u0131r kat\u0131l\u0131m g\u00f6sterdikleri &#8216;Avrupa Hareketlilik Haftas\u0131&#8217; etkinliklerinin bu y\u0131l da Toroslar&#8217;da dolu dolu ge\u00e7ece\u011fini s\u00f6yledi.<\/p>\n<p>2019 y\u0131l\u0131nda \u00e7evreci ve sa\u011fl\u0131kl\u0131 toplum \u00e7al\u0131\u015fmalar\u0131yla &#8216;Avrupa Hareketlilik Haftas\u0131 Ulusal \u00d6d\u00fcl\u00fcne\u2019 lay\u0131k g\u00f6r\u00fcld\u00fcklerini de hat\u0131rlatan Ba\u015fkan Y\u0131lmaz; &#8220;Her y\u0131l 16-22 Eyl\u00fcl tarihleri aras\u0131nda d\u00fcnyan\u0131n her yerinde kutlanan Avrupa Hareketlilik Haftas\u0131&#8217;na bu y\u0131l da kat\u0131ld\u0131k. Avrupa Birli\u011fi Komisyonu\u2019nun kentlerde hareketlili\u011fi art\u0131rmak ve belediyelerin kal\u0131c\u0131 tedbirler almas\u0131n\u0131 te\u015fvik etmek amac\u0131yla d\u00fczenlendi\u011fi hafta kapsam\u0131nda \u00e7e\u015fitli etkinlikler d\u00fczenliyoruz. Spor yapmay\u0131, y\u00fcr\u00fcmeyi ve bisiklete binmeyi \u00f6zendirici bir dizi etkinliklerle Toroslar\u0131m\u0131zda hareketli ya\u015fama fark\u0131ndal\u0131k olu\u015fturaca\u011f\u0131z. Bu organizasyonda yer almaktan dolay\u0131 mutluluk duyuyoruz. Etkinliklerimize t\u00fcm hem\u015fehrilerimizi bekliyoruz&#8221; \u015feklinde konu\u015ftu.<\/p>\n","protected":false},"excerpt":{"rendered":"<p>Toroslar Belediyesi, her y\u0131l 16-22 Eyl\u00fcl tarihleri aras\u0131nda kutlanan Avrupa Hareketlilik Haftas\u0131&#8217;na bu y\u0131l da spor aktivitelerinden do\u011fa y\u00fcr\u00fcy\u00fc\u015f\u00fcne ve arabas\u0131z g\u00fcn etkinli\u011fine kadar bir dizi programla e\u015flik ediyor. 2021 &hellip; <a href=\"https:\/\/akdenizolaygazetesi.com\/?p=14184\" class=\"more-link\">Devam\u0131n\u0131 Oku&#8230;<\/a><\/p>\n","protected":false},"author":2,"featured_media":14185,"comment_status":"open","ping_status":"open","sticky":false,"template":"","format":"standard","meta":[],"categories":[2,3,5,10],"tags":[],"_links":{"self":[{"href":"https:\/\/akdenizolaygazetesi.com\/index.php?rest_route=\/wp\/v2\/posts\/14184"}],"collection":[{"href":"https:\/\/akdenizolaygazetesi.com\/index.php?rest_route=\/wp\/v2\/posts"}],"about":[{"href":"https:\/\/akdenizolaygazetesi.com\/index.php?rest_route=\/wp\/v2\/types\/post"}],"author":[{"embeddable":true,"href":"https:\/\/akdenizolaygazetesi.com\/index.php?rest_route=\/wp\/v2\/users\/2"}],"replies":[{"embeddable":true,"href":"https:\/\/akdenizolaygazetesi.com\/index.php?rest_route=%2Fwp%2Fv2%2Fcomments&post=14184"}],"version-history":[{"count":1,"href":"https:\/\/akdenizolaygazetesi.com\/index.php?rest_route=\/wp\/v2\/posts\/14184\/revisions"}],"predecessor-version":[{"id":14186,"href":"https:\/\/akdenizolaygazetesi.com\/index.php?rest_route=\/wp\/v2\/posts\/14184\/revisions\/14186"}],"wp:featuredmedia":[{"embeddable":true,"href":"https:\/\/akdenizolaygazetesi.com\/index.php?rest_route=\/wp\/v2\/media\/14185"}],"wp:attachment":[{"href":"https:\/\/akdenizolaygazetesi.com\/index.php?rest_route=%2Fwp%2Fv2%2Fmedia&parent=14184"}],"wp:term":[{"taxonomy":"category","embeddable":true,"href":"https:\/\/akdenizolaygazetesi.com\/index.php?rest_route=%2Fwp%2Fv2%2Fcategories&post=14184"},{"taxonomy":"post_tag","embeddable":true,"href":"https:\/\/akdenizolaygazetesi.com\/index.php?rest_route=%2Fwp%2Fv2%2Ftags&post=14184"}],"curies":[{"name":"wp","href":"https:\/\/api.w.org\/{rel}","templated":true}]}}