{"id":14187,"date":"2021-09-16T11:10:27","date_gmt":"2021-09-16T08:10:27","guid":{"rendered":"http:\/\/akdenizolaygazetesi.com\/?p=14187"},"modified":"2021-09-16T11:10:27","modified_gmt":"2021-09-16T08:10:27","slug":"on-lisans-ogrencilerine-500-liralik-ogrenim-destegi-mujdesi","status":"publish","type":"post","link":"https:\/\/akdenizolaygazetesi.com\/?p=14187","title":{"rendered":"\u00d6N L\u0130SANS \u00d6\u011eRENC\u0130LER\u0130NE 500 L\u0130RALIK \u00d6\u011eREN\u0130M DESTE\u011e\u0130 M\u00dcJDES\u0130"},"content":{"rendered":"<p>Mersin B\u00fcy\u00fck\u015fehir Belediyesi, 4 y\u0131ll\u0131k \u00fcniversiteyi kazanan \u00f6\u011frencilerin ard\u0131ndan \u00f6n lisans b\u00f6l\u00fcmlerini kazanan \u00f6\u011frencilere de \u00f6\u011frenim deste\u011finde bulunacak. Mersin B\u00fcy\u00fck\u015fehir Belediyesi\u2019nin Eyl\u00fcl Ay\u0131 Ola\u011fan Toplant\u0131s\u0131n\u0131n 2. Birle\u015fimi\u2019nde, \u00f6n lisans \u00f6\u011frencilerine 500 liral\u0131k \u00f6\u011frenim yard\u0131m\u0131 yap\u0131lmas\u0131na ili\u015fkin madde oy birli\u011fiyle kabul edildi. B\u00fcy\u00fck\u015fehir Belediye Ba\u015fkan\u0131 Vahap Se\u00e7er, e\u011fitime b\u00fcy\u00fck \u00f6nem verdiklerini vurgulayarak, \u201cTemel amac\u0131m\u0131z k\u0131rsal mahallelerde ilk\u00f6\u011fretim, lise d\u00fczeyindeki \u00e7ocuklar\u0131m\u0131z\u0131n e\u011fitimine katk\u0131 yapmak\u201d dedi. E\u011fitime daha fazla katk\u0131 sunmak istediklerini, ancak Meclis \u00fcyelerinin de bor\u00e7lanma konusundaki deste\u011finin \u00f6nem ta\u015f\u0131d\u0131\u011f\u0131n\u0131 ifade eden Se\u00e7er, \u201cBor\u00e7lanma konusunda ket vurmay\u0131n. Dileyin benden ne dilerseniz\u201d diye konu\u015ftu. MESK\u0130 Genel M\u00fcd\u00fcrl\u00fc\u011f\u00fc\u2019n\u00fcn \u0130ller Bankas\u0131 A.\u015e.\u2019den kullanaca\u011f\u0131 \u00c7e\u015fmeli Kanalizasyon \u0130kmal \u0130n\u015faat\u0131 i\u00e7in toplam 6 milyon 56 bin 95 TL ek kredi kullan\u0131m\u0131 ile ilgili Ba\u015fkan Se\u00e7er\u2019e yetki verilmesi konusundaki madde oy birli\u011fi ile kabul edildi.<\/p>\n<p>\u201cMeclis\u2019i s\u0131k\u0131nt\u0131ya sokacak eksikler ya da yanl\u0131\u015flar olmaz\u201d<\/p>\n<p>Mersin B\u00fcy\u00fck\u015fehir Belediye Meclisi\u2019nin 2021 y\u0131l\u0131 Eyl\u00fcl Ay\u0131 Ola\u011fan Toplant\u0131s\u0131n\u0131n 2. Birle\u015fimi, Ba\u015fkan Se\u00e7er ba\u015fkanl\u0131\u011f\u0131nda Kongre ve Sergi Saray\u0131\u2019nda ger\u00e7ekle\u015ftirildi. Toplant\u0131da, idareden gelen 4, komisyonlardan gelen 5 madde olmak \u00fczere toplam 9 madde g\u00f6r\u00fc\u015f\u00fcld\u00fc. G\u00fcndem maddelerine ge\u00e7ilmeden \u00f6nce Meclis \u00fcyelerine konu\u015fma s\u00fcrelerinin uzamamas\u0131 i\u00e7in ricada bulunan Ba\u015fkan Se\u00e7er, i\u015fleyi\u015fin Meclis Y\u00f6netmeli\u011fi ile belirlendi\u011fini hat\u0131rlatt\u0131. Meclis Ba\u015fkan\u0131 olarak y\u00f6netmeli\u011fe uygun, tarafs\u0131z ve e\u015fit bir \u015fekilde Meclis\u2019i y\u00f6netmeye \u00f6zen g\u00f6sterdi\u011fini ifade eden Se\u00e7er, \u201cB\u00fct\u00fcn bu hassasiyetleri koruyarak Meclis\u2019i idare etti\u011fimi d\u00fc\u015f\u00fcn\u00fcyorum. Ancak zaman zaman tabi ki biz de be\u015feriz, eksik kalan k\u0131s\u0131mlar\u0131m\u0131z olur ama bu Meclis\u2019i s\u0131k\u0131nt\u0131ya sokacak eksikler ya da yanl\u0131\u015flar olmaz. Ona son derece dikkatli bir \u015fekilde riayet ediyorum. \u00d6yle anlar oluyor ki ger\u00e7ekten i\u00e7 d\u00fcnyamla g\u00f6r\u00fcnt\u00fcm \u00e7ok farkl\u0131 oluyor. \u0130\u00e7 d\u00fcnyam belki \u00e7ok daha kaos i\u00e7erisinde oluyor ama ben bunlara sabretmek zorunda kal\u0131yorum. Meclis Ba\u015fkan\u0131 olarak baz\u0131 konularda da ayn\u0131 anlay\u0131\u015f\u0131 sizlerin Meclis \u00fcyeleri ile aran\u0131zdaki diyaloglarda g\u00f6stermenizi istiyorum\u201d dedi.<\/p>\n<p>Meclis \u00fcyelerinin s\u00f6z taleplerinin yerine getirilmesi ya da konu\u015fma s\u00fcrelerinin belirlenmesi konusu yetkisinin Meclis Ba\u015fkan\u0131\u2019na ait oldu\u011funu hat\u0131rlatan Ba\u015fkan Se\u00e7er, Meclis \u00fcyelerinin konu\u015fmalar\u0131n\u0131n 3-5 dakika aras\u0131nda olmas\u0131 konusunda gerekli hassasiyetin g\u00f6sterilmesini istedi. Se\u00e7er, \u201cSizlerin de ho\u015fg\u00f6r\u00fcs\u00fcne s\u0131\u011f\u0131n\u0131yorum. Bundan sonraki toplant\u0131lar\u0131m\u0131zda e\u011fer bu kurallara riayet edersek, s\u00fcremizi a\u015fmazsak ve daha \u00e7ok Meclis\u2019i ilgilendiren konular\u0131n d\u0131\u015f\u0131na \u00e7\u0131kmazsak \u00e7ok memnun olaca\u011f\u0131m\u201d diye konu\u015ftu.<\/p>\n<p>Ba\u015fkan Se\u00e7er, \u00fclke ile ilgili ola\u011fan\u00fcst\u00fc ko\u015fullar ve g\u00fcndeme ili\u015fkin durumlarda s\u00f6z konusu s\u00fcrenin a\u015f\u0131labilece\u011fini de belirterek, \u00fcslubun \u00f6nemine dikkat \u00e7ekti. Se\u00e7er, \u201c\u2018\u00dcslubu beyan ayniyle insan\u2019. Burada hi\u00e7bir Meclis \u00fcyemize konu\u015fmama ba\u015flarken \u2018Say\u0131n\u2019 d\u0131\u015f\u0131nda bir s\u0131fatla ba\u015flam\u0131yorum ama g\u00f6r\u00fcyorum ki benimle diyalog kurarken ironi yaparak, g\u00f6nderme yaparak; bu ikili ili\u015fkilerde olabilir, telefon muhabbetlerinde olabilir ama bizi izleyen binlerce hem\u015ferimiz varken bu tip diyaloglardan ka\u00e7\u0131nmak gerekiyor. Hem bizi incitiyor hem izleyenlerimizi geriyor ve burada da muhabbet ba\u015fka bir noktaya evriliyor, belki gerginli\u011fe neden oluyor. Sonra T\u00fcrkiye kamuoyunda konu\u015fuluyor oluyoruz. Bu da Mersinimiz a\u00e7\u0131s\u0131ndan uygun olmuyor\u201d ifadelerine yer verdi.<\/p>\n<p>Ahilik Haftas\u0131\u2019n\u0131 kutlayarak, ahili\u011fin \u00f6nemli bir k\u00fclt\u00fcr ve \u00f6rg\u00fctlenme bi\u00e7imi oldu\u011funu ifade eden Ba\u015fkan Se\u00e7er, \u201cAhileri, esnaf\u0131, esnaf\u0131n yan\u0131ndaki \u00e7\u0131ra\u011f\u0131, onun kalfas\u0131n\u0131, ustas\u0131n\u0131, bu insanlar\u0131 \u00e7ok \u00f6nemsiyoruz. 60 bin civar\u0131nda da i\u015f yeri say\u0131s\u0131na sahip olan Mersinimizde esnaf\u0131m\u0131z\u0131n ekonominin lokomotifi oldu\u011fu d\u00fc\u015f\u00fcncesiyle bir kez daha ahilerimizin haftas\u0131n\u0131 kutluyorum\u201d dedi.<\/p>\n<p>Avrupa Hareketlilik Haftas\u0131 boyunca KentBis bisikletlerimiz \u00fccretsiz<\/p>\n<p>16-22 Eyl\u00fcl Avrupa Hareketlilik Haftas\u0131\u2019nda etkinlikler yap\u0131laca\u011f\u0131n\u0131 duyuran Ba\u015fkan Se\u00e7er, \u201cBu etkinlik, her y\u0131l bir tema ekseninde kutlan\u0131yor. Ge\u00e7en y\u0131l \u2018Herkes \u0130\u00e7in S\u0131f\u0131r Emisyonlu Hareketlilik\u2019 idi bu etkinli\u011fin temas\u0131. Bu y\u0131l ise \u2018S\u00fcrd\u00fcr\u00fclebilir Ula\u015f\u0131m, Sa\u011fl\u0131kl\u0131 ve G\u00fcvenli Hareketlilik\u2019 olarak belirlenmi\u015f. Biz ge\u00e7en y\u0131l bu kapsamda T\u00fcrkiye Belediyeler Birli\u011fi taraf\u0131ndan Avrupa Hareketlilik Haftas\u0131 faaliyetleri, kal\u0131c\u0131 \u00f6nlemler ve 22 Eyl\u00fcl arabas\u0131z g\u00fcn k\u0131s\u0131tlamalar\u0131n\u0131 yerine getiren 3 B\u00fcy\u00fck\u015fehir Belediyesinden biri olarak \u00f6d\u00fcl ald\u0131k. Bir di\u011fer belediye Bursa, di\u011feri de \u015eanl\u0131urfa B\u00fcy\u00fck\u015fehir Belediyesiydi\u201d diye konu\u015ftu. Hafta kapsam\u0131nda vatanda\u015flar\u0131n KentBis bisikletlerini \u00fccretsiz olarak kullanabileceklerini duyuran Ba\u015fkan Se\u00e7er, \u201cKent genelinde KentBis merkezine ek 6 istasyonda toplam 90 adet bisiklet ile KentBis hizmet veriyor. Vatanda\u015flar\u0131m\u0131z Teksin uygulamas\u0131ndan hangi istasyonda ka\u00e7 adet aktif bisiklet var ak\u0131ll\u0131 telefonlardan g\u00f6rme imk\u00e2n\u0131na sahipler\u201d ifadelerine yer verdi.<\/p>\n<p>B\u00fcy\u00fck\u015fehir k\u00fclt\u00fcr ve sanat kadrosunu geni\u015fletiyor<\/p>\n<p>Ba\u015fkan Se\u00e7er, K\u00fclt\u00fcr ve Sosyal \u0130\u015fler Daire Ba\u015fkanl\u0131\u011f\u0131 b\u00fcnyesinde bulunan Kent Orkestras\u0131, T\u00fcrk Halk ve Sanat M\u00fczi\u011fi Topluluklar\u0131 ile Halk Oyunlar\u0131 ekibine orkestra sanat\u00e7\u0131s\u0131, halk oyunlar\u0131 sanat\u00e7\u0131s\u0131 ve solist alacaklar\u0131n\u0131 duyurarak, \u015funlar\u0131 s\u00f6yledi:<\/p>\n<p>\u201cToplamda 43 personel alaca\u011f\u0131z. Tiyatro sanat\u00e7\u0131s\u0131 al\u0131m\u0131nda oldu\u011fu gibi T\u00fcrkiye\u2019nin sayg\u0131n, hepimizin tan\u0131d\u0131\u011f\u0131, alan\u0131nda sayg\u0131 duydu\u011fumuz isimleri davet ederek j\u00fcriyi olu\u015fturup bu sanat\u00e7\u0131lar\u0131m\u0131z\u0131 belediyemize hizmet etmek \u00fczere b\u00fcnyemize katmak istiyoruz. Buradan da t\u00fcm vatanda\u015flar\u0131m\u0131za duyurmak istiyorum. Halk oyunlar\u0131 i\u00e7in 23-24 Eyl\u00fcl 2021; T\u00fcrk Halk M\u00fczi\u011fi ve T\u00fcrk Sanat M\u00fczi\u011fi 27-28 Eyl\u00fcl 2021; Kent Orkestras\u0131 i\u00e7inse 1-2-3 Kas\u0131m 2021 tarihleri s\u0131nav tarihleri olarak belirlenmi\u015f. Ba\u015fvurular bug\u00fcn itibariyle ba\u015flad\u0131, 21 Eyl\u00fcl saat 17.00\u2019a kadar s\u00fcrecek.\u201d<\/p>\n<p>\u201cBiz bu uygulamalar\u0131 mevzuat \u00e7er\u00e7evesinde yap\u0131yoruz\u201d<\/p>\n<p>Bir Meclis \u00fcyesinin cezaevi infaz koruma memurlar\u0131n\u0131n \u00f6nceden toplu ta\u015f\u0131ma ara\u00e7lar\u0131ndan \u00fccretsiz faydaland\u0131\u011f\u0131n\u0131 ancak bu olana\u011f\u0131 art\u0131k kullanamad\u0131klar\u0131n\u0131 belirtmesi \u00fczerine Ba\u015fkan Se\u00e7er, \u201cBiz bu uygulamalar\u0131 yaparken mevzuat \u00e7er\u00e7evesinde yap\u0131yoruz. Cezaevi \u00e7al\u0131\u015fanlar\u0131 sadece bu s\u0131n\u0131rlarda de\u011fil T\u00fcrkiye\u2019nin her taraf\u0131nda g\u00f6rev yap\u0131yor\u201d dedi. Sa\u011fl\u0131k \u00e7al\u0131\u015fanlar\u0131n\u0131n \u00fccretsiz olarak toplu ta\u015f\u0131madan faydalanmak istedikleri y\u00f6n\u00fcndeki talebe ili\u015fkin olarak da Ba\u015fkan Se\u00e7er, \u015funlar\u0131 s\u00f6yledi:<\/p>\n<p>\u201cSa\u011fl\u0131k \u00e7al\u0131\u015fanlar\u0131 zaten bir mevzuat olmamas\u0131na ra\u011fmen ald\u0131\u011f\u0131m\u0131z karar gere\u011fi, \u00e7\u00fcnk\u00fc ola\u011fan\u00fcst\u00fc ko\u015fullar var. Bu karar\u0131 niye ald\u0131\u011f\u0131m\u0131z\u0131 gerek\u00e7elendirebilece\u011fimiz bir durum has\u0131l olmu\u015f. \u0130lerde herhangi bir rutin denetlemede denetleyici \u015funu dedi\u011fi zaman; \u2018Yasal olmad\u0131\u011f\u0131 halde siz bu sosyoekonomik s\u0131n\u0131flara, bu meslek gruplar\u0131na neden destek oluyorsunuz? Burada bir kamu zarar\u0131 s\u00f6z konusu olabilir\u2019 dedi\u011fi noktada biz bu gerek\u00e7elendirmeyi yapabiliriz. Ama normal ko\u015fullarda b\u00f6yle bir gerek\u00e7eye s\u0131\u011f\u0131namam. Tabi ki yapal\u0131m ama bizden \u00f6nce parlamentonun bir yasal d\u00fczenleme yapmas\u0131 gerekiyor. Yani cezaevi \u00e7al\u0131\u015fanlar\u0131, sa\u011fl\u0131k \u00e7al\u0131\u015fanlar\u0131 genelde e\u011fer toplu ta\u015f\u0131ma ara\u00e7lar\u0131ndan \u00fccretsiz yararlanacaklarsa ki bunu da merkezi h\u00fck\u00fcmetin bir kaynak ay\u0131rarak, bir tak\u0131m yasal d\u00fczenlemeler yapabilirler. Biz o zaman tabi ki bunlara uymak zorunday\u0131z ama sa\u011fl\u0131k \u00e7al\u0131\u015fanlar\u0131m\u0131z da hakl\u0131d\u0131r, cezaevi \u00e7al\u0131\u015fanlar\u0131m\u0131z da hakl\u0131d\u0131r. Se\u00e7im \u00f6ncesi bir kararla idare belirli ya\u015f gruplar\u0131na yine b\u00f6yle bir uygulama yap\u0131yordu. Onu biz ortadan kald\u0131rd\u0131k. Keyfiyete tabi de\u011fil. Ola\u011fan\u00fcst\u00fc ko\u015fullarda ben bu kararlar\u0131 alabilirim, bir de yasal mevzuat \u00e7er\u00e7evesinde alabilirim.\u201d<\/p>\n<p>\u00d6n lisans \u00f6\u011frencilerine 500 TL\u2019lik \u00f6\u011frenim deste\u011fi yap\u0131lacak<\/p>\n<p>\u00dcniversitelerin 2 y\u0131ll\u0131k b\u00f6l\u00fcmlerini kazanan \u00f6\u011frencilerin bekledi\u011fi \u00f6\u011frenim yard\u0131m\u0131 karar\u0131 Meclis\u2019ten oy birli\u011fi ile ge\u00e7ti. Belirlenen karara g\u00f6re a\u00e7\u0131k \u00f6\u011fretim fak\u00fclteleri hari\u00e7, devlet \u00fcniversiteleri ile T\u00fcrkiye ve KKTC\u2019de yerle\u015fik \u00fcniversitelerin tam burslu \u00f6n lisans b\u00f6l\u00fcmlerini kazanan \u00f6\u011frencilere ilk y\u0131l i\u00e7in 500 TL \u00f6\u011frenim deste\u011fi verilecek. Teklifin oylanmas\u0131n\u0131n ard\u0131ndan Ba\u015fkan Se\u00e7er, g\u00f6reve geldi\u011fi g\u00fcnden bu yana yap\u0131lan \u00f6\u011frenim yard\u0131mlar\u0131 hakk\u0131nda baz\u0131 bilgiler payla\u015ft\u0131. Se\u00e7er, \u201cBu g\u00f6rev yasal olarak Kredi ve Yurtlar Kurumu\u2019na ait. Burs konusunun oradan olmas\u0131 gerekiyor. Daha \u00f6nce verilebiliyordu. Parlamentoda baz\u0131 gerek\u00e7elerle bir \u00e7at\u0131 alt\u0131nda toplans\u0131n istendi. T\u00fcrkiye B\u00fcy\u00fck Millet Meclisi\u2019nde bir yasal d\u00fczenleme yap\u0131ld\u0131. Belki makul bir \u015feydi. \u00c7\u00fcnk\u00fc farkl\u0131 cemaatler, \u015funlar, bunlar devreye giriyordu. Yasad\u0131\u015f\u0131 baz\u0131 i\u015fler oluyordu. Bu g\u00f6rev asl\u0131nda Kredi ve Yurtlar Kurumu\u2019nun. Biz e\u011fitim yard\u0131m\u0131 yap\u0131yoruz. Bunu da her ay d\u00fczenli bir \u015fekilde de \u00f6deyemeyebiliriz. 3 ayda bir, 2 ayda bir; bazen 1 ay 200 TL\u2019dir, bir ay 500 TL\u2019dir, bunu b\u00f6yle yap\u0131yoruz. Bunu b\u00fct\u00fcn belediyeler b\u00f6yle yap\u0131yor. Burada bizim \u00f6n lisansla ilgili ge\u00e7ti\u011fimiz y\u0131llarda g\u00fcndeme gelen konu bu y\u0131l da g\u00fcndeme geldi. Ge\u00e7ti\u011fimiz y\u0131l da istiyorduk, b\u00fct\u00e7emiz uygun de\u011fildi. \u00d6nceki y\u0131l zaten yeni y\u00f6netime gelmi\u015fsiniz, kuca\u011f\u0131n\u0131zda bir tablo var. Bunu yapmam\u0131z m\u00fcmk\u00fcn de\u011fildi. Bu y\u0131l makul g\u00f6rd\u00fck, b\u00fct\u00e7emiz do\u011frultusunda 500 TL gibi bir rakam belirledik\u201d ifadelerini kulland\u0131. <\/p>\n<p>\u201cTeksin \u00fczerinden alt yap\u0131s\u0131 da haz\u0131rlan\u0131yor, m\u00fcracaatlar\u0131 alaca\u011f\u0131z\u201d<\/p>\n<p>Mersin\u2019de \u00fcniversiteyi kazanan \u00f6\u011frencilerin say\u0131s\u0131na ili\u015fkin net bilgiler alamad\u0131klar\u0131n\u0131 s\u00f6yleyen Se\u00e7er, \u201c\u0130l Milli E\u011fitim M\u00fcd\u00fcrl\u00fc\u011f\u00fc\u2019ne rica ettim, \u2018Ba\u015fkan\u0131m bu Y\u00d6K\u2019te olur\u2019 dedi. Onlar da bize bilgi vermiyorlar. Bir b\u00fct\u00e7e de yapam\u0131yorum ben. Ne kadar 4 y\u0131ll\u0131k kazand\u0131, ne kadar 2 y\u0131ll\u0131k \u00f6n lisans kazand\u0131 ya da 6 y\u0131ll\u0131k t\u0131p vesaire ben bilmiyorum. Ama her y\u0131l ortalama lisans d\u00fczeyinde 7 bin \u00f6\u011frencimiz \u00fcniversiteye gidiyor. \u015eimdi 500 liray\u0131 belirledik ve 7 bin ki\u015fi tahminen bize m\u00fcracaat edecek. Sosyal Hizmetler Daire Ba\u015fkanl\u0131\u011f\u0131 bu Meclis karar\u0131ndan sonra haz\u0131rl\u0131klar\u0131n\u0131 tamamlayacak ve Teksin \u00fczerinden alt yap\u0131s\u0131 da haz\u0131rlan\u0131yor, m\u00fcracaatlar\u0131 alaca\u011f\u0131z. Bu yard\u0131mlar\u0131 da ger\u00e7ekle\u015ftirece\u011fiz\u201d diye konu\u015ftu.<\/p>\n<p>\u201cTemel amac\u0131m\u0131z k\u0131rsal mahallelerdeki \u00e7ocuklar\u0131m\u0131z\u0131n e\u011fitimine katk\u0131 yapmak\u201d<\/p>\n<p>Mersin\u2019in \u00fcniversite kenti oldu\u011funu dile getiren Ba\u015fkan Se\u00e7er, e\u011fitim ve \u00f6\u011fretime ili\u015fkin hayata ge\u00e7irdikleri hizmetler hakk\u0131nda da bilgiler payla\u015ft\u0131. Se\u00e7er, \u015fu ifadeleri kulland\u0131:<\/p>\n<p>\u201cYakla\u015f\u0131k olarak s\u00f6yl\u00fcyorum. Merkezin d\u0131\u015f\u0131nda kalan 500\u2019e yak\u0131n k\u0131rsal mahallemiz var. Bu \u00e7ocuklar\u0131n \u015fehir merkezinde, kendi b\u00f6lgelerinde, mahallelerinde lise yok ya da ortaokul yok, ilk\u00f6\u011fretim yok. Gelip \u015fehirde okuma zorunlulu\u011fu var. Ben \u00f6ncelikli olarak o sorunu \u00e7\u00f6zmeyi \u00f6n\u00fcme koydum. \u00d6rne\u011fin G\u00fclnar\u2019da 68 k\u0131z, 40 erkek \u00f6\u011frencimizi misafir edece\u011fimiz 108 \u00f6\u011frenciye hizmet verecek misafirhaneyi \u015fu anda haz\u0131rlad\u0131k. \u00dcniversiteyle i\u015f birli\u011fi yapt\u0131k. Oray\u0131 bize tahsis etti Mersin \u00dcniversitemiz. Bizim temel amac\u0131m\u0131z k\u0131rsal mahallelerde ilk\u00f6\u011fretim, lise d\u00fczeyindeki \u00e7ocuklar\u0131m\u0131z\u0131n e\u011fitimine katk\u0131 yapmak. Biz e\u011fitimin \u00f6neminin fark\u0131nday\u0131z. Tabi ki ben Mersin B\u00fcy\u00fck\u015fehir Belediye Ba\u015fkan\u0131y\u0131m. Mersin\u2019de e\u011fitimi konu\u015fmam, tart\u0131\u015fmam laz\u0131m\u201d dedi.<\/p>\n<p>\u0130lkokula ba\u015flayan 16 bin \u00f6\u011frenciye y\u00f6nelik \u201c\u0130lk \u00c7antam\u201d projesinden \u00fcniversite \u00f6\u011frencilerine y\u00f6nelik \u00c7ama\u015f\u0131r Kafe\u2019ye, \u00e7orba ikram\u0131ndan kurs merkezlerine kadar e\u011fitim alan\u0131nda hayata ge\u00e7irdikleri projeleri tek tek anlatan Ba\u015fkan Se\u00e7er, bu hizmetlerin Anamur\u2019dan Tarsus\u2019a kadar her il\u00e7eye ve her mahalleye e\u015fit olarak ula\u015ft\u0131\u011f\u0131n\u0131 s\u00f6yledi.<\/p>\n<p>Eski \u00fcniversite hastanesi misafirhane olarak hizmete girecek<\/p>\n<p>Eski \u00fcniversite hastanesinin misafirhane olarak hizmete girece\u011fi bilgisini de payla\u015fan Ba\u015fkan Se\u00e7er, \u201c\u0130n\u015faat devam ediyor. G\u00fclnar\u2019la beraber \u00fcniversitemizin bize protokolle devretti\u011fi yerler. Eski \u00fcniversite hastanesi, \u00e7ok g\u00fczel bir misafirhane yap\u0131yoruz oraya. Toplu ta\u015f\u0131ma ve ula\u015f\u0131m \u00fccreti T\u00fcrkiye\u2019nin neresinde 1 TL? Otob\u00fcste \u00fccretsiz wifi var. Ula\u015f\u0131m 1 TL ve 2024\u2019e kadar bu b\u00f6yle devam edecek. Bu bir b\u00fct\u00e7e, bu bir destek, bu b\u00fct\u00e7emizden \u00e7\u0131kan bir para. K\u0131r \u00c7i\u00e7ekleri; 55 k\u0131z\u0131m\u0131z var. Benim evlad\u0131m gibi. Yat\u0131l\u0131 okuyorlar. Kocavilayet\u2019te ilk\u00f6\u011fretim okuluna kaydettirmi\u015fiz, Milli E\u011fitim\u2019le i\u015f birli\u011fi yapm\u0131\u015f\u0131z. Bak\u0131n bunlar G\u00fclnar\u2019\u0131n k\u0131rsal\u0131ndan, buradan merkezden, \u00d6zg\u00fcrl\u00fck\u2019ten, Tarsus\u2019tan, Beylice\u2019den, Erdemli\u2019den, Silifke\u2019den, k\u0131rsal mahallelerden 10-12 ya\u015f aras\u0131 k\u0131zlar\u0131m\u0131z. Bunlar \u00e7ok \u00f6nemli, bunun ciddi bir b\u00fct\u00e7esi var. Ben babalar\u0131 gibiyim. Belediyem onlar\u0131n ailesi. Bizim korumam\u0131zdalar 7\/24.  \u0130sterlerse hafta sonu evlerine gidebiliyorlar ve hi\u00e7biri istemiyor. T\u00fcm samimiyetimle s\u00f6yleyeyim hi\u00e7biri istemiyor. \u2018Biz hafta sonu da kalaca\u011f\u0131z\u2019 diyorlar. \u00c7\u00fcnk\u00fc dersin d\u0131\u015f\u0131nda her t\u00fcrl\u00fc k\u00fclt\u00fcrel, sanatsal faaliyet var\u201d ifadelerini kulland\u0131.<\/p>\n<p>Ba\u015fkan Se\u00e7er, Ta\u015fucu\u2019nda afet riski ta\u015f\u0131yan ve depreme dayan\u0131kl\u0131 olmayan bir bina hakk\u0131nda ya\u015fan\u0131lan durumu da anlatt\u0131. G\u00f6reve geldi\u011finde d\u00f6nemin Emlak \u0130stimlak Daire Ba\u015fkanl\u0131\u011f\u0131\u2019n\u0131n s\u00f6z konusu binayla ilgili kendisine bir evrak imzalatt\u0131\u011f\u0131n\u0131 ifade eden Se\u00e7er, inceleme yapt\u0131\u011f\u0131nda oran\u0131n kiraland\u0131\u011f\u0131n\u0131 \u00f6\u011frendi\u011fini, kendisinin binay\u0131 y\u0131kmak istedi\u011fini ve konuyla ilgili soru\u015fturma ba\u015flatt\u0131\u011f\u0131n\u0131 s\u00f6yledi.<\/p>\n<p>\u201cE\u011fitim T\u00fcrkiye&#8217;yi kurtaracak, T\u00fcrk toplumunu kurtaracak, insanl\u0131\u011f\u0131 kurtaracak\u201d<\/p>\n<p>E\u011fitimi \u00f6ncelediklerini ve daha fazla destekte bulunmak istediklerini s\u00f6yleyen Se\u00e7er, \u201cE\u011fitim T\u00fcrkiye&#8217;yi kurtaracak, e\u011fitim T\u00fcrk toplumunu kurtaracak, e\u011fitim insanl\u0131\u011f\u0131 kurtaracak. Bilim bunun pe\u015finden gidecek. Ben bunu her zaman s\u00f6yl\u00fcyorum ve bu konuda da b\u00fct\u00fcn imk\u00e2nlar\u0131m\u0131 seferber etmek istiyorum\u201d diye konu\u015ftu. Meclis\u2019e bir teklif yapmak istedi\u011fini dile getiren Ba\u015fkan Se\u00e7er, \u015funlar\u0131 s\u00f6yledi:<\/p>\n<p>\u201c\u015eimdi diyeceksiniz ne alakas\u0131 var? \u00c7ok alakas\u0131 var. Bor\u00e7lanma taleplerinde kamuoyuna alg\u0131 \u015f\u00f6yle gidiyor; \u2018Ba\u015fkan bir proje ile gelirse biz bu bor\u00e7lanmay\u0131 veririz.\u2019 Ben de diyorum ki; \u2018burada bir manip\u00fclasyon var, burada bir yanl\u0131\u015f anlat\u0131m var.\u2019 Ben bir proje kar\u015f\u0131l\u0131\u011f\u0131 bor\u00e7lanma istemiyorum. Bir \u00f6nceki y\u0131lda Meclis\u2019in bir sonraki y\u0131l, yani i\u00e7inde bulundu\u011fumuz y\u0131l i\u00e7in onaylad\u0131\u011f\u0131 b\u00fct\u00e7emden kaynakl\u0131 bor\u00e7lanma hakk\u0131m\u0131 istiyorum. Bu bor\u00e7lanma hakk\u0131m i\u00e7erisinde \u00f6rne\u011fin bu y\u0131l 193 milyon lira. 265 milyon lira istiyoruz ama Meclis\u2019in yetkisi bunu verirse ben 193 milyonunu bor\u00e7lanabilirim. \u0130\u015fte bu 193 milyon i\u00e7erisinde 2021&#8217;e ait e\u011fitim politikalar\u0131ma harcayaca\u011f\u0131m paralar da var. Ben size bir \u00f6neride bulunay\u0131m; l\u00fctfen beni zorlamay\u0131n. \u015eurada 2,5 y\u0131l kald\u0131. B\u0131rak\u0131n ko\u015fuyoruz. Elimizden geldi\u011fini iyi niyetle yap\u0131yoruz. Bu meseleyi ortadan kald\u0131r\u0131n. Hani bak\u0131n daha farkl\u0131 siyasi bir \u015fey demeyece\u011fim.\u201d<\/p>\n<p>Bir Meclis \u00fcyesinin \u00f6n lisans yard\u0131m\u0131n\u0131n 800 lira olmas\u0131n\u0131 istediklerini, buna destek verdiklerini s\u00f6ylemesi \u00fczerine Ba\u015fkan Se\u00e7er; \u201cSen kimin paras\u0131n\u0131 kime destek istiyorsun? Mehmet Topkara\u2019n\u0131n cebinden de de\u011fil bu para. \u015eimdi bak kendi a\u011fz\u0131yla itiraf etti. Senin belediyeme vermedi\u011fin bor\u00e7lanmay\u0131 sen cebinden mi veriyorsun bana?\u201d diye konu\u015ftu.<\/p>\n<p>\u201cHalk\u0131n paras\u0131n\u0131 halka veriyoruz\u201d<\/p>\n<p>17 Eyl\u00fcl\u2019de Cumhurba\u015fkan\u0131 Recep Tayyip Erdo\u011fan\u2019\u0131n Mersin&#8217;i ziyaret edece\u011fini an\u0131msatan Ba\u015fkan Se\u00e7er, \u015funlar\u0131 s\u00f6yledi:<\/p>\n<p>\u201cSay\u0131n Cumhurba\u015fkan\u0131\u2019n\u0131n ziyareti hat\u0131r\u0131na siz bana ne derseniz deyin ben celallenmeyece\u011fim. Kentimin gerilmesini istemiyorum. Bir Cumhurba\u015fkan\u0131 kentimizi ziyaret ediyor. Buradan ayr\u0131l\u0131rken a\u00e7\u0131k\u00e7as\u0131 hi\u00e7 bir gerginlik olsun istemiyorum. Bu kadar hassas davran\u0131yorum. Ge\u00e7ti\u011fimiz haftaki Meclis&#8217;ten sonra bakt\u0131m b\u00f6yle kamuoyunda bir de i\u015fi kar\u0131\u015ft\u0131rmak isteyenler de al\u0131yor laf\u0131 ba\u015fka yerlere g\u00f6t\u00fcr\u00fcyor. Yani bu sizin d\u0131\u015f\u0131n\u0131zda. Bunlara meydan vermeyin. \u015eimdi biz \u00f6\u011frencilere vallahi 800 de verelim, 1800 de verelim. \u015e\u00f6yle ben a\u00e7\u0131k \u00e7ek vereyim. Bundan sonra bor\u00e7lanma konusunda b\u00fct\u00e7emde, onun d\u0131\u015f\u0131nda bir \u015fey istemiyorum. Bak\u0131n b\u00fct\u00e7emde hakk\u0131m. Zaten yarg\u0131ya da gittim. Bana l\u00fctfen zorluk \u00e7\u0131karmay\u0131n. \u00d6rne\u011fin e\u011fitimi \u00e7ok hassas g\u00f6r\u00fcyorsunuz. \u015e\u00f6yle verelim, b\u00f6yle verelim. Do\u011fru. Kendi cebinden de\u011fil. Vahap Se\u00e7er\u2019in de paras\u0131 de\u011fil. Ama sizin paran\u0131z da de\u011fil. Halk\u0131n paras\u0131. Halk\u0131n paras\u0131n\u0131 halka veriyoruz. Yapt\u0131\u011f\u0131m\u0131z her hizmet vallahi a\u00e7\u0131k \u00e7ek idareden yana. Siz gelin, teklifi siz getirin. Otural\u0131m. \u00d6\u011frencilerimize Mersin&#8217;den, Mersin&#8217;in i\u00e7inde ya da d\u0131\u015f\u0131nda gidip y\u00fcksek\u00f6\u011fretim g\u00f6recek, yurt d\u0131\u015f\u0131na gidecek b\u00fct\u00fcn \u00f6\u011frencilerimize istedi\u011finiz deste\u011fi verelim. A\u00e7\u0131k \u00e7ek veriyorum. Yeter ki Mersin\u2019i \u015fahland\u0131racak yeni gen\u00e7 beyinler yeti\u015ftirelim. Ben sizden daha fazla arzu ediyorum. Tekrar ediyorum; bor\u00e7lanma konusunda ket vurmay\u0131n. Dileyin benden ne dilerseniz. O zaman derim ki \u2018Hakl\u0131s\u0131n\u0131z. Bana yard\u0131mc\u0131 oluyorsunuz, tabii ki hakk\u0131n\u0131zd\u0131r\u2019. Her t\u00fcrl\u00fc destek oluyorsunuz. Biz de deriz ki \u2018O zaman hep beraber otural\u0131m fazla fazla verelim\u2019. Ama bir taraftan benim aya\u011f\u0131m\u0131 tutup, bir taraftan \u2018Hadi bakal\u0131m h\u0131zl\u0131 ko\u015f\u2019 dersen, derim ki; \u2018Ya b\u0131rak aya\u011f\u0131m\u0131 ko\u015fay\u0131m.\u2019\u201d<\/p>\n<p>\u201c\u00c7ocuklar\u0131m\u0131za halk\u0131n paras\u0131 helali ho\u015f olsun\u201d<\/p>\n<p>Kendisinin kenti germek istemedi\u011fini ifade eden Se\u00e7er, \u201cBen dostane bir uyar\u0131da bulunuyorum. Takdir sizin. B\u00fct\u00e7e konusu da, \u00f6\u011frencilerimize yard\u0131m konusu da bundan ibarettir. 500 TL \u00f6n lisans \u00f6\u011frencilerimize destek konusu. Bug\u00fcnk\u00fc b\u00fct\u00e7e \u015fartlar\u0131nda olabilecek iyi bir durumdur. Yakla\u015f\u0131k 3,5 milyon lira gibi bir maliyeti vard\u0131r. \u00c7ocuklar\u0131m\u0131za halk\u0131n paras\u0131 helali ho\u015f olsun\u201d ifadelerini kulland\u0131.<\/p>\n","protected":false},"excerpt":{"rendered":"<p>Mersin B\u00fcy\u00fck\u015fehir Belediyesi, 4 y\u0131ll\u0131k \u00fcniversiteyi kazanan \u00f6\u011frencilerin ard\u0131ndan \u00f6n lisans b\u00f6l\u00fcmlerini kazanan \u00f6\u011frencilere de \u00f6\u011frenim deste\u011finde bulunacak. Mersin B\u00fcy\u00fck\u015fehir Belediyesi\u2019nin Eyl\u00fcl Ay\u0131 Ola\u011fan Toplant\u0131s\u0131n\u0131n 2. Birle\u015fimi\u2019nde, \u00f6n lisans \u00f6\u011frencilerine &hellip; <a href=\"https:\/\/akdenizolaygazetesi.com\/?p=14187\" class=\"more-link\">Devam\u0131n\u0131 Oku&#8230;<\/a><\/p>\n","protected":false},"author":2,"featured_media":14188,"comment_status":"open","ping_status":"open","sticky":false,"template":"","format":"standard","meta":[],"categories":[8,2,3,5],"tags":[],"_links":{"self":[{"href":"https:\/\/akdenizolaygazetesi.com\/index.php?rest_route=\/wp\/v2\/posts\/14187"}],"collection":[{"href":"https:\/\/akdenizolaygazetesi.com\/index.php?rest_route=\/wp\/v2\/posts"}],"about":[{"href":"https:\/\/akdenizolaygazetesi.com\/index.php?rest_route=\/wp\/v2\/types\/post"}],"author":[{"embeddable":true,"href":"https:\/\/akdenizolaygazetesi.com\/index.php?rest_route=\/wp\/v2\/users\/2"}],"replies":[{"embeddable":true,"href":"https:\/\/akdenizolaygazetesi.com\/index.php?rest_route=%2Fwp%2Fv2%2Fcomments&post=14187"}],"version-history":[{"count":1,"href":"https:\/\/akdenizolaygazetesi.com\/index.php?rest_route=\/wp\/v2\/posts\/14187\/revisions"}],"predecessor-version":[{"id":14189,"href":"https:\/\/akdenizolaygazetesi.com\/index.php?rest_route=\/wp\/v2\/posts\/14187\/revisions\/14189"}],"wp:featuredmedia":[{"embeddable":true,"href":"https:\/\/akdenizolaygazetesi.com\/index.php?rest_route=\/wp\/v2\/media\/14188"}],"wp:attachment":[{"href":"https:\/\/akdenizolaygazetesi.com\/index.php?rest_route=%2Fwp%2Fv2%2Fmedia&parent=14187"}],"wp:term":[{"taxonomy":"category","embeddable":true,"href":"https:\/\/akdenizolaygazetesi.com\/index.php?rest_route=%2Fwp%2Fv2%2Fcategories&post=14187"},{"taxonomy":"post_tag","embeddable":true,"href":"https:\/\/akdenizolaygazetesi.com\/index.php?rest_route=%2Fwp%2Fv2%2Ftags&post=14187"}],"curies":[{"name":"wp","href":"https:\/\/api.w.org\/{rel}","templated":true}]}}