{"id":1419,"date":"2020-11-04T18:21:58","date_gmt":"2020-11-04T15:21:58","guid":{"rendered":"http:\/\/mersinekonomipolitikagazetesi.com\/?p=1419"},"modified":"2020-11-04T18:21:58","modified_gmt":"2020-11-04T15:21:58","slug":"silifkede-yangin","status":"publish","type":"post","link":"https:\/\/akdenizolaygazetesi.com\/?p=1419","title":{"rendered":"Silifke&#8217;de yang\u0131n"},"content":{"rendered":"<p>Mersin&#8217;in Silifke il\u00e7esinde \u00e7\u0131kan yang\u0131nda 10 d\u00f6n\u00fcml\u00fck zeytin ve harnup a\u011fa\u00e7lar\u0131n\u0131n bulundu\u011fu alan zarar g\u00f6rd\u00fc.<\/p>\n<p><span style=\"color: rgb(0, 0, 0); font-family: Tahoma, Arial, &quot;Times New Roman TUR&quot;, Verdana; font-size: 15px;\">Edinilen bilgiye g\u00f6re, Bucakl\u0131 Mahallesi&#8217;nde mahalle sakinlerine ait olan zeytin ve harnup a\u011fa\u00e7lar\u0131n\u0131n bulundu\u011fu alanda bilinmeyen bir nedenden dolay\u0131 yang\u0131n \u00e7\u0131kt\u0131. Yang\u0131na Silifke Orman \u0130\u015fletme M\u00fcd\u00fcrl\u00fc\u011f\u00fcne ait araz\u00f6zler, Mersin B\u00fcy\u00fck\u015fehir Belediyesine ait itfaiye ara\u00e7lar\u0131 ve yang\u0131n s\u00f6nd\u00fcrme ekibi ile helikopter taraf\u0131ndan m\u00fcdahale edildi. Yang\u0131n, ormanl\u0131k alana yay\u0131lmadan kontrol alt\u0131na al\u0131n\u0131rken, ilk belirlemelere g\u00f6re harnup ve zeytin a\u011fa\u00e7lar\u0131n\u0131n bulundu\u011fu yakla\u015f\u0131k 10 d\u00f6n\u00fcml\u00fck alan zarar g\u00f6rd\u00fc.<\/span><br style=\"color: rgb(0, 0, 0); font-family: Tahoma, Arial, &quot;Times New Roman TUR&quot;, Verdana; font-size: 15px;\" \/><br \/>\n<span style=\"color: rgb(0, 0, 0); font-family: Tahoma, Arial, &quot;Times New Roman TUR&quot;, Verdana; font-size: 15px;\">Ekipler so\u011futma \u00e7al\u0131\u015fmalar\u0131na devam ederken, yang\u0131n\u0131n \u00e7\u0131k\u0131\u015f nedeninin yap\u0131lacak incelemenin ard\u0131ndan belirlenece\u011fi bildirildi.<\/span><\/p>\n","protected":false},"excerpt":{"rendered":"<p>Mersin&#8217;in Silifke il\u00e7esinde \u00e7\u0131kan yang\u0131nda 10 d\u00f6n\u00fcml\u00fck zeytin ve harnup a\u011fa\u00e7lar\u0131n\u0131n bulundu\u011fu alan zarar g\u00f6rd\u00fc. Edinilen bilgiye g\u00f6re, Bucakl\u0131 Mahallesi&#8217;nde mahalle sakinlerine ait olan zeytin ve harnup a\u011fa\u00e7lar\u0131n\u0131n bulundu\u011fu alanda &hellip; <a href=\"https:\/\/akdenizolaygazetesi.com\/?p=1419\" class=\"more-link\">Devam\u0131n\u0131 Oku&#8230;<\/a><\/p>\n","protected":false},"author":1,"featured_media":0,"comment_status":"open","ping_status":"open","sticky":false,"template":"","format":"standard","meta":[],"categories":[],"tags":[],"_links":{"self":[{"href":"https:\/\/akdenizolaygazetesi.com\/index.php?rest_route=\/wp\/v2\/posts\/1419"}],"collection":[{"href":"https:\/\/akdenizolaygazetesi.com\/index.php?rest_route=\/wp\/v2\/posts"}],"about":[{"href":"https:\/\/akdenizolaygazetesi.com\/index.php?rest_route=\/wp\/v2\/types\/post"}],"author":[{"embeddable":true,"href":"https:\/\/akdenizolaygazetesi.com\/index.php?rest_route=\/wp\/v2\/users\/1"}],"replies":[{"embeddable":true,"href":"https:\/\/akdenizolaygazetesi.com\/index.php?rest_route=%2Fwp%2Fv2%2Fcomments&post=1419"}],"version-history":[{"count":0,"href":"https:\/\/akdenizolaygazetesi.com\/index.php?rest_route=\/wp\/v2\/posts\/1419\/revisions"}],"wp:attachment":[{"href":"https:\/\/akdenizolaygazetesi.com\/index.php?rest_route=%2Fwp%2Fv2%2Fmedia&parent=1419"}],"wp:term":[{"taxonomy":"category","embeddable":true,"href":"https:\/\/akdenizolaygazetesi.com\/index.php?rest_route=%2Fwp%2Fv2%2Fcategories&post=1419"},{"taxonomy":"post_tag","embeddable":true,"href":"https:\/\/akdenizolaygazetesi.com\/index.php?rest_route=%2Fwp%2Fv2%2Ftags&post=1419"}],"curies":[{"name":"wp","href":"https:\/\/api.w.org\/{rel}","templated":true}]}}