{"id":14196,"date":"2021-09-16T13:31:09","date_gmt":"2021-09-16T10:31:09","guid":{"rendered":"http:\/\/akdenizolaygazetesi.com\/?p=14196"},"modified":"2021-09-16T13:31:09","modified_gmt":"2021-09-16T10:31:09","slug":"hazirlanmis-ve-calisilmis-projeleriniz-yoksa-bu-isler-kolay-degil","status":"publish","type":"post","link":"https:\/\/akdenizolaygazetesi.com\/?p=14196","title":{"rendered":"\u201cHaz\u0131rlanm\u0131\u015f ve \u00e7al\u0131\u015f\u0131lm\u0131\u015f projeleriniz yoksa bu i\u015fler kolay de\u011fil\u201d"},"content":{"rendered":"<p>Akdeniz Belediye Ba\u015fkan\u0131 M. Mustafa G\u00fcltak, Mersin \u00e7ar\u015f\u0131 esnaf\u0131n\u0131 ziyaret ederek ba\u015fta kent merkezinin yenilenmesi ve Parkomat uygulamas\u0131 olmak \u00fczere \u00e7e\u015fitli konular hakk\u0131ndaki talep ve \u015fik\u00e2yetlerini dinledi. Esnaflarla toplant\u0131 da yapan Ba\u015fkan Mustafa G\u00fcltak, 2 bu\u00e7uk y\u0131lda ger\u00e7ekle\u015ftirdikleri; Akdeniz ve de Akdeniz sakinlerinin hayat\u0131n\u0131 de\u011fi\u015ftiren hizmet, proje ve \u00e7al\u0131\u015fmalar\u0131 anlatt\u0131.<br \/>\nEsnaf bulu\u015fmas\u0131na, AK Parti Akdeniz \u0130l\u00e7e Ba\u015fkan\u0131 Emin Gen\u00e7, Ba\u015fkan Yard\u0131mc\u0131lar\u0131 ve Meclis \u00fcyeleri, birim m\u00fcd\u00fcrleri, Mersin \u00c7ar\u015f\u0131 Esnaflar\u0131 Derne\u011fi Ba\u015fkan\u0131 Bekir Alg\u00fcll\u00fc ve Akdeniz \u00c7ar\u015f\u0131 Esnaflar\u0131 Derne\u011fi Ba\u015fkan\u0131 Fethi \u00c7elik de kat\u0131ld\u0131. Ziyaretinde, Zafer \u00c7ar\u015f\u0131s\u0131 esnaf\u0131n\u0131n, tarihi i\u015f merkezini yenilenmesi y\u00f6n\u00fcndeki taleplerini dinleyen Ba\u015fkan G\u00fcltak, bu proje i\u00e7in, t\u0131pk\u0131 \u00c7aml\u0131bel Yenileme Projesi\u2019nde oldu\u011fu gibi B\u00fcy\u00fck\u015fehir Belediyesi\u2019nden yetki verilmedi\u011fini belirtti, yasal olarak da Akdeniz Belediyesi\u2019nin bir \u00e7al\u0131\u015fma yapmas\u0131n\u0131n m\u00fcmk\u00fcn olmad\u0131\u011f\u0131n\u0131 anlatt\u0131.<br \/>\nBu \u015fehrin tarihi ne olacak?<br \/>\nYak\u0131n bir ge\u00e7mi\u015fte y\u0131k\u0131lan ve yeniden yap\u0131lmayan Tarihi K\u00fc\u00e7\u00fck \u00c7ar\u015f\u0131 hakk\u0131nda da konu\u015fan Ba\u015fkan G\u00fcltak, bu \u00e7ar\u015f\u0131da k\u00fc\u00e7\u00fckl\u00fc\u011f\u00fcnden kalan bir\u00e7ok an\u0131s\u0131 oldu\u011funu belirterek; \u201cBelki 100 y\u0131ll\u0131k bir \u00e7ar\u015f\u0131 \u015fu anda yok! Peki, bu \u015fehrin tarihi ne olacak? Ayn\u0131 \u015fekilde Bit Pazar\u0131, Hamam Soka\u011f\u0131, Kasaplar \u00e7ar\u015f\u0131s\u0131, Bal\u0131k Pazar\u0131, Yo\u011furt Pazar\u0131 bu \u015fehrin tarihidir. Yeni\u015fehir, Toroslar, Mezitli hen\u00fcz yok iken Akdeniz vard\u0131. Akdeniz bu \u015fehrin en eski il\u00e7esidir. Dolay\u0131s\u0131yla Akdeniz\u2019de yapt\u0131\u011f\u0131n\u0131z t\u00fcm hamleler \u015fehrin tarihi ve k\u00fclt\u00fcrel dokusu ile alakal\u0131d\u0131r. Burada bir binay\u0131 ortadan kald\u0131rd\u0131\u011f\u0131n\u0131zda \u015fehrin tarihi ile oynam\u0131\u015f oluyorsunuz\u201d dedi.<br \/>\nParkomat uygulamas\u0131n\u0131n kald\u0131r\u0131lmas\u0131\u2026<br \/>\nParkomat uygulamas\u0131n\u0131n iptali hakk\u0131nda, \u00f6zellikle \u00e7ar\u015f\u0131 esnaf\u0131ndan kendisine yo\u011fun \u015fik\u00e2yetler geldi\u011fini dile getiren Ba\u015fkan G\u00fcltak, neden iptal edildi\u011fine dair kendilerine bir a\u00e7\u0131klama yap\u0131lmad\u0131\u011f\u0131n\u0131 belirterek; \u201cNe oldu\u011funu bilmiyoruz. Bize sorulmad\u0131. Bir anda Parkomat iptal edildi. Meclis\u2019te de g\u00fcndeme getirdik. \u00c7ar\u015f\u0131 esnaflar\u0131 7-8 ay \u00f6nce ziyaretime geldi, kendilerine de anlatt\u0131m.  \u2018G\u00fcltak siyaset yap\u0131yor demesinler diye ben de\u011fil, siz gidip g\u00f6r\u00fc\u015f\u00fcn\u2019 dedim.<br \/>\n\u00c7ar\u015f\u0131 esnaflar\u0131m\u0131z gitti, B\u00fcy\u00fck\u015fehir Belediyesi y\u00f6netimi ile g\u00f6r\u00fc\u015ft\u00fc ama aradan ge\u00e7en 7-8 ayda de\u011fi\u015fen bir \u015fey yok. Bakt\u0131m olacak gibi de\u011fil ben de Meclis\u2019te g\u00fcndeme getirdim. \u00c7\u00fcnk\u00fc esnaflar\u0131m\u0131z ekme\u011finin derdine d\u00fc\u015fm\u00fc\u015f. Akdeniz&#8217;in kalbi olan \u00e7ar\u015f\u0131 esnaflar\u0131m\u0131z\u0131 g\u00f6rmezden gelemeyiz. Anket y\u00f6ntemiyle esnafa sorulabilir. Esnaf ba\u015f\u0131m\u0131z\u0131n tac\u0131d\u0131r. Derdimiz siyaset de\u011fil. Parkomat\u2019\u0131n neden kald\u0131r\u0131ld\u0131\u011f\u0131na dair bilimsel bir a\u00e7\u0131klama varsa a\u00e7\u0131klanmal\u0131d\u0131r\u201d dedi.<br \/>\n\u201cHaz\u0131rlanm\u0131\u015f ve \u00e7al\u0131\u015f\u0131lm\u0131\u015f projeleriniz yoksa bu i\u015fler kolay de\u011fil\u201d<br \/>\nBa\u015fkan Mustafa G\u00fcltak; g\u00f6reve gelir gelmez kollar\u0131 s\u0131vayarak Akdeniz il\u00e7esi genelinde hizmet ve proje \u00fcrettiklerinin alt\u0131n\u0131 \u00e7izerek; \u201cKentsel d\u00f6n\u00fc\u015f\u00fcm projesi ile \u00c7ay Mahallesi\u2019nde 415 konut bitirildi, yak\u0131nda teslim edilecek. Cumartesi g\u00fcn\u00fc Bar\u0131\u015f Mahallesi\u2019nde de y\u0131k\u0131m ba\u015fl\u0131yor. Y\u0131lsonuna kadar da temeli at\u0131lacak. Yani bu i\u015fler 1-2 g\u00fcnde olacak i\u015fler de\u011fil. \u00c7aml\u0131bel i\u00e7in b\u00fct\u00fcn projeler haz\u0131r. \u00c7evre Bakanl\u0131\u011f\u0131\u2019ndan izin gelir gelmez yeni bir marinan\u0131n ihalesi yap\u0131lacak. \u00c7aml\u0131bel\u2019i tan\u0131yamayacaks\u0131n\u0131z. Biz 2 bu\u00e7uk y\u0131ld\u0131r bu projeleri ortaya \u00e7\u0131karmak i\u00e7in u\u011fra\u015f\u0131yoruz. Kolay de\u011fil! \u00c7al\u0131\u015f\u0131lm\u0131\u015f ve haz\u0131rlanm\u0131\u015f projeleriniz yoksa bunlar \u00f6yle kolay i\u015fler de\u011fil\u201d ifadelerini kulland\u0131.<br \/>\n\u201cMersin \u00c7ar\u015f\u0131s\u0131 kaderine terk edilemez\u201d<br \/>\nHayata ge\u00e7irilecek bir projeyi \u00f6nce projenin muhatab\u0131 insanlar kadar \u015fehrin de kabul etmesi gerekti\u011finin alt\u0131n\u0131 \u00e7izen Ba\u015fkan G\u00fcltak Mersin \u00c7ar\u015f\u0131s\u0131\u2019n\u0131n kaderine terk edilemeyece\u011fini ve b\u00f6lgeyi canland\u0131rmak i\u00e7in esnaf\u0131 korumak \u015fart\u0131 ile her projeye destek vereceklerini vurgulad\u0131. Ba\u015fkan G\u00fcltak \u015f\u00f6yle konu\u015ftu; \u201cSadece y\u0131kmakla olmaz bu i\u015fler. Y\u0131kacaks\u0131n ama peki ama arkas\u0131ndan ne yapacaks\u0131n?<br \/>\nMesela ben \u00c7aml\u0131bel Marina\u2019ya gitti\u011fimde amat\u00f6r bal\u0131k\u00e7\u0131lar ve ekmek aras\u0131 bal\u0131k satan esnaflar etraf\u0131m\u0131 sar\u0131yor; \u201cBiz ne olaca\u011f\u0131z?\u2019 diye soruyorlar. 450 kapasiteli marina yap\u0131l\u0131yor, 300 amat\u00f6r bal\u0131k\u00e7\u0131 yerinde kal\u0131yor, 150 l\u00fcks yat gelebilir. Ekmek aras\u0131 bal\u0131k satan esnaflar\u0131m\u0131z\u0131 Atat\u00fcrk Park\u0131\u2019na, profesyonel bal\u0131k\u00e7\u0131lar\u0131 da geni\u015fletme \u00e7al\u0131\u015fmalar\u0131 devam eden Karaduvar Liman\u0131\u2019na ta\u015f\u0131yaca\u011f\u0131z. Akdeniz\u2019i hem de\u011fi\u015ftiriyoruz hem de \u00e7\u00f6z\u00fcmler \u00fcretip g\u00fczelle\u015ftiriyoruz\u201d ifadelerini kulland\u0131.<br \/>\n\u201cEsnaf\u0131n sorunlar\u0131n\u0131 dile getirdi\u011fimde siyasi refleksler olu\u015fuyor\u201d<br \/>\nKonu\u015fmas\u0131nda; se\u00e7imlerin \u00fczerinden 2 bu\u00e7uk y\u0131l ge\u00e7ti\u011fini ve Mersin\u2019in kaybedecek daha fazla zaman\u0131 olmad\u0131\u011f\u0131n\u0131 vurgulayan Ba\u015fkan G\u00fcltak, \u201cProjeleri h\u0131zland\u0131rmam\u0131z gerekiyor. \u00d6zellikle Parkomat meselesinde h\u0131zl\u0131 \u015fekilde karar almam\u0131z laz\u0131m. Esnaf\u0131m\u0131z, evine ekmek g\u00f6t\u00fcrebiliyor mu ona bakmam\u0131z gerek. Biz de \u00e7ar\u015f\u0131 merkezinin otopark sorununun bir an \u00f6nce \u00e7\u00f6z\u00fclmesini istiyoruz. Konuyla ilgili esnaf temsilcilerine sesleniyorum. L\u00fctfen bu meseleye el at\u0131n. Ben \u00e7ekiliyorum, \u00e7\u00fcnk\u00fc konu\u015ftu\u011fum zaman siyasi refleksler geli\u015fiyor. Bu da esnafa zarar veriyor. Esnaf\u0131 toplay\u0131n, g\u00f6r\u00fc\u015f\u00fcn ve en k\u0131sa s\u00fcrede B\u00fcy\u00fck\u015fehir Belediyesi y\u00f6netimi ile toplant\u0131 yap\u0131p meseleyi \u00e7\u00f6z\u00fcn. Esnaf\u0131m\u0131z zaten Pandemi yorgunudur. Vatanda\u015f gelir, arabas\u0131n\u0131 5-10 dakika park edip al\u0131\u015fveri\u015fin yapar ve gider. Tabi bu projenin ge\u00e7ici, pansuman tedavi oldu\u011funu ben de kabul ediyorum. Ya Atat\u00fcrk Park\u0131\u2019n\u0131n alt\u0131n\u0131 otopark yapaca\u011f\u0131z ya da bu sorunla u\u011fra\u015fmaya devam edece\u011fiz. \u00c7\u00fcnk\u00fc b\u00f6lgede y\u0131k\u0131l\u0131p otopark yap\u0131labilecek bir bina veya alan yok\u201d diye konu\u015ftu.<\/p>\n","protected":false},"excerpt":{"rendered":"<p>Akdeniz Belediye Ba\u015fkan\u0131 M. Mustafa G\u00fcltak, Mersin \u00e7ar\u015f\u0131 esnaf\u0131n\u0131 ziyaret ederek ba\u015fta kent merkezinin yenilenmesi ve Parkomat uygulamas\u0131 olmak \u00fczere \u00e7e\u015fitli konular hakk\u0131ndaki talep ve \u015fik\u00e2yetlerini dinledi. Esnaflarla toplant\u0131 da &hellip; <a href=\"https:\/\/akdenizolaygazetesi.com\/?p=14196\" class=\"more-link\">Devam\u0131n\u0131 Oku&#8230;<\/a><\/p>\n","protected":false},"author":2,"featured_media":14197,"comment_status":"open","ping_status":"open","sticky":false,"template":"","format":"standard","meta":[],"categories":[3,5],"tags":[],"_links":{"self":[{"href":"https:\/\/akdenizolaygazetesi.com\/index.php?rest_route=\/wp\/v2\/posts\/14196"}],"collection":[{"href":"https:\/\/akdenizolaygazetesi.com\/index.php?rest_route=\/wp\/v2\/posts"}],"about":[{"href":"https:\/\/akdenizolaygazetesi.com\/index.php?rest_route=\/wp\/v2\/types\/post"}],"author":[{"embeddable":true,"href":"https:\/\/akdenizolaygazetesi.com\/index.php?rest_route=\/wp\/v2\/users\/2"}],"replies":[{"embeddable":true,"href":"https:\/\/akdenizolaygazetesi.com\/index.php?rest_route=%2Fwp%2Fv2%2Fcomments&post=14196"}],"version-history":[{"count":1,"href":"https:\/\/akdenizolaygazetesi.com\/index.php?rest_route=\/wp\/v2\/posts\/14196\/revisions"}],"predecessor-version":[{"id":14198,"href":"https:\/\/akdenizolaygazetesi.com\/index.php?rest_route=\/wp\/v2\/posts\/14196\/revisions\/14198"}],"wp:featuredmedia":[{"embeddable":true,"href":"https:\/\/akdenizolaygazetesi.com\/index.php?rest_route=\/wp\/v2\/media\/14197"}],"wp:attachment":[{"href":"https:\/\/akdenizolaygazetesi.com\/index.php?rest_route=%2Fwp%2Fv2%2Fmedia&parent=14196"}],"wp:term":[{"taxonomy":"category","embeddable":true,"href":"https:\/\/akdenizolaygazetesi.com\/index.php?rest_route=%2Fwp%2Fv2%2Fcategories&post=14196"},{"taxonomy":"post_tag","embeddable":true,"href":"https:\/\/akdenizolaygazetesi.com\/index.php?rest_route=%2Fwp%2Fv2%2Ftags&post=14196"}],"curies":[{"name":"wp","href":"https:\/\/api.w.org\/{rel}","templated":true}]}}