{"id":14199,"date":"2021-09-16T13:33:05","date_gmt":"2021-09-16T10:33:05","guid":{"rendered":"http:\/\/akdenizolaygazetesi.com\/?p=14199"},"modified":"2021-09-16T13:33:05","modified_gmt":"2021-09-16T10:33:05","slug":"calisan-ureten-butun-is-insani-dostlarimi-odul-almis-kabul-ediyorum","status":"publish","type":"post","link":"https:\/\/akdenizolaygazetesi.com\/?p=14199","title":{"rendered":"\u201c\u00c7ALI\u015eAN, \u00dcRETEN, B\u00dcT\u00dcN \u0130\u015e \u0130NSANI DOSTLARIMI \u00d6D\u00dcL ALMI\u015e KABUL ED\u0130YORUM\u201d"},"content":{"rendered":"<p>Mersin B\u00fcy\u00fck\u015fehir Belediye Ba\u015fkan\u0131 Vahap Se\u00e7er, Rota Business Dergisi taraf\u0131ndan bu y\u0131l 2\u2019ncisi ger\u00e7ekle\u015ftirilen Mersin \u0130\u015f ve Ekonomi \u00d6d\u00fclleri gecesine kat\u0131ld\u0131. Se\u00e7ici kurul ve organizasyon komitesine plaketlerini sunan Ba\u015fkan Se\u00e7er, se\u00e7ici kurul taraf\u0131ndan 14 kategoride belirlenen \u00f6d\u00fclleri de sahiplerine teslim etti. Mersin B\u00fcy\u00fck\u015fehir Belediyesi ad\u0131na B\u00fcy\u00fck\u015fehir Belediye Ba\u015fkan\u0131 Vahap Se\u00e7er\u2019e \u201cAlt\u0131n Sponsorluk\u201d plaketi, Mersin Valisi Ali \u0130hsan Su taraf\u0131ndan verildi. Se\u00e7er, \u201cMersin ekonomisinin lokomotifi olan i\u015f insanlar\u0131yla beraber olmak bizlere ayr\u0131 bir motivasyon sa\u011fl\u0131yor\u201d dedi.<\/p>\n<p>Divan Otel\u2019de ger\u00e7ekle\u015ftirilen \u00f6d\u00fcl t\u00f6reninde; Ba\u015fkan Se\u00e7er\u2019in yan\u0131 s\u0131ra Mersin Valisi Ali \u0130hsan Su, CHP Mersin Milletvekili Cengiz G\u00f6k\u00e7el, AK Parti Mersin Milletvekili Hac\u0131 \u00d6zkan, Rota Business Dergisi Genel Yay\u0131n Y\u00f6netmeni Esat Durak, il\u00e7e belediye ba\u015fkanlar\u0131, sivil toplum kurulu\u015flar\u0131, oda ve dernek ba\u015fkanlar\u0131, i\u015f ve ekonomi d\u00fcnyas\u0131ndan \u00e7ok say\u0131da kat\u0131l\u0131mc\u0131 ile bas\u0131n mensuplar\u0131 yer ald\u0131.<\/p>\n<p>\u201cHepimizin gayreti \u00fclkemize, insanl\u0131\u011fa katk\u0131 sunmak\u201d<\/p>\n<p>Ba\u015fkan Se\u00e7er, Mersin\u2019e de\u011fer katanlarla, Mersin ekonomisinin lokomotifi olan i\u015f insanlar\u0131yla beraber olman\u0131n kendilerine ayr\u0131 bir motivasyon sa\u011flad\u0131\u011f\u0131n\u0131 belirterek, \u201cHepimizin gayreti \u00f6nce kendi g\u00f6rev alan\u0131m\u0131z, sorumluluk alan\u0131m\u0131z Mersinimiz ama genelde de \u00fclkemize katk\u0131 sunmak, uzun vadede de insanl\u0131\u011fa katk\u0131 sunmak. Ekonomi, refah, bu toplumlar\u0131 dirilten, zenginle\u015ftiren, her anlamda, maddesel anlamda, maddi anlamda de\u011ferlendirilir ama o maddiyat\u0131n sa\u011flad\u0131\u011f\u0131 zenginlik di\u011fer bir\u00e7ok alana da sirayet eder. \u0130nsanlar\u0131n bar\u0131\u015f\u0131n\u0131, huzurunu, karde\u015fli\u011fini, bir arada ya\u015fama arzusunu, k\u00fclt\u00fcr\u00fcn\u00fc, sanat\u0131n\u0131, her \u015feyini etkiler\u201d dedi.<\/p>\n<p>Se\u00e7er, se\u00e7im \u00f6ncesinde \u2018Mersin\u2019e yat\u0131r\u0131m yapacak olan i\u015f insan\u0131n\u0131 havaalan\u0131nda ceketimin d\u00fc\u011fmelerini ilikleyerek kar\u015f\u0131lamaya haz\u0131r\u0131m\u2019 s\u00f6z\u00fcn\u00fc an\u0131msatarak, \u201cBu s\u00f6z\u00fcm\u00fc biraz a\u00e7mak istiyorum. Benim i\u00e7in b\u00f6lgemde yat\u0131r\u0131m yapacak olan i\u015f insan\u0131, \u00fcretim odakl\u0131, insan odakl\u0131 yat\u0131r\u0131m yapand\u0131r. Banka mevduat\u0131nda ya da hesaplar\u0131nda y\u00fcksek miktarda para bulundurup Mersin\u2019in rant\u0131ndan faydalanacak, tek ba\u015f\u0131na bunu cebine katacak olan i\u015f insan\u0131 benim g\u00f6z\u00fcmde muteber bir i\u015f insan\u0131 de\u011fildir\u201d diye konu\u015ftu.<\/p>\n<p>\u201cB\u00f6yle bir kentte y\u00f6netici olmaktan onur ve gurur duyuyorum\u201d<\/p>\n<p>\u00dcreten, \u00e7al\u0131\u015fan, insan odakl\u0131 ve istihdam yaratan her t\u00fcrl\u00fc yat\u0131r\u0131m\u0131 desteklediklerini ifade eden Se\u00e7er, bu yat\u0131r\u0131mlar\u0131n toplumun bar\u0131\u015f\u0131n\u0131 ve huzurunu bozan b\u00fct\u00fcn olaylardan kenti kurtaran \u00e7al\u0131\u015fma alanlar\u0131 yaratt\u0131\u011f\u0131na de\u011findi. Se\u00e7er, \u201cBug\u00fcn T\u00fcrkiye\u2019nin temel sorunlar\u0131n\u0131n ba\u015f\u0131nda gelen; \u00e7at\u0131\u015fma, ter\u00f6r, bunun ad\u0131n\u0131 ne koyarsan\u0131z koyun, en temel konular\u0131ndan biri budur. Hak\u00e7a b\u00f6l\u00fc\u015f\u00fcm\u00fcn yeterli derecede olmamas\u0131, hukuk devleti anlay\u0131\u015f\u0131, yeterli derecede ekonomik modellerin, b\u00fcy\u00fcme planlar\u0131n\u0131n insan odakl\u0131, \u00fcretim odakl\u0131 olmamas\u0131 ya da eksik olmas\u0131, bunu ba\u015faramamam\u0131z\u2026 Bence toplumu \u00e7\u00fcr\u00fcten, toplumu farkl\u0131 y\u00f6nlere kanalize eden, asayi\u015fi, huzuru bozan temel nedenlerden biri budur. Mersin de\u011ferli, \u00f6nemli bir kent. Rakamlar\u0131yla \u00f6nemli, \u00fcretim kapasitesiyle \u00f6nemli, sekt\u00f6rleriyle \u00f6nemli, vergi miktar\u0131yla tahakkuk edilen ya da \u00f6denen vergi miktar\u0131yla \u00f6nemli, co\u011frafyas\u0131yla, iklimiyle, kadim k\u00fclt\u00fcr\u00fcyle, demografisiyle, insan kayna\u011f\u0131yla \u00f6nemli, de\u011ferli bir kent. B\u00f6yle bir kentte \u015fahs\u0131m ad\u0131na bir y\u00f6netici olmaktan onur duyuyorum, gurur duyuyorum. Kendimi \u00e7ok iyi hissediyorum, ne kadar sorumlulu\u011fum a\u011f\u0131r olsa da. Ama burada ya\u015fayan her sosyoekonomik, her sosyok\u00fclt\u00fcrden bireyin de bu kentte kendini iyi hissetmesi gerekiyor ve bizim bunu iyi hissettirme g\u00f6revimizi de hat\u0131rlatmak istiyorum\u201d ifadelerini kulland\u0131.<\/p>\n<p>\u201c\u00c7al\u0131\u015fan, \u00fcreten, b\u00fct\u00fcn i\u015f insan\u0131 dostlar\u0131m\u0131 \u00f6d\u00fcl alm\u0131\u015f kabul ediyorum\u201d<\/p>\n<p>Ba\u015fkan Se\u00e7er, pandemi s\u00fcrecinden do\u011fal afetlere kadar piyasalar\u0131 durgunla\u015ft\u0131ran bir\u00e7ok olumsuz durumun ya\u015fand\u0131\u011f\u0131n\u0131 hat\u0131rlatarak, \u201cHer \u015feye ra\u011fmen \u00e7al\u0131\u015fan, \u00fcreten, ekonomimize de\u011fer katan t\u00fcm i\u015f insanlar\u0131 dostlar\u0131ma sayg\u0131lar\u0131m\u0131 sunuyorum. Benim i\u00e7in burada \u00f6d\u00fcl alan yok. B\u00fct\u00fcn i\u015f insanlar\u0131n\u0131, \u00e7al\u0131\u015fan, \u00fcreten, al\u0131n teriyle, yasalar \u00e7er\u00e7evesinde b\u00fct\u00fcn i\u015f insan\u0131 dostlar\u0131m\u0131 \u00f6d\u00fcl alm\u0131\u015f kabul ediyorum. Sayg\u0131lar sunuyorum\u201d dedi.<\/p>\n<p>Durak: \u201c\u00d6d\u00fcl bir motivasyondur, moraldir ama hi\u00e7bir zaman \u00f6l\u00e7\u00fct de\u011fildir\u201d<\/p>\n<p>Rota Business Dergisi Genel Yay\u0131n Y\u00f6netmeni Esat Durak, \u00f6d\u00fcl gecesine emek veren kurum ve kurulu\u015flara te\u015fekk\u00fcr ederek, \u201cYapt\u0131\u011f\u0131m\u0131z her do\u011fru projeye destek veren ve anlam katan ba\u015fta Say\u0131n Mersin B\u00fcy\u00fck\u015fehir Belediye Ba\u015fkan\u0131m\u0131z Vahap Se\u00e7er ve ekibine te\u015fekk\u00fcr ediyorum. \u00dclkemizin pandemi, yang\u0131n ve sel gibi felaketlerden etkilenmesine ra\u011fmen m\u00fccadelesini s\u00fcrd\u00fcren, \u00fcretimi devam ettiren, istihdama diren\u00e7 noktas\u0131 olu\u015fturan t\u00fcm yat\u0131r\u0131mc\u0131lar\u0131m\u0131za, i\u015f insanlar\u0131m\u0131za te\u015fekk\u00fcr ediyorum. Unutmay\u0131n ki \u00f6d\u00fcl bir motivasyondur, \u00f6d\u00fcl bir moraldir ama emin olun ki hi\u00e7bir zaman \u00f6l\u00e7\u00fct de\u011fildir\u201d diye konu\u015ftu.<\/p>\n","protected":false},"excerpt":{"rendered":"<p>Mersin B\u00fcy\u00fck\u015fehir Belediye Ba\u015fkan\u0131 Vahap Se\u00e7er, Rota Business Dergisi taraf\u0131ndan bu y\u0131l 2\u2019ncisi ger\u00e7ekle\u015ftirilen Mersin \u0130\u015f ve Ekonomi \u00d6d\u00fclleri gecesine kat\u0131ld\u0131. Se\u00e7ici kurul ve organizasyon komitesine plaketlerini sunan Ba\u015fkan Se\u00e7er, &hellip; <a href=\"https:\/\/akdenizolaygazetesi.com\/?p=14199\" class=\"more-link\">Devam\u0131n\u0131 Oku&#8230;<\/a><\/p>\n","protected":false},"author":2,"featured_media":14200,"comment_status":"open","ping_status":"open","sticky":false,"template":"","format":"standard","meta":[],"categories":[1,2,3,5],"tags":[],"_links":{"self":[{"href":"https:\/\/akdenizolaygazetesi.com\/index.php?rest_route=\/wp\/v2\/posts\/14199"}],"collection":[{"href":"https:\/\/akdenizolaygazetesi.com\/index.php?rest_route=\/wp\/v2\/posts"}],"about":[{"href":"https:\/\/akdenizolaygazetesi.com\/index.php?rest_route=\/wp\/v2\/types\/post"}],"author":[{"embeddable":true,"href":"https:\/\/akdenizolaygazetesi.com\/index.php?rest_route=\/wp\/v2\/users\/2"}],"replies":[{"embeddable":true,"href":"https:\/\/akdenizolaygazetesi.com\/index.php?rest_route=%2Fwp%2Fv2%2Fcomments&post=14199"}],"version-history":[{"count":1,"href":"https:\/\/akdenizolaygazetesi.com\/index.php?rest_route=\/wp\/v2\/posts\/14199\/revisions"}],"predecessor-version":[{"id":14201,"href":"https:\/\/akdenizolaygazetesi.com\/index.php?rest_route=\/wp\/v2\/posts\/14199\/revisions\/14201"}],"wp:featuredmedia":[{"embeddable":true,"href":"https:\/\/akdenizolaygazetesi.com\/index.php?rest_route=\/wp\/v2\/media\/14200"}],"wp:attachment":[{"href":"https:\/\/akdenizolaygazetesi.com\/index.php?rest_route=%2Fwp%2Fv2%2Fmedia&parent=14199"}],"wp:term":[{"taxonomy":"category","embeddable":true,"href":"https:\/\/akdenizolaygazetesi.com\/index.php?rest_route=%2Fwp%2Fv2%2Fcategories&post=14199"},{"taxonomy":"post_tag","embeddable":true,"href":"https:\/\/akdenizolaygazetesi.com\/index.php?rest_route=%2Fwp%2Fv2%2Ftags&post=14199"}],"curies":[{"name":"wp","href":"https:\/\/api.w.org\/{rel}","templated":true}]}}