{"id":14202,"date":"2021-09-17T13:14:31","date_gmt":"2021-09-17T10:14:31","guid":{"rendered":"http:\/\/akdenizolaygazetesi.com\/?p=14202"},"modified":"2021-09-17T13:14:31","modified_gmt":"2021-09-17T10:14:31","slug":"mersin-buyuksehir-sayesinde-ureticinin-isi-kolaylasiyor","status":"publish","type":"post","link":"https:\/\/akdenizolaygazetesi.com\/?p=14202","title":{"rendered":"MERS\u0130N B\u00dcY\u00dcK\u015eEH\u0130R SAYES\u0130NDE \u00dcRET\u0130C\u0130N\u0130N \u0130\u015e\u0130 KOLAYLA\u015eIYOR"},"content":{"rendered":"<p>Mersin B\u00fcy\u00fck\u015fehir Belediyesi Tar\u0131msal ve Veteriner Hizmetleri Dairesi\u2019nin \u00fcreticilere alet-ekipman destekleri devam ediyor. Yapt\u0131\u011f\u0131 destekler sayesinde \u00fcreticinin maliyetini azaltan B\u00fcy\u00fck\u015fehir Belediyesi, bu kez de G\u00fclnar il\u00e7esi Konur Mahallesi ile \u00e7evre mahallelerdeki badem \u00fcreticilerine 800 kilogram kapasiteli badem soyma makinas\u0131 deste\u011fi verdi. Badem hasad\u0131n\u0131 yapan \u00fcreticiler badem soyma makinas\u0131n\u0131 kullanmaya ba\u015flad\u0131.<\/p>\n<p>Her cins bademe uygun makine ile \u00fcreticinin i\u015fi kolayla\u015f\u0131yor<\/p>\n<p>800 kilogram kapasiteye sahip olan makine, h\u0131z azalt\u0131p y\u00fckseltme ayar\u0131 sayesinde bademleri cinsine g\u00f6re zarar vermeyecek \u015fekilde soyabiliyor. Makinesi olmayan badem \u00fcreticilerinin badem soyma i\u015flemi g\u00fcnlerce s\u00fcrebiliyor. \u00dcreticiler, yap\u0131lan ekipman deste\u011fi sayesinde bademleri daha k\u0131sa zamanda i\u015fleyip piyasaya s\u00fcrebiliyor. Badem soyma makinesi ile hasat edilen bademlerde i\u015f\u00e7ilik maliyeti ve zamandan da tasarruf sa\u011flan\u0131yor.<\/p>\n<p>\u201c130 \u00fcreticimiz makinemiz sayesinde piyasaya daha h\u0131zl\u0131 bir giri\u015f yapacak\u201d<\/p>\n<p>B\u00fcy\u00fck\u015fehir Belediyesi Tar\u0131msal ve Veterinerlik Hizmetleri Dairesi Ba\u015fkanl\u0131\u011f\u0131\u2019nda ziraat teknikeri olarak g\u00f6rev yapan Ramazan \u00dcredi, proje ile i\u015f g\u00fcc\u00fcnden tasarruf edildi\u011fini ve \u00fcr\u00fcnlerin daha k\u0131sa zamanda piyasaya s\u00fcr\u00fclebilece\u011fini belirterek, \u201cG\u00fclnar il\u00e7esinde Konur Mahallemize bu y\u0131l hasattan \u00f6nce bir adet badem soyma makinas\u0131 teslim ettik. Bu sayede \u00fcreticilerimiz hem i\u015f\u00e7ilikten hem de zamandan tasarruf ettiler. Art\u0131k bademlerini g\u00fcnd\u00fcz hasat edip, ak\u015fam tekrar kavlatmak i\u00e7in u\u011fra\u015fm\u0131yorlar. Hasat ettikleri \u00fcr\u00fcnlerini makine sayesinde \u00e7ok k\u0131sa bir zamanda evlerine g\u00f6t\u00fcr\u00fcyorlar. Bu sayede \u00fcreticilerimiz piyasaya daha erken ve kaliteli mal sunuyor. Toplamda 130 \u00fcretici faydalanacak. 130 \u00fcreticimiz makinemiz sayesinde piyasaya daha h\u0131zl\u0131 giri\u015f yapacak\u201d dedi.<\/p>\n<p>\u201c\u00d6nceden bademlerimizi elle soyuyorduk\u201d<\/p>\n<p>Badem \u00fcretiminin fazla olmas\u0131ndan dolay\u0131 badem soyma makinas\u0131n\u0131 tercih ettiklerini ifade eden Konur Mahalle Muhtar\u0131 H\u00fcseyin Akar, \u201cMahallemizde \u00f6nceden bademlerimizi elle soyuyorduk veya ba\u015fka k\u00f6ylerde, ba\u015fka ki\u015filerin makinas\u0131 vard\u0131, onlarla soyduruyorduk. Badem soyma makinas\u0131n\u0131 bu sene g\u00f6nderdiler, Allah raz\u0131 olsun Ba\u015fkan\u0131m\u0131zdan\u201d dedi.<\/p>\n<p>Badem soyma i\u015finin \u00f6nceden imece usul\u00fcyle ya da i\u015f\u00e7i tutularak yap\u0131ld\u0131\u011f\u0131n\u0131, sat\u0131\u015f fiyat\u0131n\u0131n d\u00fc\u015f\u00fck olmas\u0131 nedeniyle de kazan\u0131lan paran\u0131n i\u015f\u00e7iye gitti\u011fini aktaran Akar, makine sayesinde bu s\u0131k\u0131nt\u0131lar\u0131n\u0131n bitece\u011fini ifade etti. Makine olmadan \u00f6nce badem soyma i\u015flemini nas\u0131l yapt\u0131klar\u0131n\u0131 da anlatan Akar, \u015funlar\u0131 s\u00f6yledi:<\/p>\n<p>\u201cBadem soyulurken kom\u015fular\u0131n gelir veyahut karde\u015flerin gelir, akrabalar\u0131n gelir, \u00e7ocuklar\u0131n yard\u0131mc\u0131 olur. Yard\u0131mla\u015f\u0131p, beraberce yap\u0131yorduk. Makinayla yap\u0131lan i\u015f ba\u015fka, elle yap\u0131lan i\u015f ba\u015fka. Elle yap\u0131lan i\u015f 5, 10 g\u00fcnde yap\u0131l\u0131yorsa, bununla 3 saatte, 5 saatte soyuyorsun. \u00d6nceden getiriyorduk \u00e7uvallarla, yanlar\u0131nda ceviz getiriyorduk. Bir anda hepsini yapam\u0131yorsun. Mutlaka ya yan\u0131nda \u00e7olu\u011fun \u00e7ocu\u011fun fazla olacak ya da \u00e7al\u0131\u015fan i\u015f\u00e7in fazla olacak. \u0130\u015f\u00e7i paras\u0131 versen, zaten kazanc\u0131n olmuyor.\u201d<\/p>\n<p>\u201cBu makinenin gelmesi bize b\u00fcy\u00fck avantaj sa\u011flad\u0131\u201d<\/p>\n<p>G\u00fcbre ve mazot fiyatlar\u0131n\u0131n da kendilerini zorlad\u0131\u011f\u0131n\u0131 belirten Akar, \u201cBunun ilac\u0131 var, i\u015f\u00e7isi var, her \u015fey bir masraf yani. O a\u00e7\u0131dan bu makinenin gelmesi bize b\u00fcy\u00fck avantaj sa\u011flad\u0131. Allah raz\u0131 olsun. Ba\u015fta Vahap Ba\u015fkan\u0131m ve ekibi olmak \u00fczere herkese te\u015fekk\u00fcr ederiz\u201d ifadelerini kulland\u0131.<\/p>\n<p>\u201c\u0130nsanlar\u0131n elleri tahri\u015f oluyordu\u201d<\/p>\n<p>\u00dcreticilerden Tenzile Yadig\u00e2r Ak, b\u00f6lgede \u00e7e\u015fitli tar\u0131m \u00fcr\u00fcnlerinin yeti\u015ftirildi\u011fini ve zamandan tasarrufun bu y\u00fczden \u00f6nemli oldu\u011funu ifade ederek, \u201cDaha \u00f6nce insanlar elleriyle yap\u0131yorlard\u0131. Elle yapmak bir hayli zaman al\u0131yordu. Ayn\u0131 zamanda insanlar\u0131n ellerini tahri\u015f ediyordu. Bunlardan kurtulduk. Zamandan tasarruf ettik. \u00c7ift\u00e7i 24 saat \u00e7al\u0131\u015f\u0131r. Kalan zamanlar\u0131m\u0131zda di\u011fer i\u015flerimizi yap\u0131yoruz. Burada tek \u00fcr\u00fcn \u00fcretilmiyor, insanlar tek \u00fcr\u00fcne ba\u011f\u0131ml\u0131 kalm\u0131yor; elma yap\u0131yor, badem yap\u0131yor, \u00fcz\u00fcm yap\u0131yor, farkl\u0131 \u00fcr\u00fcnler \u00fcretiyor. Zamandan kazanmak \u00e7ok \u00f6nemli bir duygu. Tonaj\u0131 y\u00fcksek oldu\u011funda onu temizlemek uzun zaman al\u0131yordu. Ba\u015fka i\u015flerine y\u00f6neliyorsun, ba\u015fka a\u011fa\u00e7lar\u0131na bak\u0131yorsun, elamana bak\u0131yorsun, evdeki i\u015flerini yap\u0131yorsun. Zaman\u0131n\u0131 bah\u00e7ende kullan\u0131yorsun, sebzende, meyvende kullan\u0131yorsun. Kendine \u00f6zg\u00fc bir zaman oluyor de\u011ferlendirmen gereken\u201d dedi.<\/p>\n","protected":false},"excerpt":{"rendered":"<p>Mersin B\u00fcy\u00fck\u015fehir Belediyesi Tar\u0131msal ve Veteriner Hizmetleri Dairesi\u2019nin \u00fcreticilere alet-ekipman destekleri devam ediyor. Yapt\u0131\u011f\u0131 destekler sayesinde \u00fcreticinin maliyetini azaltan B\u00fcy\u00fck\u015fehir Belediyesi, bu kez de G\u00fclnar il\u00e7esi Konur Mahallesi ile \u00e7evre &hellip; <a href=\"https:\/\/akdenizolaygazetesi.com\/?p=14202\" class=\"more-link\">Devam\u0131n\u0131 Oku&#8230;<\/a><\/p>\n","protected":false},"author":2,"featured_media":14203,"comment_status":"open","ping_status":"open","sticky":false,"template":"","format":"standard","meta":[],"categories":[1,3,5],"tags":[],"_links":{"self":[{"href":"https:\/\/akdenizolaygazetesi.com\/index.php?rest_route=\/wp\/v2\/posts\/14202"}],"collection":[{"href":"https:\/\/akdenizolaygazetesi.com\/index.php?rest_route=\/wp\/v2\/posts"}],"about":[{"href":"https:\/\/akdenizolaygazetesi.com\/index.php?rest_route=\/wp\/v2\/types\/post"}],"author":[{"embeddable":true,"href":"https:\/\/akdenizolaygazetesi.com\/index.php?rest_route=\/wp\/v2\/users\/2"}],"replies":[{"embeddable":true,"href":"https:\/\/akdenizolaygazetesi.com\/index.php?rest_route=%2Fwp%2Fv2%2Fcomments&post=14202"}],"version-history":[{"count":1,"href":"https:\/\/akdenizolaygazetesi.com\/index.php?rest_route=\/wp\/v2\/posts\/14202\/revisions"}],"predecessor-version":[{"id":14204,"href":"https:\/\/akdenizolaygazetesi.com\/index.php?rest_route=\/wp\/v2\/posts\/14202\/revisions\/14204"}],"wp:featuredmedia":[{"embeddable":true,"href":"https:\/\/akdenizolaygazetesi.com\/index.php?rest_route=\/wp\/v2\/media\/14203"}],"wp:attachment":[{"href":"https:\/\/akdenizolaygazetesi.com\/index.php?rest_route=%2Fwp%2Fv2%2Fmedia&parent=14202"}],"wp:term":[{"taxonomy":"category","embeddable":true,"href":"https:\/\/akdenizolaygazetesi.com\/index.php?rest_route=%2Fwp%2Fv2%2Fcategories&post=14202"},{"taxonomy":"post_tag","embeddable":true,"href":"https:\/\/akdenizolaygazetesi.com\/index.php?rest_route=%2Fwp%2Fv2%2Ftags&post=14202"}],"curies":[{"name":"wp","href":"https:\/\/api.w.org\/{rel}","templated":true}]}}