{"id":14208,"date":"2021-09-18T18:02:40","date_gmt":"2021-09-18T15:02:40","guid":{"rendered":"http:\/\/akdenizolaygazetesi.com\/?p=14208"},"modified":"2021-09-18T18:04:06","modified_gmt":"2021-09-18T15:04:06","slug":"cumhurbaskani-erdogan-akdeniz-belediyesine-cikarma-yapti","status":"publish","type":"post","link":"https:\/\/akdenizolaygazetesi.com\/?p=14208","title":{"rendered":"CUMHURBA\u015eKANI ERDO\u011eAN AKDEN\u0130Z BELED\u0130YES\u0130&#8217;NE \u00c7IKARMA YAPTI"},"content":{"rendered":"<p>Cumhurba\u015fkan\u0131 ve AK Parti Genel Ba\u015fkan\u0131 Recep Tayyip Erdo\u011fan, beraberindeki bir\u00e7ok bakan ve milletvekili ile birlikte Mersin Akdeniz Belediyesi&#8217;ni ziyaret etti.<br \/>\nBir dizi ziyaret ve toplu a\u00e7\u0131l\u0131\u015f t\u00f6reni i\u00e7in Mersin&#8217;e gelen Cumhurba\u015fkan\u0131 Recep Tayyip Erdo\u011fan, AK Parti Mersin Geni\u015fletilmi\u015f \u0130l Dan\u0131\u015fma Toplant\u0131s\u0131&#8217;na kat\u0131ld\u0131ktan sonra, Akdeniz Belediyesi&#8217;ne \u00e7\u0131karma yapt\u0131.  Cumhurba\u015fkan\u0131 Erdo\u011fan\u2019\u0131 g\u00f6rmek isteyen he ya\u015ftan y\u00fczlerce vatanda\u015f, belediye binas\u0131n\u0131n etraf\u0131n\u0131 sard\u0131. Cumhurba\u015fkan\u0131 Erdo\u011fan; vatanda\u015flar\u0131n alk\u0131\u015f ve tezah\u00fcratlar\u0131 alt\u0131nda belediye binas\u0131na giri\u015f yapt\u0131.<br \/>\nBas\u0131na kapal\u0131 ger\u00e7ekle\u015fen ziyarete; Cumhurba\u015fkan\u0131 Yard\u0131mc\u0131s\u0131 Fuat Oktay, Cumhurba\u015fkanl\u0131\u011f\u0131 \u0130leti\u015fim Ba\u015fkan\u0131 Fahrettin Altun, Hazine ve Maliye Bakan\u0131 L\u00fctfi Elvan, \u00c7evre ve \u015eehircilik Bakan\u0131 Murat Kurum, Ula\u015ft\u0131rma ve Altyap\u0131 Bakan\u0131 Adil Karaismailo\u011flu, AK Parti Genel Ba\u015fkan Vekili Binali Y\u0131ld\u0131r\u0131m, AK Parti Genel Ba\u015fkan Yard\u0131mc\u0131s\u0131 J\u00fclide Sar\u0131ero\u011flu, AK Parti Mersin Milletvekilleri, Mersin Valisi Ali \u0130hsan Su ile AK Parti il ve il\u00e7e te\u015fkilatlar\u0131 kat\u0131ld\u0131.<br \/>\nBurada Akdeniz Belediye Ba\u015fkan\u0131 M. Mustafa G\u00fcltak taraf\u0131ndan kar\u015f\u0131lanan Cumhurba\u015fkan\u0131 Erdo\u011fan, 1 saati a\u015fk\u0131n s\u00fcre kald\u0131\u011f\u0131 Akdeniz Belediyesi&#8217;nde Mersin&#8217;in merkez il\u00e7esi Akdeniz&#8217;e yap\u0131lan ve yap\u0131lmas\u0131 planlanan yat\u0131r\u0131m ve projeler hakk\u0131nda bilgiler ald\u0131.<br \/>\nAkdeniz Belediye Ba\u015fkan\u0131 Mustafa G\u00fcltak, ziyaretten duydu\u011fu memnuniyeti dile getirerek, &#8220;Cumhurba\u015fkan\u0131m\u0131z Say\u0131n Recep Tayyip Erdo\u011fan&#8217;\u0131 belediyemizde a\u011f\u0131rlaman\u0131n gururunu ya\u015f\u0131yoruz. Kentimizin kalbi olan Akdeniz&#8217;de biten, devam eden ve yap\u0131lmas\u0131 planlanan proje ve \u00e7al\u0131\u015fmalar hakk\u0131nda kendisine bilgiler arz ettik. Akdeniz il\u00e7emize olan ilgisi nedeniyle, \u015fahs\u0131m ve t\u00fcm Akdeniz sakinleri ad\u0131na Say\u0131n Cumhurba\u015fkan\u0131m\u0131za \u015f\u00fckranlar\u0131m\u0131 arz ediyorum&#8221; ifadelerini kulland\u0131.<\/p>\n","protected":false},"excerpt":{"rendered":"<p>Cumhurba\u015fkan\u0131 ve AK Parti Genel Ba\u015fkan\u0131 Recep Tayyip Erdo\u011fan, beraberindeki bir\u00e7ok bakan ve milletvekili ile birlikte Mersin Akdeniz Belediyesi&#8217;ni ziyaret etti. Bir dizi ziyaret ve toplu a\u00e7\u0131l\u0131\u015f t\u00f6reni i\u00e7in Mersin&#8217;e &hellip; <a href=\"https:\/\/akdenizolaygazetesi.com\/?p=14208\" class=\"more-link\">Devam\u0131n\u0131 Oku&#8230;<\/a><\/p>\n","protected":false},"author":2,"featured_media":14209,"comment_status":"open","ping_status":"open","sticky":false,"template":"","format":"standard","meta":[],"categories":[1,2,3,5],"tags":[],"_links":{"self":[{"href":"https:\/\/akdenizolaygazetesi.com\/index.php?rest_route=\/wp\/v2\/posts\/14208"}],"collection":[{"href":"https:\/\/akdenizolaygazetesi.com\/index.php?rest_route=\/wp\/v2\/posts"}],"about":[{"href":"https:\/\/akdenizolaygazetesi.com\/index.php?rest_route=\/wp\/v2\/types\/post"}],"author":[{"embeddable":true,"href":"https:\/\/akdenizolaygazetesi.com\/index.php?rest_route=\/wp\/v2\/users\/2"}],"replies":[{"embeddable":true,"href":"https:\/\/akdenizolaygazetesi.com\/index.php?rest_route=%2Fwp%2Fv2%2Fcomments&post=14208"}],"version-history":[{"count":2,"href":"https:\/\/akdenizolaygazetesi.com\/index.php?rest_route=\/wp\/v2\/posts\/14208\/revisions"}],"predecessor-version":[{"id":14211,"href":"https:\/\/akdenizolaygazetesi.com\/index.php?rest_route=\/wp\/v2\/posts\/14208\/revisions\/14211"}],"wp:featuredmedia":[{"embeddable":true,"href":"https:\/\/akdenizolaygazetesi.com\/index.php?rest_route=\/wp\/v2\/media\/14209"}],"wp:attachment":[{"href":"https:\/\/akdenizolaygazetesi.com\/index.php?rest_route=%2Fwp%2Fv2%2Fmedia&parent=14208"}],"wp:term":[{"taxonomy":"category","embeddable":true,"href":"https:\/\/akdenizolaygazetesi.com\/index.php?rest_route=%2Fwp%2Fv2%2Fcategories&post=14208"},{"taxonomy":"post_tag","embeddable":true,"href":"https:\/\/akdenizolaygazetesi.com\/index.php?rest_route=%2Fwp%2Fv2%2Ftags&post=14208"}],"curies":[{"name":"wp","href":"https:\/\/api.w.org\/{rel}","templated":true}]}}