{"id":14215,"date":"2021-09-18T18:09:33","date_gmt":"2021-09-18T15:09:33","guid":{"rendered":"http:\/\/akdenizolaygazetesi.com\/?p=14215"},"modified":"2021-09-18T18:09:33","modified_gmt":"2021-09-18T15:09:33","slug":"buyuksehirden-yerel-duzey-defin-calisma-gruplarina-yonelik-uygulamali-egitim","status":"publish","type":"post","link":"https:\/\/akdenizolaygazetesi.com\/?p=14215","title":{"rendered":"B\u00dcY\u00dcK\u015eEH\u0130R\u2019DEN YEREL D\u00dcZEY DEF\u0130N \u00c7ALI\u015eMA GRUPLARI\u2019NA Y\u00d6NEL\u0130K UYGULAMALI E\u011e\u0130T\u0130M"},"content":{"rendered":"<p>T\u00fcrkiye Afet M\u00fcdahale Plan\u0131\u2019nda (TAMP) ana \u00e7\u00f6z\u00fcm orta\u011f\u0131 olan Mersin B\u00fcy\u00fck\u015fehir Belediyesi, b\u00fcnyesinde bulunan defin personeli ve Destek \u00c7\u00f6z\u00fcm Ortaklar\u0131\u2019n\u0131n Defin \u00c7al\u0131\u015fma Grubu\u2019nda yer alan personeline y\u00f6nelik e\u011fitim ve tatbikat d\u00fczenledi. Akbelen Mezarl\u0131\u011f\u0131\u2019nda yap\u0131lan e\u011fitim ve tatbikatta, olas\u0131 acil durumlarda, m\u00fcdahale ve defin i\u015flemlerinin en h\u0131zl\u0131 \u015fekilde nas\u0131l yap\u0131laca\u011f\u0131 uygulamal\u0131 olarak g\u00f6sterildi.<\/p>\n<p>Defin \u00c7al\u0131\u015fma Grubu ve Operasyon ekiplerinin g\u00f6revleri anlat\u0131ld\u0131<\/p>\n<p>E\u011fitimde; afet \u00f6ncesi, afet s\u0131ras\u0131 ve sonras\u0131nda defin hizmetlerinin di\u011fer kurum ve kurulu\u015flarla i\u015f birli\u011fi ve koordinasyon i\u00e7inde etkin bir \u015fekilde y\u00fcr\u00fct\u00fclmesi i\u00e7in izlenmesi gereken ad\u0131mlar anlat\u0131ld\u0131. Olas\u0131 senaryolar\u0131n konu\u015fuldu\u011fu e\u011fitim ve tatbikatta; Defin \u00c7al\u0131\u015fma Grubu i\u00e7erisinde yer alan Cenaze Kay\u0131t ve \u0130statistik Ekibi, Mezar Haz\u0131rlama ve \u0130la\u00e7lama Ekibi, Kimliklendirme Ekibi, Din Hizmetleri Ekibi, Cenaze Sevk Ekibi ve Lojistik Ekibi\u2019nin g\u00f6revleri anlat\u0131ld\u0131. Afet s\u0131ras\u0131nda kimin hangi grupta, hangi \u00e7al\u0131\u015fma vardiyas\u0131nda olaca\u011f\u0131na da de\u011finildi. Olas\u0131 afet durumuna kar\u015f\u0131, e\u011fitimde anlat\u0131lanlar yap\u0131lan tatbikatla maket \u00fczerinde uygulamal\u0131 olarak g\u00f6sterildi.<\/p>\n<p>T\u00fcrkiye Afet M\u00fcdahale Plan\u0131\u2019nda; destek \u00e7\u00f6z\u00fcm ortaklar\u0131 olarak sorumlu Vali Yard\u0131mc\u0131s\u0131 Ba\u015fkanl\u0131\u011f\u0131nda; Mersin Cumhuriyet Ba\u015fsavc\u0131l\u0131\u011f\u0131, \u0130l Emniyet M\u00fcd\u00fcrl\u00fc\u011f\u00fc, \u0130l Jandarma Komutanl\u0131\u011f\u0131, \u0130l N\u00fcfus ve Vatanda\u015fl\u0131k M\u00fcd\u00fcrl\u00fc\u011f\u00fc, \u0130l Sa\u011fl\u0131k M\u00fcd\u00fcrl\u00fc\u011f\u00fc, \u0130l M\u00fcft\u00fcl\u00fc\u011f\u00fc ve 112 Acil \u00c7a\u011fr\u0131 Merkezi bulunuyor.<\/p>\n<p>\u201cHep beraber ortak karar al\u0131yoruz\u201d<\/p>\n<p>Mezarl\u0131klar Dairesi Ba\u015fkanl\u0131\u011f\u0131\u2019nda Afet Y\u00f6netim ve Karar Destek Sistemi (AYDES) sorumlusu Bekir Celep, Valilik ve AFAD\u2019la ortak \u00e7al\u0131\u015ft\u0131klar\u0131n\u0131 belirterek, \u201cBiz Mersin B\u00fcy\u00fck\u015fehir Belediyesi olarak ana \u00e7\u00f6z\u00fcm orta\u011f\u0131y\u0131z Valili\u011fin baz\u0131nda. Bizim de tabi destek \u00e7\u00f6z\u00fcm ortaklar\u0131m\u0131z var. Bunlar; Mersin Cumhuriyet Ba\u015fsavc\u0131l\u0131\u011f\u0131, \u0130l Emniyet M\u00fcd\u00fcrl\u00fc\u011f\u00fc, \u0130l Jandarma Komutanl\u0131\u011f\u0131, \u0130l Sa\u011fl\u0131k M\u00fcd\u00fcrl\u00fc\u011f\u00fc, \u0130l N\u00fcfus ve Vatanda\u015fl\u0131k M\u00fcd\u00fcrl\u00fc\u011f\u00fc, Mersin M\u00fcft\u00fcl\u00fc\u011f\u00fc, bir de 112 Acil. Hep beraber ortak karar al\u0131yoruz, bu planlar\u0131, projeleri haz\u0131rl\u0131yoruz. Valili\u011fe sunuyoruz. Valilik onaylad\u0131ktan sonra tatbikatlar\u0131m\u0131z\u0131 ve e\u011fitimimizi burada g\u00f6revli olan arkada\u015flar\u0131m\u0131zla yap\u0131yoruz\u201d dedi.<\/p>\n<p>Celep, acil durumlarda defin i\u015flemlerinin \u00c7\u00f6z\u00fcm Ortaklar\u0131 ile nas\u0131l y\u00fcr\u00fct\u00fcld\u00fc\u011f\u00fc noktas\u0131nda bilgi vererek, \u201c\u0130l N\u00fcfus M\u00fcd\u00fcrl\u00fc\u011f\u00fc\u2019n\u00fcn g\u00f6revi; kimliklendirme. Mesela cenazenin \u00fczerinde kimlik \u00e7\u0131kmad\u0131, akrabas\u0131 yok. DNA testi yap\u0131l\u0131yor. Parmak izi al\u0131n\u0131yor. Kimli\u011fi belirleniyor. \u0130l Emniyet M\u00fcd\u00fcrl\u00fc\u011f\u00fc\u2019n\u00fcn g\u00f6revi; deprem olmu\u015f, evler y\u0131k\u0131lm\u0131\u015f, trafik s\u0131k\u0131\u015fm\u0131\u015f; yol g\u00fczerg\u00e2hlar\u0131n\u0131 belirlemek, a\u00e7mak, yard\u0131mc\u0131 olmak. Jandarmam\u0131z\u0131n da g\u00f6revi ayn\u0131. \u0130l N\u00fcfus M\u00fcd\u00fcrl\u00fc\u011f\u00fc\u2019n\u00fcn g\u00f6revi MERN\u0130S ortam\u0131nda cenazenin kimlik bilgilerine ula\u015fmak. Yani Mersin B\u00fcy\u00fck\u015fehir Belediyesi\u2019ne yard\u0131mc\u0131 olmak\u201d diye konu\u015ftu.<\/p>\n","protected":false},"excerpt":{"rendered":"<p>T\u00fcrkiye Afet M\u00fcdahale Plan\u0131\u2019nda (TAMP) ana \u00e7\u00f6z\u00fcm orta\u011f\u0131 olan Mersin B\u00fcy\u00fck\u015fehir Belediyesi, b\u00fcnyesinde bulunan defin personeli ve Destek \u00c7\u00f6z\u00fcm Ortaklar\u0131\u2019n\u0131n Defin \u00c7al\u0131\u015fma Grubu\u2019nda yer alan personeline y\u00f6nelik e\u011fitim ve tatbikat &hellip; <a href=\"https:\/\/akdenizolaygazetesi.com\/?p=14215\" class=\"more-link\">Devam\u0131n\u0131 Oku&#8230;<\/a><\/p>\n","protected":false},"author":2,"featured_media":14216,"comment_status":"open","ping_status":"open","sticky":false,"template":"","format":"standard","meta":[],"categories":[1,2,3,5],"tags":[],"_links":{"self":[{"href":"https:\/\/akdenizolaygazetesi.com\/index.php?rest_route=\/wp\/v2\/posts\/14215"}],"collection":[{"href":"https:\/\/akdenizolaygazetesi.com\/index.php?rest_route=\/wp\/v2\/posts"}],"about":[{"href":"https:\/\/akdenizolaygazetesi.com\/index.php?rest_route=\/wp\/v2\/types\/post"}],"author":[{"embeddable":true,"href":"https:\/\/akdenizolaygazetesi.com\/index.php?rest_route=\/wp\/v2\/users\/2"}],"replies":[{"embeddable":true,"href":"https:\/\/akdenizolaygazetesi.com\/index.php?rest_route=%2Fwp%2Fv2%2Fcomments&post=14215"}],"version-history":[{"count":1,"href":"https:\/\/akdenizolaygazetesi.com\/index.php?rest_route=\/wp\/v2\/posts\/14215\/revisions"}],"predecessor-version":[{"id":14217,"href":"https:\/\/akdenizolaygazetesi.com\/index.php?rest_route=\/wp\/v2\/posts\/14215\/revisions\/14217"}],"wp:featuredmedia":[{"embeddable":true,"href":"https:\/\/akdenizolaygazetesi.com\/index.php?rest_route=\/wp\/v2\/media\/14216"}],"wp:attachment":[{"href":"https:\/\/akdenizolaygazetesi.com\/index.php?rest_route=%2Fwp%2Fv2%2Fmedia&parent=14215"}],"wp:term":[{"taxonomy":"category","embeddable":true,"href":"https:\/\/akdenizolaygazetesi.com\/index.php?rest_route=%2Fwp%2Fv2%2Fcategories&post=14215"},{"taxonomy":"post_tag","embeddable":true,"href":"https:\/\/akdenizolaygazetesi.com\/index.php?rest_route=%2Fwp%2Fv2%2Ftags&post=14215"}],"curies":[{"name":"wp","href":"https:\/\/api.w.org\/{rel}","templated":true}]}}