{"id":14218,"date":"2021-09-18T18:12:05","date_gmt":"2021-09-18T15:12:05","guid":{"rendered":"http:\/\/akdenizolaygazetesi.com\/?p=14218"},"modified":"2021-09-18T18:12:05","modified_gmt":"2021-09-18T15:12:05","slug":"baskan-gultak-cocuklarimizin-emanetine-sahip-cikiyoruz","status":"publish","type":"post","link":"https:\/\/akdenizolaygazetesi.com\/?p=14218","title":{"rendered":"Ba\u015fkan G\u00fcltak; &#8220;\u00c7ocuklar\u0131m\u0131z\u0131n emanetine sahip \u00e7\u0131k\u0131yoruz&#8221;"},"content":{"rendered":"<p>Akdeniz Belediyesi, 18 Eyl\u00fcl D\u00fcnya Temizlik G\u00fcn\u00fc dolay\u0131s\u0131yla, \u015eevket S\u00fcmer Mahallesi&#8217;nde kapsaml\u0131 bir temizlik kampanyas\u0131 d\u00fczenledi.<\/p>\n<p>Estonya&#8217;da 2008 y\u0131l\u0131nda ba\u015flay\u0131p t\u00fcm d\u00fcnyaya yay\u0131lan ve \u00fclkemizde de ger\u00e7ekle\u015fen \u00e7\u00f6p toplama hareketine Akdeniz Belediyesi de kat\u0131ld\u0131. Akdeniz Belediyesi \u00c7evre Koruma ve Kontrol M\u00fcd\u00fcrl\u00fc\u011f\u00fc, sivil toplum \u00f6rg\u00fctleri ve g\u00f6n\u00fcll\u00fclerin de deste\u011fiyle, 18 Eyl\u00fcl D\u00fcnya Temizlik G\u00fcn\u00fc&#8217;nde, \u015eevket S\u00fcmer Mahalle&#8217;sinin sokaklar\u0131nda temizlik ve bu konuda fark\u0131ndal\u0131k \u00e7al\u0131\u015fmas\u0131 yap\u0131ld\u0131. <\/p>\n<p>Geni\u015f kat\u0131l\u0131ml\u0131 etkinli\u011fe Akdeniz Belediyesi Ba\u015fkan Yard\u0131mc\u0131s\u0131 Mustafa Arslan, T\u00fcrk K\u0131z\u0131lay\u0131 Mersin \u015eubesi Kad\u0131n Te\u015fkilat\u0131, Let&#8217;s Do It T\u00fcrkiye temsilcileri, Gen\u00e7lik ve Spor Bakanl\u0131\u011f\u0131 Gen\u00e7lik Merkezi ile Akdeniz \u00dc\u00e7\u00fcnc\u00fc G\u00f6z E\u011fitim ve Gen\u00e7lik Derne\u011fi kat\u0131ld\u0131. Farkl\u0131 kurumlar\u0131n da destek verdi\u011fi etkinli\u011fin yap\u0131ld\u0131\u011f\u0131 sokaklarda mahalleli \u00e7ocuklar da ya\u015fad\u0131klar\u0131 sokaklar ile \u00e7evrenin her t\u00fcrl\u00fc \u00e7\u00f6p ve at\u0131klardan ar\u0131nmas\u0131na destek verdi.<\/p>\n<p>Ba\u015fkan G\u00fcltak; &#8220;\u00c7ocuklar\u0131m\u0131z\u0131n emanetine sahip \u00e7\u0131k\u0131yoruz&#8221;<\/p>\n<p>Etkinli\u011fe ili\u015fkin bir a\u00e7\u0131klama yapan Akdeniz Belediye Ba\u015fkan\u0131 M. Mustafa G\u00fcltak, &#8220;Bug\u00fcn itibariyle d\u00fcnya \u00e7ap\u0131nda ger\u00e7ekle\u015fen bu etkinli\u011fe kat\u0131lmak b\u00fcy\u00fck \u00f6nem ta\u015f\u0131yor. \u00c7evremizi ve do\u011fam\u0131z\u0131 temiz tutmak, gelecek nesillere ya\u015fanabilecek bir d\u00fcnya b\u0131rakmak hepimizin g\u00f6rev ve sorumlulu\u011fudur. \u00c7\u00fcnk\u00fc bu d\u00fcnya bize miras de\u011fil, \u00e7ocuklar\u0131m\u0131z\u0131n emanetidir. Bizler de bu bilin\u00e7le hareket ediyor, temiz ve sa\u011fl\u0131kl\u0131 \u00e7evre ve kent konusunda \u00fczerimize d\u00fc\u015feni yapmaya \u00e7al\u0131\u015f\u0131yoruz. Pandemi nedeniyle i\u00e7inden ge\u00e7ti\u011fimiz s\u00fcreci dikkate ald\u0131\u011f\u0131m\u0131zda, temizli\u011fin ve hijyenin ne kadar \u00f6nemli oldu\u011fu bir kez daha idrak edilecektir. Bu y\u00f6n\u00fcyle de temiz bir \u00e7evre ve do\u011fa, sa\u011fl\u0131kl\u0131 bir kent ad\u0131na toplumumuzda fark\u0131ndal\u0131k yaratabilirsek amac\u0131m\u0131za da ula\u015fm\u0131\u015f olaca\u011f\u0131z. Tabi bu konuda vatanda\u015flar\u0131m\u0131z\u0131n da duyarl\u0131 davranmalar\u0131n\u0131 bekliyoruz. Etkinli\u011fe kat\u0131lan t\u00fcm \u00e7evre g\u00f6n\u00fcll\u00fclerine ve ekiplerimize te\u015fekk\u00fcr ediyorum&#8221; dedi.<\/p>\n","protected":false},"excerpt":{"rendered":"<p>Akdeniz Belediyesi, 18 Eyl\u00fcl D\u00fcnya Temizlik G\u00fcn\u00fc dolay\u0131s\u0131yla, \u015eevket S\u00fcmer Mahallesi&#8217;nde kapsaml\u0131 bir temizlik kampanyas\u0131 d\u00fczenledi. Estonya&#8217;da 2008 y\u0131l\u0131nda ba\u015flay\u0131p t\u00fcm d\u00fcnyaya yay\u0131lan ve \u00fclkemizde de ger\u00e7ekle\u015fen \u00e7\u00f6p toplama hareketine &hellip; <a href=\"https:\/\/akdenizolaygazetesi.com\/?p=14218\" class=\"more-link\">Devam\u0131n\u0131 Oku&#8230;<\/a><\/p>\n","protected":false},"author":2,"featured_media":14219,"comment_status":"open","ping_status":"open","sticky":false,"template":"","format":"standard","meta":[],"categories":[1,2,3,5],"tags":[],"_links":{"self":[{"href":"https:\/\/akdenizolaygazetesi.com\/index.php?rest_route=\/wp\/v2\/posts\/14218"}],"collection":[{"href":"https:\/\/akdenizolaygazetesi.com\/index.php?rest_route=\/wp\/v2\/posts"}],"about":[{"href":"https:\/\/akdenizolaygazetesi.com\/index.php?rest_route=\/wp\/v2\/types\/post"}],"author":[{"embeddable":true,"href":"https:\/\/akdenizolaygazetesi.com\/index.php?rest_route=\/wp\/v2\/users\/2"}],"replies":[{"embeddable":true,"href":"https:\/\/akdenizolaygazetesi.com\/index.php?rest_route=%2Fwp%2Fv2%2Fcomments&post=14218"}],"version-history":[{"count":1,"href":"https:\/\/akdenizolaygazetesi.com\/index.php?rest_route=\/wp\/v2\/posts\/14218\/revisions"}],"predecessor-version":[{"id":14220,"href":"https:\/\/akdenizolaygazetesi.com\/index.php?rest_route=\/wp\/v2\/posts\/14218\/revisions\/14220"}],"wp:featuredmedia":[{"embeddable":true,"href":"https:\/\/akdenizolaygazetesi.com\/index.php?rest_route=\/wp\/v2\/media\/14219"}],"wp:attachment":[{"href":"https:\/\/akdenizolaygazetesi.com\/index.php?rest_route=%2Fwp%2Fv2%2Fmedia&parent=14218"}],"wp:term":[{"taxonomy":"category","embeddable":true,"href":"https:\/\/akdenizolaygazetesi.com\/index.php?rest_route=%2Fwp%2Fv2%2Fcategories&post=14218"},{"taxonomy":"post_tag","embeddable":true,"href":"https:\/\/akdenizolaygazetesi.com\/index.php?rest_route=%2Fwp%2Fv2%2Ftags&post=14218"}],"curies":[{"name":"wp","href":"https:\/\/api.w.org\/{rel}","templated":true}]}}