{"id":1422,"date":"2020-11-04T18:21:58","date_gmt":"2020-11-04T15:21:58","guid":{"rendered":"http:\/\/mersinekonomipolitikagazetesi.com\/?p=1422"},"modified":"2020-11-04T18:21:58","modified_gmt":"2020-11-04T15:21:58","slug":"vatandaslar-arifeyi-bekliyor","status":"publish","type":"post","link":"https:\/\/akdenizolaygazetesi.com\/?p=1422","title":{"rendered":"Vatanda\u015flar arifeyi bekliyor"},"content":{"rendered":"<p>Mersin\u2019de besiciler, hayvan pazar\u0131n\u0131n durgun oldu\u011funu, vatanda\u015flar\u0131n ise fiyatlar\u0131n d\u00fc\u015fece\u011fi d\u00fc\u015f\u00fcncesiyle arife g\u00fcn\u00fcn\u00fc bekledi\u011fini s\u00f6yledi.<\/p>\n<p>\u00a0<\/p>\n<p>\u00a0<\/p>\n<p>MEHMET M\u0130RAS<\/p>\n<p>\u00a0<\/p>\n<p>Mersin&#8217;de Canl\u0131 Hayvan Pazar\u0131&#8217;nda kurban sat\u0131\u015f\u0131 yapan Mehmet \u00dcnal, \u015fu ana kadar kurban sat\u0131\u015flar\u0131n\u0131n beklentilerinin alt\u0131nda oldu\u011funu belirtti.<\/p>\n<p>\u00a0Pazara yakla\u015f\u0131k 60 b\u00fcy\u00fckba\u015f hayvan getirdi\u011fini, bunlar\u0131n 25&#8217;inin sat\u0131ld\u0131\u011f\u0131n\u0131 ifade eden \u00dcnal , pazara getirdi\u011fi 35 k\u00fc\u00e7\u00fckba\u015f hayvandan ise 20&#8217;sini satt\u0131\u011f\u0131n\u0131 dile getirdi.<\/p>\n<p>Ge\u00e7en hafta sonu dahil pazar\u0131n bekledikleri yo\u011funlu\u011fa ula\u015fmad\u0131\u011f\u0131n\u0131 anlatan \u00dcnal, &#8220;\u0130nsanlar ucuz kurban alay\u0131m&#8217; diye son g\u00fcn\u00fc yani arife g\u00fcn\u00fcn\u00fc bekliyor. Son g\u00fcn iyi olaca\u011f\u0131n\u0131 tahmin ediyoruz&#8221; diye konu\u015ftu.<\/p>\n<p>\u00a0<\/p>\n<p>Kurban Bayram\u0131 \u00f6ncesi baz\u0131 vatanda\u015flar\u0131n kurban almak i\u00e7in maa\u015flar\u0131n\u0131 bekledi\u011fini, bunun da pazar\u0131n hareketlili\u011fini olumsuz etkiledi\u011fini s\u00f6yleyen \u00c7etin, k\u00fc\u00e7\u00fckba\u015f kurbanl\u0131klar\u0131n fiyatlar\u0131n\u0131n 900 ile bin 200 lira aras\u0131nda, b\u00fcy\u00fckba\u015f kurbanl\u0131klar\u0131n ise 6 bin lira ile 15 bin lira aras\u0131nda de\u011fi\u015fti\u011fini kaydetti.<\/p>\n<p>Besici Ali Yana\u00e7,\u00a0 ise ge\u00e7en hafta sal\u0131 g\u00fcn\u00fcnden bu yana pazarda oldu\u011funu ve 3 b\u00fcy\u00fckba\u015f kurban satabildi\u011fini s\u00f6yledi.<\/p>\n","protected":false},"excerpt":{"rendered":"<p>Mersin\u2019de besiciler, hayvan pazar\u0131n\u0131n durgun oldu\u011funu, vatanda\u015flar\u0131n ise fiyatlar\u0131n d\u00fc\u015fece\u011fi d\u00fc\u015f\u00fcncesiyle arife g\u00fcn\u00fcn\u00fc bekledi\u011fini s\u00f6yledi. \u00a0 \u00a0 MEHMET M\u0130RAS \u00a0 Mersin&#8217;de Canl\u0131 Hayvan Pazar\u0131&#8217;nda kurban sat\u0131\u015f\u0131 yapan Mehmet \u00dcnal, \u015fu &hellip; <a href=\"https:\/\/akdenizolaygazetesi.com\/?p=1422\" class=\"more-link\">Devam\u0131n\u0131 Oku&#8230;<\/a><\/p>\n","protected":false},"author":1,"featured_media":0,"comment_status":"open","ping_status":"open","sticky":false,"template":"","format":"standard","meta":[],"categories":[],"tags":[],"_links":{"self":[{"href":"https:\/\/akdenizolaygazetesi.com\/index.php?rest_route=\/wp\/v2\/posts\/1422"}],"collection":[{"href":"https:\/\/akdenizolaygazetesi.com\/index.php?rest_route=\/wp\/v2\/posts"}],"about":[{"href":"https:\/\/akdenizolaygazetesi.com\/index.php?rest_route=\/wp\/v2\/types\/post"}],"author":[{"embeddable":true,"href":"https:\/\/akdenizolaygazetesi.com\/index.php?rest_route=\/wp\/v2\/users\/1"}],"replies":[{"embeddable":true,"href":"https:\/\/akdenizolaygazetesi.com\/index.php?rest_route=%2Fwp%2Fv2%2Fcomments&post=1422"}],"version-history":[{"count":0,"href":"https:\/\/akdenizolaygazetesi.com\/index.php?rest_route=\/wp\/v2\/posts\/1422\/revisions"}],"wp:attachment":[{"href":"https:\/\/akdenizolaygazetesi.com\/index.php?rest_route=%2Fwp%2Fv2%2Fmedia&parent=1422"}],"wp:term":[{"taxonomy":"category","embeddable":true,"href":"https:\/\/akdenizolaygazetesi.com\/index.php?rest_route=%2Fwp%2Fv2%2Fcategories&post=1422"},{"taxonomy":"post_tag","embeddable":true,"href":"https:\/\/akdenizolaygazetesi.com\/index.php?rest_route=%2Fwp%2Fv2%2Ftags&post=1422"}],"curies":[{"name":"wp","href":"https:\/\/api.w.org\/{rel}","templated":true}]}}