{"id":14221,"date":"2021-09-19T10:32:28","date_gmt":"2021-09-19T07:32:28","guid":{"rendered":"http:\/\/akdenizolaygazetesi.com\/?p=14221"},"modified":"2021-09-19T10:32:28","modified_gmt":"2021-09-19T07:32:28","slug":"gultak-onlara-layik-olmaya-calisiyoruz","status":"publish","type":"post","link":"https:\/\/akdenizolaygazetesi.com\/?p=14221","title":{"rendered":"G\u00fcltak: &#8220;Onlara lay\u0131k olmaya \u00e7al\u0131\u015f\u0131yoruz&#8221;"},"content":{"rendered":"<p>Akdeniz Kaymakam\u0131 Muhittin Pamuk ve Akdeniz Belediye Ba\u015fkan\u0131 Mustafa G\u00fcltak ile beraberindeki heyet, 19 Eyl\u00fcl Gaziler G\u00fcn\u00fc dolay\u0131s\u0131 ile kahraman gazileri yaln\u0131z b\u0131rakmayarak evlerinde ziyaret etti.<br \/>\nAkdeniz&#8217;de, 19 Eyl\u00fcl Gaziler G\u00fcn\u00fc vesilesi ile vatan i\u00e7in canlar\u0131 pahas\u0131na m\u00fccadele eden gaziler, Akdeniz Kaymakam\u0131 Muhuttin Pamuk, Akdeniz Belediye Ba\u015fkan\u0131 Mustafa G\u00fcltak, Akdeniz \u0130l\u00e7e Jandarma Komutan\u0131 Mehmet Mecit, Akdeniz \u0130l\u00e7e Emniyet M\u00fcd\u00fcr\u00fc Ebubekir Fil, Akdeniz Sosyal Yard\u0131mla\u015fma ve Dayan\u0131\u015fma Vakf\u0131 M\u00fcd\u00fcr\u00fc Selim Dayda\u015f ile Akdeniz \u0130l\u00e7e M\u00fcft\u00fcs\u00fc \u0130brahim Yavuz taraf\u0131ndan ziyaret edildi.<br \/>\nHeyet ilk olarak Mesudiye Mahallesi&#8217;nde ya\u015fayan K\u0131br\u0131s Gazisi Ahmet Uslu&#8217;yu ard\u0131ndan Nusratiye Mahallesi&#8217;ndeki evinde K\u0131br\u0131s Gazisi \u015eaban \u00c7etinkaya&#8217;ya ve son olarak da \u015eevket S\u00fcmer Mahallesi&#8217;nde ikamet eden ter\u00f6r Gazisi Servet Bengi&#8217;ye konuk oldu. Gaziler ve yak\u0131nlar\u0131 hat\u0131rlanm\u0131\u015f olmaktan dolay\u0131 memnuniyetlerini dile getirerek heyete te\u015fekk\u00fcrlerini iletti. Kaymakam Pamuk ve Ba\u015fkan G\u00fcltak gazilerin baz\u0131 taleplerini de dinleyerek yard\u0131mc\u0131 olacaklar\u0131 s\u00f6z\u00fcn\u00fc de verdiler.<br \/>\nG\u00fcltak: &#8220;Bu topraklar\u0131 vatan yapan gazilerimizi unutmad\u0131k&#8221;<br \/>\nG\u00fcn\u00fcn anlam\u0131na binaen a\u00e7\u0131klamalarda bulunan Ba\u015fkan Mustafa G\u00fcltak; &#8220;19 Eyl\u00fcl 1921 tarihi olduk\u00e7a \u00f6nemli bir tarihtir. T\u00fcrkiye B\u00fcy\u00fck Millet Meclisi taraf\u0131ndan Sakarya Meydan Muharebesi&#8217;nden zaferle ayr\u0131ld\u0131ktan sonra Ba\u015fkomutan Mustafa Kemal Atat\u00fcrk\u2019e Mare\u015fal r\u00fctbesi ve Gazi unvan\u0131 verilmi\u015ftir. Bu sebeple de 19 Eyl\u00fcl her y\u0131l Gaziler G\u00fcn\u00fc olarak kutlanmaktad\u0131r. Bizler de bu topraklar\u0131 canlar\u0131 kaybetme pahas\u0131na vatan yapan, her t\u00fcrl\u00fc zorlu\u011fa g\u00f6\u011f\u00fcs germi\u015f gazilerimizi yaln\u0131z b\u0131rakmayarak ziyarette bulunduk&#8221; dedi.<br \/>\nG\u00fcltak: &#8220;Onlara lay\u0131k olmaya \u00e7al\u0131\u015f\u0131yoruz&#8221;<br \/>\nBa\u015fkan G\u00fcltak; &#8220;Kahraman gazilerimize ve aziz \u015fehitlerimize lay\u0131k olmak, vatan\u0131m\u0131z\u0131 var g\u00fcc\u00fcm\u00fczle daha g\u00fc\u00e7l\u00fc bir gelece\u011fe ta\u015f\u0131mak ad\u0131na, devletimizin t\u00fcm birimleri ve milletimizin de destekleri ile \u00e7al\u0131\u015fmalar\u0131m\u0131z\u0131 s\u00fcrd\u00fcr\u00fcyor; her daim onlar\u0131n yan\u0131nda olaca\u011f\u0131m\u0131z\u0131n da bilinmesini istiyorum. Bu vesile ile ba\u015fta Gazi Mustafa Kemal Atat\u00fcrk ve silah arkada\u015flar\u0131 olmak \u00fczere, aram\u0131zdan ayr\u0131lan t\u00fcm gazilerimizi ve \u015fehitlerimizi de rahmet ve minnetle an\u0131yor; hayatta olan b\u00fct\u00fcn gazilerimize ise \u015f\u00fckranlar\u0131m\u0131 sunuyorum&#8221; diye konu\u015ftu.<br \/>\nPamuk: &#8220;Sizlere vefa borcumuz var&#8221;<br \/>\nAkdeniz Kaymakam\u0131 Muhittin Pamuk ise, &#8221; G\u00f6zlerinizi k\u0131rpmadan can\u0131n\u0131z pahas\u0131na aziz vatan\u0131m\u0131z\u0131n ba\u011f\u0131ms\u0131zl\u0131\u011f\u0131 ve b\u00f6l\u00fcnmez b\u00fct\u00fcnl\u00fc\u011f\u00fc i\u00e7in elinizden geleni yapt\u0131n\u0131z. Sizlere her \u015feyden \u00f6nce vefa borcumuz var. Tarih boyunca vatan i\u00e7in b\u00fcy\u00fck bir cesaret \u00f6rne\u011fi g\u00f6stererek bu \u015ferefli mertebeye eri\u015fen t\u00fcm gazilerimizin onur kayna\u011f\u0131m\u0131z oldu\u011funun alt\u0131n\u0131 \u00e7iziyorum. 19 Eyl\u00fcl Gaziler G\u00fcn\u00fc vesilesiyle ba\u015fta Gazi Mustafa Kemal Atat\u00fcrk ve silah arkada\u015flar\u0131n\u0131, aziz \u015fehitlerimizi ve ebediyete intikal eden gazilerimizi rahmet, minnet ve \u015f\u00fckranla an\u0131yorum. Hayatta olan b\u00fct\u00fcn gazilerimizin Gaziler G\u00fcn\u00fc\u2019n\u00fc tebrik ediyor; sa\u011fl\u0131k dolu mutlu bir \u00f6m\u00fcr diliyorum&#8221; dedi.<br \/>\nGazilere \u00e7i\u00e7ek ve hediye takdimlerinin ard\u0131ndan, ebediyete intikal eden gazi ve \u015fehitler i\u00e7in dua okundu; g\u00fcn\u00fcn an\u0131s\u0131na hat\u0131ra foto\u011fraf\u0131 \u00e7ekildi. <\/p>\n","protected":false},"excerpt":{"rendered":"<p>Akdeniz Kaymakam\u0131 Muhittin Pamuk ve Akdeniz Belediye Ba\u015fkan\u0131 Mustafa G\u00fcltak ile beraberindeki heyet, 19 Eyl\u00fcl Gaziler G\u00fcn\u00fc dolay\u0131s\u0131 ile kahraman gazileri yaln\u0131z b\u0131rakmayarak evlerinde ziyaret etti. Akdeniz&#8217;de, 19 Eyl\u00fcl Gaziler &hellip; <a href=\"https:\/\/akdenizolaygazetesi.com\/?p=14221\" class=\"more-link\">Devam\u0131n\u0131 Oku&#8230;<\/a><\/p>\n","protected":false},"author":2,"featured_media":14222,"comment_status":"open","ping_status":"open","sticky":false,"template":"","format":"standard","meta":[],"categories":[2,3,5],"tags":[],"_links":{"self":[{"href":"https:\/\/akdenizolaygazetesi.com\/index.php?rest_route=\/wp\/v2\/posts\/14221"}],"collection":[{"href":"https:\/\/akdenizolaygazetesi.com\/index.php?rest_route=\/wp\/v2\/posts"}],"about":[{"href":"https:\/\/akdenizolaygazetesi.com\/index.php?rest_route=\/wp\/v2\/types\/post"}],"author":[{"embeddable":true,"href":"https:\/\/akdenizolaygazetesi.com\/index.php?rest_route=\/wp\/v2\/users\/2"}],"replies":[{"embeddable":true,"href":"https:\/\/akdenizolaygazetesi.com\/index.php?rest_route=%2Fwp%2Fv2%2Fcomments&post=14221"}],"version-history":[{"count":1,"href":"https:\/\/akdenizolaygazetesi.com\/index.php?rest_route=\/wp\/v2\/posts\/14221\/revisions"}],"predecessor-version":[{"id":14223,"href":"https:\/\/akdenizolaygazetesi.com\/index.php?rest_route=\/wp\/v2\/posts\/14221\/revisions\/14223"}],"wp:featuredmedia":[{"embeddable":true,"href":"https:\/\/akdenizolaygazetesi.com\/index.php?rest_route=\/wp\/v2\/media\/14222"}],"wp:attachment":[{"href":"https:\/\/akdenizolaygazetesi.com\/index.php?rest_route=%2Fwp%2Fv2%2Fmedia&parent=14221"}],"wp:term":[{"taxonomy":"category","embeddable":true,"href":"https:\/\/akdenizolaygazetesi.com\/index.php?rest_route=%2Fwp%2Fv2%2Fcategories&post=14221"},{"taxonomy":"post_tag","embeddable":true,"href":"https:\/\/akdenizolaygazetesi.com\/index.php?rest_route=%2Fwp%2Fv2%2Ftags&post=14221"}],"curies":[{"name":"wp","href":"https:\/\/api.w.org\/{rel}","templated":true}]}}