{"id":14227,"date":"2021-09-19T10:36:13","date_gmt":"2021-09-19T07:36:13","guid":{"rendered":"http:\/\/akdenizolaygazetesi.com\/?p=14227"},"modified":"2021-09-19T10:36:13","modified_gmt":"2021-09-19T07:36:13","slug":"once-bisiklet-surme-egitimleri-sonra-sokak-etkinlikleri","status":"publish","type":"post","link":"https:\/\/akdenizolaygazetesi.com\/?p=14227","title":{"rendered":"\u00d6NCE B\u0130S\u0130KLET S\u00dcRME E\u011e\u0130T\u0130MLER\u0130, SONRA SOKAK ETK\u0130NL\u0130KLER\u0130"},"content":{"rendered":"<p>Mersin B\u00fcy\u00fck\u015fehir Belediyesi Gen\u00e7lik ve Spor Hizmetleri Dairesi koordinesinde y\u00fcr\u00fct\u00fclen 16-22 Eyl\u00fcl Avrupa Hareketlilik Haftas\u0131 program\u0131 bisiklet s\u00fcrme e\u011fitimleriyle ba\u015flad\u0131. B\u00fcy\u00fck\u015fehir Belediyesi, etkinlik program\u0131n\u0131 sosyal medya hesaplar\u0131ndan payla\u015ft\u0131. Hafta i\u00e7erisinde Kushimoto Soka\u011f\u0131\u2019nda ger\u00e7ekle\u015ftirilen Sokak etkinlikleri ile s\u00fcren program kapsam\u0131nda; 22 Eyl\u00fcl\u2019e kadar kentin farkl\u0131 bir\u00e7ok noktas\u0131nda sokak etkinlikleri, bisiklet e\u011fitimleri ve bisiklet turlar\u0131 yap\u0131lacak.<\/p>\n<p>Avrupa Hareketlilik Haftas\u0131 Mersin\u2019de bisiklet e\u011fitimleriyle ba\u015flad\u0131<\/p>\n<p>2021 y\u0131l\u0131nda \u2018S\u00fcrd\u00fcr\u00fclebilir Ula\u015f\u0131m: Sa\u011fl\u0131kl\u0131 ve G\u00fcvenli Hareketlilik\u2019 temas\u0131yla ba\u015flat\u0131lan Avrupa Hareketlilik Haftas\u0131\u2019na Mersin de dolu dolu etkinliklerle kat\u0131ld\u0131. Etkinliklerin ilk g\u00fcn\u00fcnde Cumhuriyet G\u00f6steri Merkezi\u2019nde, ikinci g\u00fcn\u00fcnde ise Fenerbah\u00e7e Meydan\u0131\u2019nda Mersinlilere bisiklet s\u00fcrme e\u011fitimleri verildi. Bisikletli Ula\u015f\u0131m Derne\u011fi, Mersin Bisiklet Derne\u011fi ve Mersin Bisikletli Gezginler Derne\u011fi taraf\u0131ndan verilen e\u011fitimler, 22 Eyl\u00fcl\u2019e kadar kentin farkl\u0131 bir\u00e7ok noktas\u0131nda devam edecek.<\/p>\n<p>Kushimoto Soka\u011f\u0131\u2019nda sokak etkinlikleri de yap\u0131ld\u0131<\/p>\n<p>Etkinliklerin \u00fc\u00e7\u00fcnc\u00fc g\u00fcn\u00fcnde ise Kushimoto Soka\u011f\u0131\u2019nda \u2018sokak etkinleri\u2019 d\u00fczenlendi. Trafi\u011fe kapat\u0131lan soka\u011f\u0131n bir ucundan di\u011fer ucuna kadar masa tenisi, badminton, basketbol ve futbol gibi farkl\u0131 spor bran\u015flar\u0131na ait alanlar kuruldu. Sokaktan ge\u00e7en her ya\u015ftan Mersinli bu aktivitelere kat\u0131larak hareket etmenin sa\u011flad\u0131\u011f\u0131 mutlulu\u011fu tatt\u0131. \u00d6te yandan soka\u011f\u0131n ba\u015f\u0131nda kurulan sahnede zumba etkinli\u011fi d\u00fczenlenirken, ilerleyen saatlerde ise B\u00fcy\u00fck\u015fehir Belediyesi\u2019nin Kent Orkestras\u0131 birbirinden keyifli \u015fark\u0131lar\u0131 etkinli\u011fe kat\u0131lanlar i\u00e7in seslendirdi.<\/p>\n<p>\u201cDolu dolu bir hafta ge\u00e7irece\u011fimizi \u00fcmit ediyorum\u201d<\/p>\n<p>Mersin B\u00fcy\u00fck\u015fehir Belediyesi Genel Sekreter Yard\u0131mc\u0131s\u0131 Hasan G\u00f6kbel, Kushimoto Soka\u011f\u0131\u2019ndaki etkinli\u011fe kat\u0131larak, \u201cAvrupa Hareketlilik Haftas\u0131, ula\u015f\u0131mda hareketlilik noktas\u0131nda tamamen insanlar\u0131 \u00f6n plana \u00e7\u0131karan bir hafta olarak alg\u0131lanmas\u0131n\u0131 ama\u00e7layan bir hafta. Biz de B\u00fcy\u00fck\u015fehir Belediyesi olarak bu etkinli\u011fe uygun b\u00fct\u00fcn enstr\u00fcmanlar\u0131m\u0131z\u0131 kulland\u0131k\u201d dedi.<\/p>\n<p>G\u00f6kbel, hafta boyu KentBis\u2019lerin de vatanda\u015flar taraf\u0131ndan \u00fccretsiz kullan\u0131labildi\u011fini hat\u0131rlatarak, \u201cAdnan Menderes Bulvar\u0131\u2019n\u0131 biraz gezince, orada da \u00e7ok ciddi bisiklet e\u011fitimleri oldu\u011funu g\u00f6rd\u00fcm. \u00d6zellikle bisiklet dernekleri KentBis ile \u00e7ocuklar\u0131m\u0131za bisiklet e\u011fitimi veriyorlar. Dolu dolu bir hafta ge\u00e7irece\u011fimizi \u00fcmit ediyorum\u201d diye konu\u015ftu.<\/p>\n<p>\u201c3 kilometreye kadar y\u00fcr\u00fcy\u00fcn, 7 kilometreye kadar bisiklete binin\u201d<\/p>\n<p>B\u00fcy\u00fck\u015fehir Belediyesi Gen\u00e7lik ve Spor Hizmetleri Dairesi Ba\u015fkan\u0131 Ahmet Tarak\u00e7\u0131 ise harekete te\u015fvik noktas\u0131nda insanlara bir \u00f6nerilerinin bulundu\u011funu vurgulayarak, \u201c3 kilometreye kadar hep y\u00fcr\u00fcy\u00fcn. 7 kilometreye kadar bisiklete binin. 7 kilometreden sonra da toplu ula\u015f\u0131m ara\u00e7lar\u0131n\u0131 kullan\u0131n. Bu hafta ne kadar insan\u0131 buna y\u00f6nlendirirsek daha fazla insan\u0131 hareket ettirmi\u015f oluruz\u201d ifadelerine yer verdi.<\/p>\n<p>\u201cGe\u00e7 kalm\u0131\u015f yeti\u015fkinlerimize de bisiklet e\u011fitimi verilecek\u201d<\/p>\n<p>Mersin Bisiklet Derne\u011fi Ba\u015fkan\u0131 S\u00fcleyman Uygun, her ya\u015ftan vatanda\u015fa bisiklet s\u00fcrme e\u011fitimi verdiklerini belirterek, \u201cBurada verilecek olan e\u011fitimde amac\u0131m\u0131z \u00e7ocuklara bisiklet s\u00fcrmeyi \u00f6\u011fretmek. Ge\u00e7 kalm\u0131\u015f yeti\u015fkinlerimize de bisiklet e\u011fitimi verilecek. Biz 2 saat boyunca bisiklet s\u00fcrmeyi \u00f6\u011fretebiliyoruz\u201d dedi.<\/p>\n<p>\u201cArabadan indikten sonra sa\u011fl\u0131\u011f\u0131ma kavu\u015ftum\u201d<\/p>\n<p>Bisiklet s\u00fcrmeye ba\u015flad\u0131ktan sonra hayat\u0131n\u0131n de\u011fi\u015fti\u011fini kaydeden Recep Y\u0131ld\u0131r\u0131m, \u201cBen daha \u00f6ncesinden araba s\u00fcr\u00fcyordum, arabadan indikten sonra sa\u011fl\u0131\u011f\u0131ma kavu\u015ftum. Bisiklet s\u00fcrd\u00fck\u00e7e kendimi daha din\u00e7 hissediyorum. Herkese bisiklet s\u00fcrmeyi tavsiye ediyorum. \u015eu anda bisiklet yollar\u0131 var, belediyenin sundu\u011fu imkanlar var\u201d diye konu\u015ftu.<\/p>\n<p>\u201cHer tarz spor var\u201d<\/p>\n<p>Kushimoto Soka\u011f\u0131\u2019ndaki etkinliklere kat\u0131lan 21 ya\u015f\u0131ndaki Nihat G\u00fcne\u015f, \u201cBug\u00fcn s\u00fcper bir \u015feyle kar\u015f\u0131la\u015ft\u0131k. Her tarz spor var. Ben zaten sporcuyum. O y\u00fczden benim i\u00e7in \u00e7ok iyi oldu. Vahap Se\u00e7er\u2019e buradan \u00e7ok te\u015fekk\u00fcrlerimi iletiyorum. M\u00fczisyenim. M\u00fczik anlam\u0131nda da baya\u011f\u0131 g\u00fczel \u015feyler yapt\u0131. Spor anlam\u0131nda da bu t\u00fcr \u015feylerin yap\u0131lmas\u0131 bizim i\u00e7in b\u00fcy\u00fck \u00f6nem arz ediyor. O y\u00f6nden \u00e7ok mutlu oldum. Korona d\u00f6neminde herkes evinde kald\u0131. Baya\u011f\u0131 kilo alanlar oldu. Umar\u0131m yap\u0131lan bu aktiviteler evde oturanlar\u0131n da spora e\u011filimini art\u0131r\u0131r\u201d dedi.<\/p>\n<p>\u201cHareket etmek g\u00fczel bir \u015fey\u201d<\/p>\n<p>Oya Halefba\u015f\u0131 da o\u011flu \u0130smail Akdemir ile birlikte Kushimoto Soka\u011f\u0131\u2019ndaki etkinliklerden duydu\u011fu memnuniyeti dile getirerek, \u201cHerkes bir\u00e7ok spor dal\u0131n\u0131 g\u00f6rebiliyor, tan\u0131yabiliyor. G\u00fczel bir etkinlik olmu\u015f, \u00e7ok memnun kald\u0131k. O\u011flum basketbola gidiyor. Covid\u2019ten dolay\u0131 \u00e7ok fazla hareketsiz kald\u0131k. \u015eu anda da o\u011fluma \u2018ba\u015fka sporlara da bakabilirsin\u2019 dedim\u201d diye konu\u015ftu.<\/p>\n<p>11 ya\u015f\u0131ndaki o\u011flu \u0130smail Akdemir ise etkinlikte masa tenisinden keyif ald\u0131\u011f\u0131n\u0131 belirterek, \u201cHareket etmek g\u00fczel bir \u015fey. Burada nas\u0131l raket tutmam, topu nas\u0131l atmam, hangi a\u00e7\u0131yla tutmam gerekti\u011fi konusunda yard\u0131mc\u0131 oluyorlar\u201d ifadelerine yer verdi.<\/p>\n","protected":false},"excerpt":{"rendered":"<p>Mersin B\u00fcy\u00fck\u015fehir Belediyesi Gen\u00e7lik ve Spor Hizmetleri Dairesi koordinesinde y\u00fcr\u00fct\u00fclen 16-22 Eyl\u00fcl Avrupa Hareketlilik Haftas\u0131 program\u0131 bisiklet s\u00fcrme e\u011fitimleriyle ba\u015flad\u0131. B\u00fcy\u00fck\u015fehir Belediyesi, etkinlik program\u0131n\u0131 sosyal medya hesaplar\u0131ndan payla\u015ft\u0131. Hafta i\u00e7erisinde &hellip; <a href=\"https:\/\/akdenizolaygazetesi.com\/?p=14227\" class=\"more-link\">Devam\u0131n\u0131 Oku&#8230;<\/a><\/p>\n","protected":false},"author":2,"featured_media":14228,"comment_status":"open","ping_status":"open","sticky":false,"template":"","format":"standard","meta":[],"categories":[3,10],"tags":[],"_links":{"self":[{"href":"https:\/\/akdenizolaygazetesi.com\/index.php?rest_route=\/wp\/v2\/posts\/14227"}],"collection":[{"href":"https:\/\/akdenizolaygazetesi.com\/index.php?rest_route=\/wp\/v2\/posts"}],"about":[{"href":"https:\/\/akdenizolaygazetesi.com\/index.php?rest_route=\/wp\/v2\/types\/post"}],"author":[{"embeddable":true,"href":"https:\/\/akdenizolaygazetesi.com\/index.php?rest_route=\/wp\/v2\/users\/2"}],"replies":[{"embeddable":true,"href":"https:\/\/akdenizolaygazetesi.com\/index.php?rest_route=%2Fwp%2Fv2%2Fcomments&post=14227"}],"version-history":[{"count":1,"href":"https:\/\/akdenizolaygazetesi.com\/index.php?rest_route=\/wp\/v2\/posts\/14227\/revisions"}],"predecessor-version":[{"id":14229,"href":"https:\/\/akdenizolaygazetesi.com\/index.php?rest_route=\/wp\/v2\/posts\/14227\/revisions\/14229"}],"wp:featuredmedia":[{"embeddable":true,"href":"https:\/\/akdenizolaygazetesi.com\/index.php?rest_route=\/wp\/v2\/media\/14228"}],"wp:attachment":[{"href":"https:\/\/akdenizolaygazetesi.com\/index.php?rest_route=%2Fwp%2Fv2%2Fmedia&parent=14227"}],"wp:term":[{"taxonomy":"category","embeddable":true,"href":"https:\/\/akdenizolaygazetesi.com\/index.php?rest_route=%2Fwp%2Fv2%2Fcategories&post=14227"},{"taxonomy":"post_tag","embeddable":true,"href":"https:\/\/akdenizolaygazetesi.com\/index.php?rest_route=%2Fwp%2Fv2%2Ftags&post=14227"}],"curies":[{"name":"wp","href":"https:\/\/api.w.org\/{rel}","templated":true}]}}