{"id":1423,"date":"2020-11-04T18:21:58","date_gmt":"2020-11-04T15:21:58","guid":{"rendered":"http:\/\/mersinekonomipolitikagazetesi.com\/?p=1423"},"modified":"2020-11-04T18:21:58","modified_gmt":"2020-11-04T15:21:58","slug":"arakanda-katliam-var-dunya-susuyor","status":"publish","type":"post","link":"https:\/\/akdenizolaygazetesi.com\/?p=1423","title":{"rendered":"&#8220;ARAKAN&#8217;DA KATL\u0130AM VAR, D\u00dcNYA SUSUYOR&#8221;"},"content":{"rendered":"<p>Mersin Barosu Ba\u015fkan\u0131 Ali Er, Arakan&#8217;da M\u00fcsl\u00fcmanlara y\u00f6nelik devam eden katliamlara tepki g\u00f6stererek, &#8220;Arakan&#8217;da katliam ve vah\u015fet var, d\u00fcnya susuyor&#8221; dedi.<\/p>\n<div id=\":ms\">\n<div id=\":mt\">\n<div dir=\"ltr\">\n<p>Ya\u015fanan katliama d\u00fcnyan\u0131n ve Birle\u015fmi\u015f Milletler&#8217;in sessiz kalmas\u0131na tepki g\u00f6steren Mersin Barosu Ba\u015fkan\u0131 Ali Er, &#8220;\u0130nsanl\u0131k i\u00e7in t\u00fcm d\u00fcnyay\u0131 g\u00f6reve davet ediyoruz&#8221; ifadelerini kulland\u0131.<\/p>\n<p>\u00a0<\/p>\n<p>&#8220;BM YOK H\u00dcKM\u00dcNDED\u0130R&#8221;<\/p>\n<p>&#8220;1945 y\u0131l\u0131nda kurulan Birle\u015fmi\u015f Milletler &#8216;in kurulu\u015f amac\u0131, d\u00fcnyada bar\u0131\u015f ve g\u00fcvenli\u011fi sa\u011flamakt\u0131r&#8221; diyen Er, &#8220;BM &#8216;nin g\u00fcn\u00fcm\u00fczde \u00fcye say\u0131s\u0131 192&#8217;ye ula\u015fm\u0131\u015f ve\u00a0 T\u00fcrkiye Birle\u015fmi\u015f Milletler&#8217;in kurucu \u00fcyeleri aras\u0131nda yer almaktad\u0131r. BM&#8217;e\u00a0 \u00fcye \u00fclkelerden\u00a0 ABD, \u00c7in, Rusya, Fransa ve \u0130ngiltere al\u0131nan kararlarda veto hakk\u0131na sahiptirler. Bu \u00fclkelerin onaylamad\u0131\u011f\u0131 kararlar y\u00fcr\u00fcrl\u00fc\u011fe girmez. Bu hali ile daha ba\u015f\u0131ndan adaletsiz ve antidemokratik\u00a0 bir yap\u0131ya sahip BM&#8217; den ne beklenebilir ki , vicdani ve insani bir yakla\u015f\u0131m beklenebilir mi?Birle\u015fmi\u015f Milletler&#8217;in\u00a0 Arakan&#8217;da ya\u015fanan insanl\u0131k d\u0131\u015f\u0131 vah\u015feti endi\u015fe duyarak, \u00fcz\u00fcnt\u00fclerini dile getirerek, k\u0131nayarak,uyararak ge\u00e7i\u015ftirmesi ve\u00a0 olaylara m\u00fcdahale etmemesi de \u00e7ifte standartt\u0131r.Birle\u015fmi\u015f Milletler zulme kar\u015f\u0131 sessiz kalmakla zalimlerin orta\u011f\u0131 olmu\u015ftur. \u0130nsanlar tek ba\u015f\u0131na \u00e7aresizlik duyarak\u00a0 k\u0131nayabilir,\u00fcz\u00fclebilir,endi\u015fe duyabilir ancak yapt\u0131r\u0131m g\u00fcc\u00fcne sahip ve \u00fclkeler \u00fcst\u00fc g\u00fcce sahip Birle\u015fmi\u015f Milletler asla&#8230; Birle\u015fmi\u015f Milletler , Arakanl\u0131 m\u00fcsl\u00fcmanlara yap\u0131lan katliam\u0131n ve zulm\u00fcn kar\u015f\u0131s\u0131nda izledi\u011fi tutumla uluslararas\u0131 camiada ve\u00a0 insanl\u0131k d\u00fcnyas\u0131nda\u00a0 g\u00fcvenini kaybetmi\u015ftir, yok h\u00fckm\u00fcndedir. M\u00fcsl\u00fcmanlar asla\u00a0 sahipsiz de\u011fildir&#8221; diye konu\u015ftu.<\/p>\n<p>\u00a0<\/p>\n<p>&#8220;NEFRETLE KINIYORUZ&#8221;<\/p>\n<p>Kurban bayram\u0131 \u00f6ncesinde ya\u015fanan bu katliama sessiz kal\u0131nmamas\u0131 \u00e7a\u011fr\u0131s\u0131 yapan Er \u015fu ifadeleri kulland\u0131: &#8220;\u0130sl\u00e2m camias\u0131n\u0131n kutsal zaman\u0131 Kurban Bayram\u0131 \u00f6ncesinde karde\u015flerimizin\u00a0 ya\u015fad\u0131\u011f\u0131 bu katliamdan b\u00fcy\u00fck \u00fcz\u00fcnt\u00fc ve ac\u0131 duyuyor, katliam\u0131 nefretle k\u0131n\u0131yoruz. M\u00fcsl\u00fcman karde\u015flerimize kar\u015f\u0131 ya\u015fanan katliam\u0131n durdurulmas\u0131 i\u00e7in insanl\u0131\u011f\u0131 ve uluslararas\u0131 camiay\u0131 g\u00f6reve \u00e7a\u011f\u0131r\u0131yoruz.&#8221;<\/p>\n<div>\u00a0<\/div>\n<\/div>\n<div>\u00a0<\/div>\n<\/div>\n<\/div>\n<div id=\":m1\" style=\"clear:both;\">\u00a0<\/div>\n","protected":false},"excerpt":{"rendered":"<p>Mersin Barosu Ba\u015fkan\u0131 Ali Er, Arakan&#8217;da M\u00fcsl\u00fcmanlara y\u00f6nelik devam eden katliamlara tepki g\u00f6stererek, &#8220;Arakan&#8217;da katliam ve vah\u015fet var, d\u00fcnya susuyor&#8221; dedi. Ya\u015fanan katliama d\u00fcnyan\u0131n ve Birle\u015fmi\u015f Milletler&#8217;in sessiz kalmas\u0131na tepki &hellip; <a href=\"https:\/\/akdenizolaygazetesi.com\/?p=1423\" class=\"more-link\">Devam\u0131n\u0131 Oku&#8230;<\/a><\/p>\n","protected":false},"author":1,"featured_media":0,"comment_status":"open","ping_status":"open","sticky":false,"template":"","format":"standard","meta":[],"categories":[],"tags":[],"_links":{"self":[{"href":"https:\/\/akdenizolaygazetesi.com\/index.php?rest_route=\/wp\/v2\/posts\/1423"}],"collection":[{"href":"https:\/\/akdenizolaygazetesi.com\/index.php?rest_route=\/wp\/v2\/posts"}],"about":[{"href":"https:\/\/akdenizolaygazetesi.com\/index.php?rest_route=\/wp\/v2\/types\/post"}],"author":[{"embeddable":true,"href":"https:\/\/akdenizolaygazetesi.com\/index.php?rest_route=\/wp\/v2\/users\/1"}],"replies":[{"embeddable":true,"href":"https:\/\/akdenizolaygazetesi.com\/index.php?rest_route=%2Fwp%2Fv2%2Fcomments&post=1423"}],"version-history":[{"count":0,"href":"https:\/\/akdenizolaygazetesi.com\/index.php?rest_route=\/wp\/v2\/posts\/1423\/revisions"}],"wp:attachment":[{"href":"https:\/\/akdenizolaygazetesi.com\/index.php?rest_route=%2Fwp%2Fv2%2Fmedia&parent=1423"}],"wp:term":[{"taxonomy":"category","embeddable":true,"href":"https:\/\/akdenizolaygazetesi.com\/index.php?rest_route=%2Fwp%2Fv2%2Fcategories&post=1423"},{"taxonomy":"post_tag","embeddable":true,"href":"https:\/\/akdenizolaygazetesi.com\/index.php?rest_route=%2Fwp%2Fv2%2Ftags&post=1423"}],"curies":[{"name":"wp","href":"https:\/\/api.w.org\/{rel}","templated":true}]}}