{"id":14233,"date":"2021-09-20T12:58:37","date_gmt":"2021-09-20T09:58:37","guid":{"rendered":"http:\/\/akdenizolaygazetesi.com\/?p=14233"},"modified":"2021-09-20T12:58:37","modified_gmt":"2021-09-20T09:58:37","slug":"bizi-sanat-kurtaracak-yarinlar-bugunlerden-cok-daha-guzel-olacak","status":"publish","type":"post","link":"https:\/\/akdenizolaygazetesi.com\/?p=14233","title":{"rendered":"\u201cB\u0130Z\u0130 SANAT KURTARACAK. YARINLAR BUG\u00dcNLERDEN \u00c7OK DAHA G\u00dcZEL OLACAK\u201d"},"content":{"rendered":"<p>Mersin B\u00fcy\u00fck\u015fehir Belediye Ba\u015fkan\u0131 Vahap Se\u00e7er, Serhan Asker\u2019in haz\u0131rlay\u0131p sundu\u011fu Halk TV\u2019de canl\u0131 olarak yay\u0131nlanan \u2018G\u00f6rkemli Hat\u0131ralar\u2019 program\u0131n\u0131n konu\u011fu oldu. Sanat\u00e7\u0131 Onur Ak\u0131n ve Mustafa \u00d6zarslan\u2019\u0131n unutulmaz eserleri seslendirdi\u011fi programda Ba\u015fkan Se\u00e7er, sanata ve sanat\u00e7\u0131ya verdi\u011fi de\u011feri ve \u00f6nemi anlatarak, \u201cHerkes Belediye Ba\u015fkan\u0131 olabilir ama herkes sanat\u00e7\u0131 olamaz\u201d dedi. Mersin\u2019i hem sanat\u0131n hem de sanat\u00e7\u0131n\u0131n kenti haline getirmek istediklerine de\u011finen Se\u00e7er, \u201cBizi sanat kurtaracak. Yar\u0131nlar bug\u00fcnlerden \u00e7ok daha g\u00fczel olacak\u201d diye konu\u015ftu.<\/p>\n<p>Programa, T\u00fcrkiye\u2019nin her yerinden mesaj ya\u011fd\u0131<\/p>\n<p>Ba\u015fkan Se\u00e7er, Mersin\u2019in tarihine, sanat\u0131na, k\u00fclt\u00fcrel birikimine ili\u015fkin a\u00e7\u0131klamalar yaparken, birbirinden de\u011ferli sanat\u00e7\u0131lardan, siyaset\u00e7ilerden programa mesajlar ya\u011fd\u0131. Sanat\u00e7\u0131 Sunay Ak\u0131n\u2019dan CHP Mersin Milletvekili ve Parti Meclisi \u00fcyesi Ali Mahir Ba\u015far\u0131r\u2019a, CHP Yerel Y\u00f6netimlerden Sorumlu Genel Ba\u015fkan Yard\u0131mc\u0131s\u0131 ve Ordu Milletvekili Seyit Torun\u2019a kadar bir\u00e7ok siyaset\u00e7iden ve T\u00fcrkiye\u2019nin \u00e7e\u015fitli illerinden pek \u00e7ok mesaj al\u0131nd\u0131. Mersin do\u011fumlu At\u0131f Y\u0131lmaz\u2019\u0131n konu\u015fuldu\u011fu dakikalarda, usta y\u00f6netmenin 2 filminde rol alan oyuncu Hale Soygazi de programa g\u00f6r\u00fcnt\u00fcl\u00fc g\u00f6r\u00fc\u015fme ile ba\u011flanarak, usta y\u00f6netmen At\u0131f Y\u0131lmaz\u2019\u0131 and\u0131.<\/p>\n<p>\u201cBen sabah kalk\u0131yorum Mersin\u2019le, ak\u015fam yat\u0131yorum Mersin\u2019le\u201d<\/p>\n<p>Serhan Asker\u2019in \u00f6vg\u00fc dolu s\u00f6zler ile bahsetti\u011fi K\u00fclt\u00fcr Park\u2019a ili\u015fkin olarak Ba\u015fkan Se\u00e7er, \u201cPark\u0131m\u0131z g\u00fczel. Ger\u00e7ekten belki de d\u00fcnyada e\u015fi, enderi yok. 7,5 kilometrelik bir g\u00fczergah\u201d dedi.  \u00c7evre temizli\u011fi konusunda konu\u015furken k\u00fcresel \u0131s\u0131nma ve iklim de\u011fi\u015fikli\u011fine de de\u011finen Ba\u015fkan Se\u00e7er, \u015funlar\u0131 s\u00f6yledi:<\/p>\n<p>\u201c\u00c7evre sorunlar\u0131, felaketleri. Sadece T\u00fcrkiye\u2019nin de\u011fil, d\u00fcnyan\u0131n birinci g\u00fcndem maddesinin bu olmas\u0131 gerekiyor. \u0130\u015fte ya\u015fanan afetler, yang\u0131nlar, seller, f\u0131rt\u0131nalar, boranlar. \u00c7evreyi hunharca kullan\u0131yoruz, horca kullan\u0131yoruz. Daha bilin\u00e7li bir toplum umut ediyorum ba\u015fta kendi b\u00f6lgemizde. Ben Mersin\u2019in Belediye Ba\u015fkan\u0131y\u0131m. \u00d6ncelikli olarak sorun alan\u0131 g\u00f6rd\u00fc\u011f\u00fcm konular\u0131n Mersin\u2019de daha iyi noktalara evrilmesinden sorumlu bir insan\u0131m. \u00d6rne\u011fin temizlikse benim kentim temiz olursa, Zeydan Ba\u015fkan\u0131m\u0131n kenti temiz olursa, L\u00fctf\u00fc Ba\u015fkan\u0131m\u0131n temiz olursa, Muhittin Ba\u015fkan\u0131m\u0131n temiz olursa, bu sahil \u015feridi tertemiz bir sahil \u015feridi olur, kentler olur. Muazzam memleketler haline geliriz. Biz \u015f\u00f6yle bir d\u00fc\u015f\u00fcnce i\u00e7erisindeyiz; bir kenti y\u00f6netirken, onlar\u0131n hizmetlerini yerine getirirken kente kendinizi ait hissetmelisiniz. Yani bu \u00e7al\u0131\u015fanlar i\u00e7in de b\u00f6yle. Sadece bir Belediye Ba\u015fkan\u0131 i\u00e7in de\u011fil. Ben sabah kalk\u0131yorum Mersin\u2019le, ak\u015fam yat\u0131yorum Mersin\u2019le. B\u00fct\u00fcn hayat\u0131m Mersin benim. Benim kafam\u0131n arkas\u0131nda hi\u00e7bir \u015fey de yok. Ne para, ne pul, ne \u015f\u00f6hret, ne makam. B\u00f6yle bir derdimiz yok. Biz ko\u015fullanm\u0131\u015f\u0131z, Mersin\u2019i bir noktadan teslim ald\u0131k, \u00e7ok daha iyi noktalara getirece\u011fiz. Mutluluk derecesi 10 \u00fczerinden 5\u2019se Mersin halk\u0131n\u0131n, 5 y\u0131l sonra 10 \u00fczerinden 10 olsun istiyoruz. Herkes mutlu olsun, herkes huzurlu olsun. Yani biz b\u00f6yle bir memleket hayaliyle hizmet yap\u0131yoruz. Onun i\u00e7in de moralimiz, enerjimiz yerinde.\u201d<\/p>\n<p>\u201cB\u00f6yle bir kadim kentin Belediye Ba\u015fkan\u0131 olmaktan gurur duyuyorum\u201d<\/p>\n<p>Ba\u015fkan Se\u00e7er, Mersin\u2019in tarihi ve do\u011fal g\u00fczellikleriyle kadim bir kent oldu\u011funu ifade ederek, St. Paul, Antik yol, Kleopatra kap\u0131s\u0131, Eshab-\u0131 Kehf, Anemurium, Ayatekla Kilisesi gibi tarihi bir\u00e7ok b\u00f6lgeyi anlatt\u0131. Se\u00e7er, \u201cBen elbette ki b\u00f6yle bir kadim kentin Belediye Ba\u015fkan\u0131 olmaktan gurur duyuyorum, onur duyuyorum ama bunun sorumluluklar\u0131n\u0131 da ta\u015f\u0131yorum\u201d dedi. Mersin\u2019in tarihsel zenginliklerinin pek bilinmedi\u011fini ve yeterince tan\u0131nmad\u0131\u011f\u0131n\u0131 ifade eden Se\u00e7er, \u201cBu da bizim i\u00e7in \u00e7ok derin bir yara. Bunu \u00e7\u00f6zmemiz gerekiyor. Belediye Ba\u015fkan\u0131 oldu\u011fumuz ilk g\u00fcnlerden bug\u00fcne bu ger\u00e7ekle y\u00fczle\u015ferek \u00e7al\u0131\u015fmalar yap\u0131yoruz. Bizim Mersin\u2019i tan\u0131tacak \u00e7al\u0131\u015fmalar yapmam\u0131z laz\u0131m, anlatmam\u0131z laz\u0131m. Bu konuda da belediye olarak \u00e7al\u0131\u015fmalar\u0131m\u0131z\u0131 ger\u00e7ekle\u015ftiriyoruz. Gerekli katk\u0131y\u0131 sunmaya \u00e7al\u0131\u015f\u0131yoruz\u201d diye konu\u015ftu.<\/p>\n<p>Birka\u00e7 g\u00fcn \u00f6nce eski Turizm Bakan\u0131 bir ahbab\u0131n\u0131n kendisini arad\u0131\u011f\u0131n\u0131, Mersin\u2019in tan\u0131t\u0131m\u0131nda kendi d\u00f6nemi de dahil bug\u00fcne kadar yeterli katk\u0131 sa\u011flanamad\u0131\u011f\u0131n\u0131 s\u00f6yledi\u011fini kaydeden Se\u00e7er, \u201cGer\u00e7ekten Mersin tarih kenti, Mersin k\u00fclt\u00fcr kenti, Mersin kadim kent ama yeterince tan\u0131tmam\u0131z gerekiyor. Sadece T\u00fcrkiye\u2019ye de\u011fil, d\u00fcnyaya tan\u0131tmam\u0131z gerekiyor. D\u00fcnyan\u0131n bir ucundan insanlar buraya gelir. Yani burada St. Paul\u2019un Kilisesi\u2019nin, St. Paul\u2019un kuyusunun oldu\u011fu bilinsin, d\u00fcnyan\u0131n her taraf\u0131ndan ki biliniyor. Bu kanallar\u0131 a\u00e7al\u0131m. Turizm yat\u0131r\u0131mlar\u0131 yapal\u0131m. \u0130\u015fte uluslararas\u0131 havaalan\u0131. \u00c7ukurova Havaalan\u0131. Uzun y\u0131llard\u0131r yap\u0131lam\u0131yor. 2013\u2019te temeli at\u0131ld\u0131, \u00fczerinden 8 y\u0131l ge\u00e7ti. Bu proje daha da \u00f6nceki tarihlere dayan\u0131yor. Oysaki turizm i\u00e7in \u00e7ok \u00f6nemli bir havaalan\u0131n\u0131n olmas\u0131, bunun uluslararas\u0131 havaalan\u0131 olmas\u0131, yeterli konaklayabilece\u011finiz tesislerinizin olmas\u0131 gerekiyor. Bizim Mersin\u2019e gelen turist say\u0131s\u0131 Antalya\u2019n\u0131n yan\u0131nda \u00e7ok komik. Antalya\u2019ya y\u0131lda 15-16 milyon turist gelir. Mersin\u2019in ziyaret\u00e7i say\u0131s\u0131 120 bin, 130 bin. Maksimim 150 bin gibi bir turist\u201d dedi.<\/p>\n<p>\u201c\u015eehrimizin dire\u011fi Mersin\u2019in kad\u0131nlar\u0131d\u0131r\u201d<\/p>\n<p>\u00d6zellikle k\u0131rsal kesimlerde ya\u015fayan spora yetenekli k\u0131z \u00e7ocuklar\u0131n\u0131n B\u00fcy\u00fck\u015fehir\u2019in b\u00fcnyesinde gelece\u011fin sporcular\u0131 olarak yeti\u015ftirildi\u011fi \u2018K\u0131r \u00c7i\u00e7ekleri\u2019 projesinden bahseden Se\u00e7er, y\u00f6netime geldikleri g\u00fcnden bu yana kad\u0131nlara y\u00f6nelik pozitif ayr\u0131mc\u0131l\u0131k uygulad\u0131klar\u0131n\u0131, T\u00fcrkiye\u2019de bir ilk olma \u00f6zelli\u011fi ta\u015f\u0131yan Kad\u0131n ve Aile Hizmetleri Dairesi\u2019ni kurduklar\u0131n\u0131 s\u00f6yledi. Se\u00e7er, \u201c\u015eehrimizin dire\u011fi Mersin\u2019in kad\u0131nlar\u0131d\u0131r. Kad\u0131nlar\u0131m\u0131z olmazsa o direk devrilir ve Mersin \u00e7\u00f6ker. Elbette \u00e7ok de\u011ferli, biz tabi burada cinsiyet ayr\u0131m\u0131ndan ziyade bir adaleti sa\u011flama pe\u015findeyiz. Yani pozitif ayr\u0131mc\u0131l\u0131\u011f\u0131n da anlam\u0131, manas\u0131 budur. \u00c7al\u0131\u015fma hayat\u0131nda, siyasal hayatta, sosyal hayatta kad\u0131nlar\u0131m\u0131z da erkekler kadar olma hakk\u0131na sahiptir. Bunu sa\u011flamaya \u00e7al\u0131\u015f\u0131yoruz. Bu kente hizmet etmek zorunday\u0131z. Onun i\u00e7in de kendini kente ait hisseden, ba\u015fta kad\u0131nlarla bu kenti ihya etmek istiyoruz\u201d dedi.<\/p>\n<p>\u201cRus K\u0131z\u0131l Ordu Korosu geliyor Haluk Levent\u2019le beraber\u201d<\/p>\n<p>Se\u00e7er, Mersin\u2019de devam eden M\u00fczik Festivali\u2019ne ili\u015fkin de\u011ferlendirmede bulunarak, \u201c\u00c7ok de\u011ferli sanat\u00e7\u0131lar var. Yine d\u00fcnyaca \u00fcnl\u00fc Goran Bregovi\u00e7 2 Ekim\u2019de sahne alacak Macit \u00d6zcan Spor Tesislerinde. Hemen ard\u0131ndan da Rus K\u0131z\u0131l Ordu Korosu geliyor Haluk Levent\u2019le beraber. O da Mersin B\u00fcy\u00fck\u015fehir Belediyesi\u2019nin bir organizasyonu. \u00d6zgecan Aslan Bar\u0131\u015f Meydan\u0131\u2019nda, K\u00fclt\u00fcr Park i\u00e7erisinde olacak. Buradan da t\u00fcm Mersinli hem\u015fehrilerime duyurmak istiyorum. 3 Ekim ak\u015fam\u0131 orada hep beraber olmak isteriz. \u00c7ok nefis bir konser olacak. K\u0131z\u0131l Ordu Korosu ve Haluk Levent\u201d ifadelerine yer verdi.<\/p>\n<p>\u201cMersin \u015fenlenecek. Mersin sanata doyacak\u201d<\/p>\n<p>Ba\u015fkan Se\u00e7er, sanat\u0131n her dal\u0131n\u0131 \u00f6nemsediklerini vurgulayarak, Mersin B\u00fcy\u00fck\u015fehir Belediyesi \u015eehir Tiyatrosu\u2019na s\u0131navla yeni sanat\u00e7\u0131lar kazand\u0131rd\u0131klar\u0131n\u0131 hat\u0131rlatt\u0131. Se\u00e7er, \u201cT\u00fcrk Sanat M\u00fczi\u011fi, T\u00fcrk Halk M\u00fczi\u011fi, folklor, Kent Orkestras\u0131\u2019nda hem m\u00fczisyen hem ses sanat\u00e7\u0131s\u0131 olmak \u00fczere 43 sanat\u00e7\u0131y\u0131 daha b\u00fcnyemize kazand\u0131raca\u011f\u0131z. Mersin \u015fenlenecek. Mersin sanata doyacak. Mersin etkinlikler kenti olacak\u201d dedi.<\/p>\n<p>\u201cBu y\u0131l sonuna kadar b\u00fct\u00fcn etkinliklerimiz \u00fccretsiz olacak\u201d<\/p>\n<p>Pandemide zor g\u00fcnler ya\u015fayan 2 bine yak\u0131n m\u00fczisyene imkan yaratt\u0131klar\u0131n\u0131 anlatan Ba\u015fkan Se\u00e7er, \u201cPandemiyle beraber biz burada yerel gruplar\u0131m\u0131za, yerel sanat\u00e7\u0131lar\u0131m\u0131za, hem m\u00fczik gruplar\u0131m\u0131za hem tiyatro topluluklar\u0131na imkan sa\u011flad\u0131k. Sadece f\u0131rsat verdik, yard\u0131m etmedik. Yard\u0131m etmek ba\u015fka bir \u015fey. Bak\u0131n sanat\u00e7\u0131ya yard\u0131m olmaz. Biz onlardan konser vermelerini istedik. Onlar da emeklerini ortaya koydu. Mersin B\u00fcy\u00fck\u015fehir Belediyesi olarak elbette ki onlar\u0131n maddi olarak kar\u015f\u0131l\u0131klar\u0131n\u0131 vermek zorundayd\u0131k. Ben bunu yard\u0131m olarak kabul etmiyorum. \u0130\u015f bulamad\u0131klar\u0131 d\u00f6nemde onlara i\u015f yaratt\u0131k. Hepsi bu. Buradan bir duyuru da yapmak istiyorum tiyatro konusunu kapatmadan. Bizim bu y\u0131l sonuna kadar b\u00fct\u00fcn etkinliklerimiz \u00fccretsiz olacak. Buradan t\u00fcm Mersinlilere duyurmak istiyorum\u201d diye konu\u015ftu.<\/p>\n<p>\u201cMersin hem sanat\u0131n hem de sanat\u00e7\u0131n\u0131n kenti olsun istiyoruz\u201d<\/p>\n<p>Se\u00e7er, sanat\u0131n insanlar\u0131 bir araya getirme mucizesi oldu\u011funu vurgulad\u0131. Sanat\u0131n her alan\u0131na de\u011fer verdiklerini dile getirerek, sanat\u0131n insanlar\u0131 bir araya getirme g\u00fcc\u00fcyle kentte huzur, mutluluk ve bar\u0131\u015f\u0131n tesis edilebilece\u011fini kaydeden Ba\u015fkan Se\u00e7er, \u201cSinema da Mersin\u2019de muazzam alanlar bulabilir. Bir film platosu olabilir Mersin. \u00c7\u00fcnk\u00fc 12 ay iklimsel olarak da buna m\u00fcsait. Do\u011fal g\u00fczellikleri olarak m\u00fcsait, kentin k\u00fclt\u00fcrel yap\u0131s\u0131 olarak m\u00fcsait. Neden \u00f6nemli filmler, \u00fcnl\u00fc filmler burada \u00e7ekilmesin, t\u00fcm d\u00fcnya bizi tan\u0131mas\u0131n? Biz bunun i\u00e7in her t\u00fcrl\u00fc alt yap\u0131y\u0131 yapmaya gayret ediyoruz belediye olarak. Ama \u015funu da ifade edeyim; sanat\u00e7\u0131 Mersin\u2019de hak etti\u011fi yeri bug\u00fcne kadar maalesef umulan seviyede bulamam\u0131\u015f. \u0130n\u015fallah bizim gayretlerimizle bundan sonra Mersin hem sanat\u0131n hem de sanat\u00e7\u0131n\u0131n kenti olsun istiyoruz. Bizi sanat kurtaracak \u00e7\u00fcnk\u00fc. \u0130nsanlar\u0131 o bir araya getiriyor\u201d dedi.<\/p>\n<p>Program\u0131n sonunda Ba\u015fkan Se\u00e7er, Onur Ak\u0131n ve Mustafa \u00d6zarslan\u2019\u0131n s\u00f6yledi\u011fi \u2018G\u00fczel G\u00fcnler G\u00f6rece\u011fiz\u2019 \u015fark\u0131s\u0131na e\u015flik etti. Se\u00e7er, program\u0131n sonunda izleyicilere \u201cYar\u0131nlar bug\u00fcnlerden \u00e7ok daha g\u00fczel olacak. Herkese mutluluklar diliyorum\u201d s\u00f6zleri ile seslendi.<\/p>\n","protected":false},"excerpt":{"rendered":"<p>Mersin B\u00fcy\u00fck\u015fehir Belediye Ba\u015fkan\u0131 Vahap Se\u00e7er, Serhan Asker\u2019in haz\u0131rlay\u0131p sundu\u011fu Halk TV\u2019de canl\u0131 olarak yay\u0131nlanan \u2018G\u00f6rkemli Hat\u0131ralar\u2019 program\u0131n\u0131n konu\u011fu oldu. Sanat\u00e7\u0131 Onur Ak\u0131n ve Mustafa \u00d6zarslan\u2019\u0131n unutulmaz eserleri seslendirdi\u011fi programda &hellip; <a href=\"https:\/\/akdenizolaygazetesi.com\/?p=14233\" class=\"more-link\">Devam\u0131n\u0131 Oku&#8230;<\/a><\/p>\n","protected":false},"author":2,"featured_media":14234,"comment_status":"open","ping_status":"open","sticky":false,"template":"","format":"standard","meta":[],"categories":[2,3,5],"tags":[],"_links":{"self":[{"href":"https:\/\/akdenizolaygazetesi.com\/index.php?rest_route=\/wp\/v2\/posts\/14233"}],"collection":[{"href":"https:\/\/akdenizolaygazetesi.com\/index.php?rest_route=\/wp\/v2\/posts"}],"about":[{"href":"https:\/\/akdenizolaygazetesi.com\/index.php?rest_route=\/wp\/v2\/types\/post"}],"author":[{"embeddable":true,"href":"https:\/\/akdenizolaygazetesi.com\/index.php?rest_route=\/wp\/v2\/users\/2"}],"replies":[{"embeddable":true,"href":"https:\/\/akdenizolaygazetesi.com\/index.php?rest_route=%2Fwp%2Fv2%2Fcomments&post=14233"}],"version-history":[{"count":1,"href":"https:\/\/akdenizolaygazetesi.com\/index.php?rest_route=\/wp\/v2\/posts\/14233\/revisions"}],"predecessor-version":[{"id":14235,"href":"https:\/\/akdenizolaygazetesi.com\/index.php?rest_route=\/wp\/v2\/posts\/14233\/revisions\/14235"}],"wp:featuredmedia":[{"embeddable":true,"href":"https:\/\/akdenizolaygazetesi.com\/index.php?rest_route=\/wp\/v2\/media\/14234"}],"wp:attachment":[{"href":"https:\/\/akdenizolaygazetesi.com\/index.php?rest_route=%2Fwp%2Fv2%2Fmedia&parent=14233"}],"wp:term":[{"taxonomy":"category","embeddable":true,"href":"https:\/\/akdenizolaygazetesi.com\/index.php?rest_route=%2Fwp%2Fv2%2Fcategories&post=14233"},{"taxonomy":"post_tag","embeddable":true,"href":"https:\/\/akdenizolaygazetesi.com\/index.php?rest_route=%2Fwp%2Fv2%2Ftags&post=14233"}],"curies":[{"name":"wp","href":"https:\/\/api.w.org\/{rel}","templated":true}]}}