{"id":14242,"date":"2021-09-21T11:12:45","date_gmt":"2021-09-21T08:12:45","guid":{"rendered":"http:\/\/akdenizolaygazetesi.com\/?p=14242"},"modified":"2021-09-21T11:12:45","modified_gmt":"2021-09-21T08:12:45","slug":"mersin-ve-guney-moravya-arasinda-karsilikli-iyi-niyet-ve-is-birligi-anlasmasi-yapilacak","status":"publish","type":"post","link":"https:\/\/akdenizolaygazetesi.com\/?p=14242","title":{"rendered":"MERS\u0130N VE G\u00dcNEY MORAVYA ARASINDA KAR\u015eILIKLI \u0130Y\u0130 N\u0130YET VE \u0130\u015e B\u0130RL\u0130\u011e\u0130 ANLA\u015eMASI YAPILACAK"},"content":{"rendered":"<p>\u00c7ek Cumhuriyeti Ankara B\u00fcy\u00fckel\u00e7isi Pavel Vacek, k\u0131sa s\u00fcre sonra G\u00fcney Moravya B\u00f6lgesi ile Mersin aras\u0131nda imzalanacak olan kar\u015f\u0131l\u0131kl\u0131 iyi niyet ve i\u015f birli\u011fi anla\u015fmas\u0131 \u00f6ncesinde Mersin B\u00fcy\u00fck\u015fehir Belediye Ba\u015fkan\u0131 Vahap Se\u00e7er\u2019i ziyaret etti. Ba\u015fkan Se\u00e7er, \u201c\u00dclkeler aras\u0131nda ya da \u015fehirler aras\u0131nda, sadece ekonomik de\u011fil sosyal ve k\u00fclt\u00fcrel a\u00e7\u0131dan da i\u015f birli\u011finin olmas\u0131n\u0131 \u00f6nemsiyoruz\u201d dedi. <\/p>\n<p>Se\u00e7er: \u201c\u0130li\u015fkilerin geli\u015ftirilmesi a\u00e7\u0131s\u0131ndan \u00f6nemli bir ziyaret\u201d<\/p>\n<p>Ziyarette; Mersin \u00c7ek Cumhuriyeti Fahri Konsolosu Ufuk Bozkaya, \u00c7ek Cumhuriyeti B\u00fcy\u00fckel\u00e7ili\u011fi Ekonomi ve Ticaret B\u00f6l\u00fcm\u00fc Ba\u015fkan\u0131 Pavel Danek, Mersin B\u00fcy\u00fck\u015fehir Belediyesi Ba\u015fkan Dan\u0131\u015fman\u0131 \u0130brahim Evrim de yer ald\u0131. Ba\u015fkan Se\u00e7er, ziyaretin \u00f6nemine dikkat \u00e7ekerek, B\u00fcy\u00fckel\u00e7i\u2019ye yeni g\u00f6revinde ba\u015far\u0131lar diledi. \u0130ki \u015fehir aras\u0131nda iyi niyet ve i\u015f birli\u011fi anla\u015fmas\u0131 imzalanaca\u011f\u0131n\u0131 belirten Ba\u015fkan Se\u00e7er, \u201cBu ili\u015fkilerin geli\u015ftirilmesi a\u00e7\u0131s\u0131ndan \u00f6nemli bir ziyaret oldu. Sizin ziyaretinizden hemen \u00f6nce de G\u00fcney Moravya Valisi\u2019nden bizim karde\u015f \u015fehir olma kar\u015f\u0131l\u0131kl\u0131 iste\u011fimiz, talebimiz onlar taraf\u0131ndan da yan\u0131tland\u0131. Kas\u0131m ay\u0131n\u0131n ba\u015f\u0131nda da Mersin\u2019e bir ziyaret olacak. Biz davet ettik onlar\u0131. \u00dclkeler aras\u0131nda ya da \u015fehirler aras\u0131nda, sadece ekonomik de\u011fil,  sosyal ve k\u00fclt\u00fcrel a\u00e7\u0131dan da i\u015f birli\u011finin olmas\u0131n\u0131 \u00f6nemsiyoruz\u201d dedi.<\/p>\n<p>\u0130ki \u00fclke aras\u0131ndaki ili\u015fkilerin geli\u015ftirilmesi \u00f6nemli<\/p>\n<p>Ba\u015fkan Se\u00e7er, T\u00fcrkiye ve \u00c7ek Cumhuriyeti aras\u0131nda \u00f6nemli bir ticaret hacmi oldu\u011funu ifade ederek, iki \u00fclke aras\u0131ndaki 4 milyar dolarl\u0131k d\u0131\u015f ticaret hacminin 2.75 milyarl\u0131k k\u0131sm\u0131n\u0131 T\u00fcrkiye\u2019nin \u00c7ekya\u2019dan yapt\u0131\u011f\u0131 ithalat\u0131n olu\u015fturdu\u011fu s\u00f6yledi. \u0130ki \u00fclke aras\u0131ndaki ticaretin art\u0131r\u0131lmas\u0131n\u0131n \u00f6nemine de\u011finen Se\u00e7er, Mersin ile G\u00fcney Moravya aras\u0131ndaki ili\u015fkilerin geli\u015ftirilmesi gerekti\u011fini de vurgulad\u0131. Mersin\u2019in en \u00f6nemli potansiyellerinden olan liman ve tar\u0131m\u0131n ili\u015fkilerin geli\u015ftirilmesi konusunda \u00f6nem ta\u015f\u0131d\u0131\u011f\u0131n\u0131 ifade eden Ba\u015fkan Se\u00e7er, \u201cMersin, Do\u011fu Akdeniz \u00e7ana\u011f\u0131n\u0131n \u00f6nemli bir liman kenti. Buray\u0131 de\u011ferli k\u0131lan en \u00f6nemli ekonomik \u00f6zellik, bir\u00e7ok sekt\u00f6r\u00fcn burada varl\u0131\u011f\u0131n\u0131 s\u00fcrd\u00fcrmesi. Tar\u0131m sekt\u00f6r\u00fc son derece etkin ve yayg\u0131n. Burada d\u00fcnya ticareti h\u00fck\u00fcm s\u00fcr\u00fcyor. \u00c7\u00fcnk\u00fc bir liman\u0131n\u0131z var. Liman\u0131n\u0131z\u0131n olmas\u0131 Orta Do\u011fu\u2019ya, Kafkaslar\u2019a muazzam bir karayolu koridoru \u00fczerinde lojistik imk\u00e2n\u0131 sunuyor. Her ne kadar bu potansiyeli tam a\u00e7\u0131\u011fa \u00e7\u0131kar\u0131lmam\u0131\u015fsa da muazzam bir turizm kenti. Akdeniz&#8217;e 320 kilometre k\u0131y\u0131s\u0131 olan bir \u015fehir\u201d diye konu\u015ftu.<\/p>\n<p>\u201cG\u00fcney Moravya ile karde\u015f \u015fehir protokol\u00fcn\u00fc imzalayaca\u011f\u0131z ve ili\u015fkileri ba\u015flataca\u011f\u0131z\u201d<\/p>\n<p>Ba\u015fkan Se\u00e7er, Mersin\u2019in; eski medeniyetlerin, imparatorluklar\u0131n ve semavi dinlerin izleri olan k\u00f6kl\u00fc bir ge\u00e7mi\u015fe sahip bir \u015fehir olarak \u00f6nemli yerlere gelebilece\u011finin alt\u0131n\u0131 \u00e7izdi. Se\u00e7er, \u015funlar\u0131 s\u00f6yledi:<\/p>\n<p>\u201cBu \u00f6zellikler asl\u0131nda Mersin\u2019i d\u00fcnyaya a\u00e7acak \u00f6zellikler ama biz maalesef bu imk\u00e2n\u0131 \u015fu ana kadar yakalayamam\u0131\u015f\u0131z. Ancak bundan sonra hem h\u00fck\u00fcmetin yat\u0131r\u0131mlar\u0131 hem de yerel belediyenin, yani taraf\u0131m\u0131z\u0131n ortaya koydu\u011fu vizyon Mersin\u2019in \u00e7ok k\u0131sa bir s\u00fcre sonra hem sosyal olarak hem ekonomik olarak bulundu\u011fu yerin \u00e7ok \u00fczerinde \u00f6nemli d\u00fczeylere gelece\u011fini g\u00f6steriyor. Bu bilgiler \u0131\u015f\u0131\u011f\u0131nda \u00f6nemli, de\u011ferli \u00e7al\u0131\u015fmalar yapabiliriz. Ben umut ediyorum G\u00fcney Moravya ile k\u0131sa bir s\u00fcre sonra karde\u015f \u015fehir protokol\u00fcn\u00fc imzalayaca\u011f\u0131z ve ili\u015fkileri ba\u015flataca\u011f\u0131z.\u201d<\/p>\n<p>B\u00fcy\u00fckel\u00e7i Vacek: \u201cGayretimi Mersin ve G\u00fcney Moravya B\u00f6lgesi aras\u0131ndaki i\u015f birli\u011fini desteklemeye veriyorum\u201d<\/p>\n<p>\u00c7ek Cumhuriyeti Ankara B\u00fcy\u00fckel\u00e7isi Pavel Vacek de konu\u015fmas\u0131nda i\u015f birli\u011finin \u00f6nemine dikkat \u00e7ekerken, \u201cSadece T\u00fcrkiye i\u00e7in de\u011fil, \u00c7ek Cumhuriyeti i\u00e7in de \u00f6nemli bir \u015fehir Mersin. Vali ile iyi bir sohbetim oldu. Belediye Ba\u015fkan\u0131 olarak sizinle de konu\u015fmam\u0131z \u00f6nemli. B\u00fcy\u00fckel\u00e7ilik olarak bu yararl\u0131 ili\u015fkileri biz de destekliyoruz. B\u00f6lgeler ve belediyeler aras\u0131ndaki i\u015f birli\u011fi i\u00e7in hala ortaya \u00e7\u0131kar\u0131lmam\u0131\u015f \u00e7ok potansiyelli olas\u0131l\u0131klar mevcut. Ekonomi a\u00e7\u0131s\u0131ndan bakacak olursak da bu i\u015f b\u00f6yle. Ben de Mersin\u2019de B\u00fcy\u00fckel\u00e7i olarak yerel h\u00fck\u00fcmetler ve b\u00f6lgeler aras\u0131ndaki i\u015f birli\u011fini desteklemek i\u00e7in bulunuyorum. \u015eu anda ben gayretimi Mersin ve G\u00fcney Moravya B\u00f6lgesi aras\u0131ndaki i\u015f birli\u011fini desteklemeye veriyorum\u201d dedi.<\/p>\n<p>Ziyaretin ard\u0131ndan Ba\u015fkan Se\u00e7er, heyete g\u00fcn\u00fcn an\u0131s\u0131na, mitolojide ge\u00e7en ve Tarsus\u2019un ismini almas\u0131nda \u00f6nem ta\u015f\u0131yan Pegasus (kanatl\u0131 u\u00e7an at) fig\u00fcrl\u00fc tablo hediye etti.<\/p>\n","protected":false},"excerpt":{"rendered":"<p>\u00c7ek Cumhuriyeti Ankara B\u00fcy\u00fckel\u00e7isi Pavel Vacek, k\u0131sa s\u00fcre sonra G\u00fcney Moravya B\u00f6lgesi ile Mersin aras\u0131nda imzalanacak olan kar\u015f\u0131l\u0131kl\u0131 iyi niyet ve i\u015f birli\u011fi anla\u015fmas\u0131 \u00f6ncesinde Mersin B\u00fcy\u00fck\u015fehir Belediye Ba\u015fkan\u0131 Vahap &hellip; <a href=\"https:\/\/akdenizolaygazetesi.com\/?p=14242\" class=\"more-link\">Devam\u0131n\u0131 Oku&#8230;<\/a><\/p>\n","protected":false},"author":2,"featured_media":14243,"comment_status":"open","ping_status":"open","sticky":false,"template":"","format":"standard","meta":[],"categories":[2,3,5,6],"tags":[],"_links":{"self":[{"href":"https:\/\/akdenizolaygazetesi.com\/index.php?rest_route=\/wp\/v2\/posts\/14242"}],"collection":[{"href":"https:\/\/akdenizolaygazetesi.com\/index.php?rest_route=\/wp\/v2\/posts"}],"about":[{"href":"https:\/\/akdenizolaygazetesi.com\/index.php?rest_route=\/wp\/v2\/types\/post"}],"author":[{"embeddable":true,"href":"https:\/\/akdenizolaygazetesi.com\/index.php?rest_route=\/wp\/v2\/users\/2"}],"replies":[{"embeddable":true,"href":"https:\/\/akdenizolaygazetesi.com\/index.php?rest_route=%2Fwp%2Fv2%2Fcomments&post=14242"}],"version-history":[{"count":1,"href":"https:\/\/akdenizolaygazetesi.com\/index.php?rest_route=\/wp\/v2\/posts\/14242\/revisions"}],"predecessor-version":[{"id":14244,"href":"https:\/\/akdenizolaygazetesi.com\/index.php?rest_route=\/wp\/v2\/posts\/14242\/revisions\/14244"}],"wp:featuredmedia":[{"embeddable":true,"href":"https:\/\/akdenizolaygazetesi.com\/index.php?rest_route=\/wp\/v2\/media\/14243"}],"wp:attachment":[{"href":"https:\/\/akdenizolaygazetesi.com\/index.php?rest_route=%2Fwp%2Fv2%2Fmedia&parent=14242"}],"wp:term":[{"taxonomy":"category","embeddable":true,"href":"https:\/\/akdenizolaygazetesi.com\/index.php?rest_route=%2Fwp%2Fv2%2Fcategories&post=14242"},{"taxonomy":"post_tag","embeddable":true,"href":"https:\/\/akdenizolaygazetesi.com\/index.php?rest_route=%2Fwp%2Fv2%2Ftags&post=14242"}],"curies":[{"name":"wp","href":"https:\/\/api.w.org\/{rel}","templated":true}]}}