{"id":14248,"date":"2021-09-21T11:16:17","date_gmt":"2021-09-21T08:16:17","guid":{"rendered":"http:\/\/akdenizolaygazetesi.com\/?p=14248"},"modified":"2021-09-21T11:16:17","modified_gmt":"2021-09-21T08:16:17","slug":"yogun-talep-var","status":"publish","type":"post","link":"https:\/\/akdenizolaygazetesi.com\/?p=14248","title":{"rendered":"\u2018YO\u011eUN TALEP VAR\u2019"},"content":{"rendered":"<p>Mersin Tarsus Organize Sanayi B\u00f6lgesi Ba\u015fkan\u0131 Sabri Tekli, Sanayi ve Teknoloji Bakan\u0131 Mustafa Varank\u2019\u0131 makam\u0131nda ziyaret ederek yapt\u0131klar\u0131 \u00e7al\u0131\u015fmalar hakk\u0131nda bilgi aktard\u0131.<\/p>\n<p>MTOSB Ba\u015fkan\u0131 Sabri Tekli, MTOSB B\u00f6lge M\u00fcd\u00fcr\u00fc Halil Y\u0131lmaz ile birlikte, Sanayi ve Teknoloji Bakan\u0131 Mustafa Varank\u2019\u0131 ziyaret ederek yapt\u0131klar\u0131 \u00e7al\u0131\u015fmalar hakk\u0131nda bilgi verdi.<\/p>\n<p>Ziyaret ile ilgili a\u00e7\u0131klamalarda bulunan Ba\u015fkan Tekli, \u2018\u00d6nce \u00fclkemiz, daha sonra da kentimiz Mersin\u2019e yeni sanayi alanlar\u0131 kazand\u0131rabilmek, istihdam, ihracat ve \u00fcretim rakamlar\u0131na katk\u0131da bulunabilmek ad\u0131na y\u00f6netim kurulumuz ile birlikte y\u00fcr\u00fctt\u00fc\u011f\u00fcm\u00fcz \u00e7al\u0131\u015fmalar\u0131m\u0131z hakk\u0131nda Sanayi ve Teknoloji Bakan\u0131m\u0131z Sn. Mustafa Varank\u2019a bilgi verdik. Halen faal durumda olan 1., 2. ve 3. Organize Sanayi B\u00f6lgelerimizin ard\u0131ndan 4., 5. ve 6. Organize Sanayi B\u00f6lgelerimizin yap\u0131m\u0131 ile ilgili fikir al\u0131\u015fveri\u015finde bulunduk. Say\u0131n bakan\u0131m\u0131z ve ekibine g\u00f6sterdikleri yak\u0131n ilgi ve alakadan dolay\u0131 te\u015fekk\u00fcr eder, Mersin sanayisinin geli\u015fimine verdikleri sonsuz destekten dolay\u0131 \u015fahs\u0131m, y\u00f6netim kurulum ve t\u00fcm sanayicilerimiz ad\u0131na \u015f\u00fckranlar\u0131m\u0131 sunar\u0131m\u2019 dedi.<\/p>\n<p>\u2018YO\u011eUN TALEP VAR\u2019<\/p>\n<p>MTOSB 4. B\u00f6lge\u2019nin 2022 y\u0131l\u0131 i\u00e7erisinde tahsisinin yap\u0131laca\u011f\u0131n\u0131n alt\u0131n\u0131 \u00e7izen Ba\u015fkan Tekli, \u20182022 Y\u0131l\u0131 i\u00e7erisinde 4. B\u00f6lgemizin tahsisini tamamlayarak 5. B\u00f6lgemizin \u00e7al\u0131\u015fmalar\u0131na h\u0131z kazand\u0131rmak istiyoruz. MTOSB\u2019ye sanayicilerimizin yo\u011fun bir talebi s\u00f6z konusu. Biz de bu talebe cevap verebilmek ad\u0131na s\u0131k\u0131 bir \u00e7al\u0131\u015fman\u0131n i\u00e7erisindeyiz. \u015eu an yakla\u015f\u0131k 200 ba\u015fvuru s\u00f6z konusu. Yat\u0131r\u0131mc\u0131 talebine metrekare oran\u0131nda bak\u0131ld\u0131\u011f\u0131 zaman 4., 5. ve 6. Organize Sanayi B\u00f6lgeleri\u2019nin yap\u0131m\u0131n\u0131n ve faaliyete ge\u00e7mesinin \u00e7ok k\u0131sa bir zaman alaca\u011f\u0131 g\u00f6zlemleniyor\u2019 dedi.  <\/p>\n","protected":false},"excerpt":{"rendered":"<p>Mersin Tarsus Organize Sanayi B\u00f6lgesi Ba\u015fkan\u0131 Sabri Tekli, Sanayi ve Teknoloji Bakan\u0131 Mustafa Varank\u2019\u0131 makam\u0131nda ziyaret ederek yapt\u0131klar\u0131 \u00e7al\u0131\u015fmalar hakk\u0131nda bilgi aktard\u0131. MTOSB Ba\u015fkan\u0131 Sabri Tekli, MTOSB B\u00f6lge M\u00fcd\u00fcr\u00fc Halil &hellip; <a href=\"https:\/\/akdenizolaygazetesi.com\/?p=14248\" class=\"more-link\">Devam\u0131n\u0131 Oku&#8230;<\/a><\/p>\n","protected":false},"author":2,"featured_media":14249,"comment_status":"open","ping_status":"open","sticky":false,"template":"","format":"standard","meta":[],"categories":[2,3,5],"tags":[],"_links":{"self":[{"href":"https:\/\/akdenizolaygazetesi.com\/index.php?rest_route=\/wp\/v2\/posts\/14248"}],"collection":[{"href":"https:\/\/akdenizolaygazetesi.com\/index.php?rest_route=\/wp\/v2\/posts"}],"about":[{"href":"https:\/\/akdenizolaygazetesi.com\/index.php?rest_route=\/wp\/v2\/types\/post"}],"author":[{"embeddable":true,"href":"https:\/\/akdenizolaygazetesi.com\/index.php?rest_route=\/wp\/v2\/users\/2"}],"replies":[{"embeddable":true,"href":"https:\/\/akdenizolaygazetesi.com\/index.php?rest_route=%2Fwp%2Fv2%2Fcomments&post=14248"}],"version-history":[{"count":1,"href":"https:\/\/akdenizolaygazetesi.com\/index.php?rest_route=\/wp\/v2\/posts\/14248\/revisions"}],"predecessor-version":[{"id":14250,"href":"https:\/\/akdenizolaygazetesi.com\/index.php?rest_route=\/wp\/v2\/posts\/14248\/revisions\/14250"}],"wp:featuredmedia":[{"embeddable":true,"href":"https:\/\/akdenizolaygazetesi.com\/index.php?rest_route=\/wp\/v2\/media\/14249"}],"wp:attachment":[{"href":"https:\/\/akdenizolaygazetesi.com\/index.php?rest_route=%2Fwp%2Fv2%2Fmedia&parent=14248"}],"wp:term":[{"taxonomy":"category","embeddable":true,"href":"https:\/\/akdenizolaygazetesi.com\/index.php?rest_route=%2Fwp%2Fv2%2Fcategories&post=14248"},{"taxonomy":"post_tag","embeddable":true,"href":"https:\/\/akdenizolaygazetesi.com\/index.php?rest_route=%2Fwp%2Fv2%2Ftags&post=14248"}],"curies":[{"name":"wp","href":"https:\/\/api.w.org\/{rel}","templated":true}]}}