{"id":14254,"date":"2021-09-21T12:58:36","date_gmt":"2021-09-21T09:58:36","guid":{"rendered":"http:\/\/akdenizolaygazetesi.com\/?p=14254"},"modified":"2021-09-21T12:58:36","modified_gmt":"2021-09-21T09:58:36","slug":"toroslar-belediyesi-avrupa-hareketlilik-haftasini-dolu-dolu-etkinliklerle-kutluyor","status":"publish","type":"post","link":"https:\/\/akdenizolaygazetesi.com\/?p=14254","title":{"rendered":"&#8220;Toroslar Belediyesi Avrupa Hareketlilik Haftas\u0131&#8217;n\u0131 Dolu Dolu Etkinliklerle Kutluyor&#8221;"},"content":{"rendered":"<p>&#8220;S\u00fcrd\u00fcr\u00fclebilir Ula\u015f\u0131m; Sa\u011fl\u0131kl\u0131 ve G\u00fcvenli Hareketlilik&#8221; temas\u0131yla d\u00fczenlenen hafta kapsam\u0131nda etkinlikler, belediye personeli aras\u0131nda d\u00fczenlenen &#8220;Masa Tenisi ve Dart Turnuvas\u0131&#8221; ile ba\u015flad\u0131.<\/p>\n<p>Yar\u0131\u015fman\u0131n birincisi Gen\u00e7lik ve Spor Hizmetleri M\u00fcd\u00fcrl\u00fc\u011f\u00fc personeli Melih \u00d6nc\u00fct, ikincisi S\u00fcleyman G\u00f6k, \u00fc\u00e7\u00fcnc\u00fcs\u00fc ise Temizlik \u0130\u015fleri M\u00fcd\u00fcrl\u00fc\u011f\u00fc personeli Salih Kahraman oldu. Yar\u0131\u015fmada dereceye giren personele kupalar\u0131 takdim edildi.<\/p>\n<p>&#8220;G\u00fcvenli Bisiklet Kullan\u0131m\u0131na Te\u015fvik&#8221;<\/p>\n<p>Her y\u0131l 16-22 Eyl\u00fcl tarihleri aras\u0131nda kentleri ve belediyeleri s\u00fcrd\u00fcr\u00fclebilir ula\u015f\u0131m tedbirleri almaya ve desteklemeye te\u015fvik etmek i\u00e7in kutlanan Avrupa Hareketlilik Haftas\u0131&#8217;nda, Toroslarda e\u011fitim g\u00f6ren \u00f6\u011frenciler de unutulmad\u0131. \u00d6\u011frencilere, uzman e\u011fitmen e\u015fli\u011finde &#8220;Bisiklet S\u00fcr\u00fc\u015f E\u011fitimi&#8221; verilerek bisiklet ile okullar\u0131na g\u00fcvenle gitmeleri ama\u00e7land\u0131.<\/p>\n<p>&#8220;Arabas\u0131z G\u00fcn Etkinli\u011fi Yo\u011fun \u0130lgi G\u00f6rd\u00fc&#8221;<\/p>\n<p>Belediye, Arabas\u0131z G\u00fcn etkinli\u011fi i\u00e7in Demirta\u015f Mahallesi&#8217;ni trafi\u011fe kapatt\u0131, \u00e7ocuklar\u0131 ve mahalle sakinlerini bir\u00e7ok sportif ve e\u011flenceli etkinliklerle bulu\u015fturdu. Ki\u015fileri bireysel ara\u00e7lar yerine alternatif ula\u015f\u0131m metotlar\u0131n\u0131n kullan\u0131lmas\u0131na te\u015fvik etmek amac\u0131yla d\u00fczenlenen etkinlik yo\u011fun ilgi g\u00f6rd\u00fc.<\/p>\n<p>TORTEK at\u00f6lyeleri, halk oyunlar\u0131, tenis, basketbol, cimnastik, paten, kaykay, ilizyon g\u00f6sterisi gibi bir\u00e7ok aktivitenin yer ald\u0131\u011f\u0131 etkinlikte, Toroslar Belediye Ba\u015fkan\u0131 Ats\u0131z Af\u015f\u0131n Y\u0131lmaz, \u00e7ocuklar\u0131n sevgi g\u00f6sterileriyle kar\u015f\u0131land\u0131.<\/p>\n<p>Demirta\u015f Mahalle Muhtar\u0131 Abdulselam Aksu, \u00e7ocuklar\u0131n dolu dolu bir g\u00fcn ge\u00e7irdi\u011fini belirterek mahallelerinde d\u00fczenledi\u011fi etkinlikler i\u00e7in Ba\u015fkan Y\u0131lmaz&#8217;a te\u015fekk\u00fcr etti.<\/p>\n<p>Ba\u015fkan Y\u0131lmaz: &#8220;Sizlerin Y\u00fcz\u00fc G\u00fcl\u00fcnce Bizim de Y\u00fcz\u00fcm\u00fcz G\u00fcl\u00fcyor&#8221;<\/p>\n<p>Etkinliklere kendisi de kat\u0131larak \u00e7ocuklarla yak\u0131ndan ilgilenen Ba\u015fkan Y\u0131lmaz ise Avrupa Hareketlilik Haftas\u0131&#8217;n\u0131n, her y\u0131l 16-22 Eyl\u00fcl tarihleri aras\u0131nda d\u00fcnyan\u0131n her yerinde yap\u0131ld\u0131\u011f\u0131n\u0131 kaydederek; &#8220;Kent hayat\u0131n\u0131n yaratt\u0131\u011f\u0131 zorluklar, stres, hareketsizlik nedeniyle ya\u015fanan sa\u011fl\u0131k problemleri noktas\u0131nda fark\u0131ndal\u0131k yaratmak amac\u0131yla hafta kapsam\u0131nda \u00e7e\u015fitli etkinlikler d\u00fczenliyoruz&#8221; dedi.<\/p>\n<p>T\u00fcm \u00e7ocuklara seslenen Ba\u015fkan Y\u0131lmaz, bu etkinliklerin devam edece\u011fini belirterek; &#8220;Toroslar Belediyesi olarak en g\u00fczel hizmetleri sizlerle bulu\u015fturmaya devam edece\u011fiz. Sizlerin y\u00fcz\u00fc g\u00fcl\u00fcnce bizim de y\u00fcz\u00fcm\u00fcz g\u00fcl\u00fcyor. Hepiniz \u00e7ok \u00f6zel \u00e7ocuklars\u0131n\u0131z. Bizler, gelece\u011fimiz olan \u00e7ocuklar\u0131m\u0131z\u0131 ko\u015fulsuz seviyoruz&#8221; diye konu\u015ftu.<\/p>\n<p>&#8220;Do\u011fa Y\u00fcr\u00fcy\u00fc\u015f\u00fc ile Hareketli Ya\u015fama Fark\u0131ndal\u0131k Olu\u015fturuldu&#8221;<\/p>\n<p>Toroslar Belediyesi, &#8216;Avrupa Hareketlilik Haftas\u0131&#8217; kapsam\u0131nda do\u011fa y\u00fcr\u00fcy\u00fc\u015f\u00fc de d\u00fczenledi. <\/p>\n<p>Yenik\u00f6y Mahallesi&#8217;nden ba\u015flay\u0131p Alada\u011f Mahallesi K\u0131z\u0131lge\u00e7it K\u00f6pr\u00fcs\u00fc&#8217;nde tamamlanan &#8220;Bisiklet ve Y\u00fcr\u00fcy\u00fc\u015fle Toroslar&#8217;\u0131 Ke\u015ffet&#8221; etkinli\u011fine bisikletli gruplar, sivil toplum kurulu\u015flar\u0131n\u0131n temsilcileri, mahalle muhtarlar\u0131, belediye meclis \u00fcyeleri de e\u015flik etti. Mersinliler Toroslar&#8217;\u0131n e\u015fsiz do\u011fas\u0131 e\u015fli\u011finde bisiklet s\u00fcrerek ve y\u00fcr\u00fcyerek, sporun, hayat\u0131n bir par\u00e7as\u0131 haline gelmesinin \u00f6nemine vurgu yap\u0131ld\u0131.<\/p>\n<p>&#8220;Toroslar&#8217;da Kros Heyecan\u0131&#8221;<\/p>\n<p>Avrupa Hareketlilik Haftas\u0131&#8217;nda kros m\u00fcsabakalar\u0131 heyecan\u0131 da ya\u015fand\u0131. Toroslar Belediyesi&#8217;nin d\u00fczenledi\u011fi m\u00fcsabakada \u00e7ocuklar ve gen\u00e7ler k\u0131yas\u0131ya yar\u0131\u015ft\u0131.  \u00c7a\u011fda\u015fkent Mahallesi&#8217;nde bulunan 68&#8217;liler Orman\u0131&#8217;nda 6 kategoride yap\u0131lan yar\u0131\u015flar\u0131n sonucunda madalya ve kupalar sahiplerini buldu. Dereceye girenlere \u00f6d\u00fclleri d\u00fczenlenen t\u00f6renle takdim edildi.<\/p>\n<p>\u00d6zel \u00c7ocuklar &#8220;Engelleri&#8221; Sporla A\u015f\u0131yor<\/p>\n<p>Toroslar Belediyesi&#8217;nin a\u00e7t\u0131\u011f\u0131 spor e\u011fitimine kat\u0131lan \u00f6zel bireyler de Avrupa Hareketlilik Haftas\u0131&#8217;nda sa\u011fl\u0131kl\u0131 ya\u015fama ve hareketlili\u011fe sporla dikkat \u00e7ekti ve e\u011flenceli bir g\u00fcn ge\u00e7irdi.<\/p>\n<p>Toroslar Belediye Ba\u015fkan\u0131 Ats\u0131z Af\u015f\u0131n Y\u0131lmaz, il\u00e7ede ya\u015fayan otizmli, down sendromlu ve mental \u00f6zel bireylerin sosyal hayata daha kolay adapte olmalar\u0131n\u0131n ama\u00e7land\u0131\u011f\u0131 spor e\u011fitiminin \u00f6nemine vurgu yaparak; &#8220;\u00d6zel bireylerin sa\u011fl\u0131kl\u0131 ya\u015famlar\u0131na katk\u0131 sunmak ve geli\u015fimlerini desteklemek i\u00e7in  spor yapmalar\u0131na \u00f6nem veriyor ve bu konuda onlar\u0131 destekliyoruz. Onlar\u0131n g\u00fclen y\u00fcz\u00fc her \u015feye de\u011fer&#8221; ifadelerinde bulundu.<\/p>\n","protected":false},"excerpt":{"rendered":"<p>&#8220;S\u00fcrd\u00fcr\u00fclebilir Ula\u015f\u0131m; Sa\u011fl\u0131kl\u0131 ve G\u00fcvenli Hareketlilik&#8221; temas\u0131yla d\u00fczenlenen hafta kapsam\u0131nda etkinlikler, belediye personeli aras\u0131nda d\u00fczenlenen &#8220;Masa Tenisi ve Dart Turnuvas\u0131&#8221; ile ba\u015flad\u0131. Yar\u0131\u015fman\u0131n birincisi Gen\u00e7lik ve Spor Hizmetleri M\u00fcd\u00fcrl\u00fc\u011f\u00fc personeli &hellip; <a href=\"https:\/\/akdenizolaygazetesi.com\/?p=14254\" class=\"more-link\">Devam\u0131n\u0131 Oku&#8230;<\/a><\/p>\n","protected":false},"author":2,"featured_media":14255,"comment_status":"open","ping_status":"open","sticky":false,"template":"","format":"standard","meta":[],"categories":[3,5,10],"tags":[],"_links":{"self":[{"href":"https:\/\/akdenizolaygazetesi.com\/index.php?rest_route=\/wp\/v2\/posts\/14254"}],"collection":[{"href":"https:\/\/akdenizolaygazetesi.com\/index.php?rest_route=\/wp\/v2\/posts"}],"about":[{"href":"https:\/\/akdenizolaygazetesi.com\/index.php?rest_route=\/wp\/v2\/types\/post"}],"author":[{"embeddable":true,"href":"https:\/\/akdenizolaygazetesi.com\/index.php?rest_route=\/wp\/v2\/users\/2"}],"replies":[{"embeddable":true,"href":"https:\/\/akdenizolaygazetesi.com\/index.php?rest_route=%2Fwp%2Fv2%2Fcomments&post=14254"}],"version-history":[{"count":1,"href":"https:\/\/akdenizolaygazetesi.com\/index.php?rest_route=\/wp\/v2\/posts\/14254\/revisions"}],"predecessor-version":[{"id":14256,"href":"https:\/\/akdenizolaygazetesi.com\/index.php?rest_route=\/wp\/v2\/posts\/14254\/revisions\/14256"}],"wp:featuredmedia":[{"embeddable":true,"href":"https:\/\/akdenizolaygazetesi.com\/index.php?rest_route=\/wp\/v2\/media\/14255"}],"wp:attachment":[{"href":"https:\/\/akdenizolaygazetesi.com\/index.php?rest_route=%2Fwp%2Fv2%2Fmedia&parent=14254"}],"wp:term":[{"taxonomy":"category","embeddable":true,"href":"https:\/\/akdenizolaygazetesi.com\/index.php?rest_route=%2Fwp%2Fv2%2Fcategories&post=14254"},{"taxonomy":"post_tag","embeddable":true,"href":"https:\/\/akdenizolaygazetesi.com\/index.php?rest_route=%2Fwp%2Fv2%2Ftags&post=14254"}],"curies":[{"name":"wp","href":"https:\/\/api.w.org\/{rel}","templated":true}]}}