{"id":14257,"date":"2021-09-21T13:01:05","date_gmt":"2021-09-21T10:01:05","guid":{"rendered":"http:\/\/akdenizolaygazetesi.com\/?p=14257"},"modified":"2021-09-21T13:01:05","modified_gmt":"2021-09-21T10:01:05","slug":"kazanli-sahili-bastan-sona-temizlendi","status":"publish","type":"post","link":"https:\/\/akdenizolaygazetesi.com\/?p=14257","title":{"rendered":"KAZANLI SAH\u0130L\u0130 BA\u015eTAN SONA TEM\u0130ZLEND\u0130"},"content":{"rendered":"<p>Akdeniz Belediyesi \u00c7evre Koruma ve Kontrol M\u00fcd\u00fcrl\u00fc\u011f\u00fc, Akdeniz \u00dc\u00e7\u00fcnc\u00fc G\u00f6z E\u011fitim ve Gen\u00e7lik Derne\u011fi, Gen\u00e7lik ve Spor Bakanl\u0131\u011f\u0131 Damla G\u00f6n\u00fcll\u00fcl\u00fck Hareketi ile Gen\u00e7lik Merkezi G\u00f6n\u00fcll\u00fcleri, Uluslar aras\u0131 Akdeniz G\u00f6n\u00fcll\u00fcl\u00fck Derne\u011fi \u00fcyelerinin de kat\u0131l\u0131m\u0131yla, Kazanl\u0131 sahili boyunca temizlik \u00e7al\u0131\u015fmas\u0131 yap\u0131ld\u0131.<br \/>\nAkdeniz Belediyesi, \u201c21 Eyl\u00fcl D\u00fcnya Temizlik G\u00fcn\u00fc\u201d kapsam\u0131nda, temiz \u00e7evrenin \u00f6nemine dikkat \u00e7ekmek, ayr\u0131ca toplumsal bilin\u00e7 ve fark\u0131ndal\u0131k olu\u015fturmak amac\u0131yla etkinlik ve kampanyalar\u0131n\u0131 s\u00fcrd\u00fcr\u00fcyor. Sa\u011fl\u0131kl\u0131 bir \u00e7evre ve do\u011fa i\u00e7in harekete ge\u00e7en Akdeniz Belediyesi, yerli ve yabanc\u0131 \u00f6\u011frencilerden olu\u015fan \u00e7evre g\u00f6n\u00fcll\u00fcleri, \u2018Her canl\u0131 bizim i\u00e7in de\u011ferlidir\u201d slogan\u0131yla Kazanl\u0131 sahilini temizledi.<br \/>\nEtkinlikte y\u00fczlerce metre uzunlu\u011fundaki Kazanl\u0131 sahiline vuran tar\u0131msal ve bal\u0131k\u00e7\u0131l\u0131k at\u0131klar\u0131 ile piknik\u00e7ilerin b\u0131rakt\u0131\u011f\u0131 at\u0131klar\u0131n yan\u0131 s\u0131ra, Suriye\u2019ye ait Akdeniz k\u0131y\u0131s\u0131nda bulunan bir enerji santralinden s\u0131zarak Kazanl\u0131 sahillerine ula\u015fan petrol at\u0131klar\u0131 da dikkatle topland\u0131. Toplanan po\u015fetler dolusu \u00e7\u00f6p ve at\u0131klar, bertaraf tesisine ula\u015ft\u0131r\u0131lmak \u00fczere \u00c7\u00f6p Taksi\u2019ye y\u00fcklenerek sahilden \u00e7\u0131kar\u0131ld\u0131.<br \/>\nBa\u015fkan G\u00fcltak; \u201cHer canl\u0131n\u0131n ya\u015fam\u0131 ve ya\u015fam alan\u0131 korunmal\u0131d\u0131r\u201d<br \/>\nAkdeniz Belediye Ba\u015fkan\u0131 M. Mustafa G\u00fcltak, yapt\u0131\u011f\u0131 a\u00e7\u0131klamada 21 Eyl\u00fcl D\u00fcnya Temizlik G\u00fcn\u00fc\u2019n\u00fc kutlad\u0131; belediye olarak temiz ve sa\u011fl\u0131kl\u0131 bir \u00e7evre i\u00e7in ekiplerin 7\/24 g\u00f6rev ba\u015f\u0131nda oldu\u011funu vurgulad\u0131. Gelecek nesillere ya\u015fanabilir bir d\u00fcnya b\u0131rakman\u0131n herkesin en b\u00fcy\u00fck sorumluluklar\u0131ndan oldu\u011funun alt\u0131n\u0131 \u00e7izen Ba\u015fkan G\u00fcltak, \u201cSadece insanlar\u0131m\u0131z\u0131n ya\u015fad\u0131\u011f\u0131 \u00e7evreyi de\u011fil, di\u011fer t\u00fcm canlar\u0131n ve canl\u0131lar\u0131n da ya\u015fad\u0131\u011f\u0131 habitatlar\u0131 korumak zorunday\u0131z. \u00c7\u00fcnk\u00fc b\u00fct\u00fcn canl\u0131lar\u0131n ya\u015fam hakk\u0131 kutsal ve dokunulmazd\u0131r. Gelecek nesillere de daha temiz, sa\u011fl\u0131kl\u0131 ve ya\u015fan\u0131labilir bir d\u00fcnya ve do\u011fa b\u0131rakmak hepimizin en b\u00fcy\u00fck sorumlulu\u011fu. Halk\u0131m\u0131z\u0131n da bu konuda duyarl\u0131 davranmas\u0131 tek ricam\u0131zd\u0131r. Kazanl\u0131 sahilimizde ger\u00e7ekle\u015fen temizlik kampanyas\u0131na kat\u0131lan yerli ve yabanc\u0131 gen\u00e7lerimize, \u00e7evre g\u00f6n\u00fcll\u00fclerine ve ekiplerimize \u00e7ok te\u015fekk\u00fcr ediyorum&#8221; dedi.<\/p>\n","protected":false},"excerpt":{"rendered":"<p>Akdeniz Belediyesi \u00c7evre Koruma ve Kontrol M\u00fcd\u00fcrl\u00fc\u011f\u00fc, Akdeniz \u00dc\u00e7\u00fcnc\u00fc G\u00f6z E\u011fitim ve Gen\u00e7lik Derne\u011fi, Gen\u00e7lik ve Spor Bakanl\u0131\u011f\u0131 Damla G\u00f6n\u00fcll\u00fcl\u00fck Hareketi ile Gen\u00e7lik Merkezi G\u00f6n\u00fcll\u00fcleri, Uluslar aras\u0131 Akdeniz G\u00f6n\u00fcll\u00fcl\u00fck Derne\u011fi &hellip; <a href=\"https:\/\/akdenizolaygazetesi.com\/?p=14257\" class=\"more-link\">Devam\u0131n\u0131 Oku&#8230;<\/a><\/p>\n","protected":false},"author":2,"featured_media":14258,"comment_status":"open","ping_status":"open","sticky":false,"template":"","format":"standard","meta":[],"categories":[3,5],"tags":[],"_links":{"self":[{"href":"https:\/\/akdenizolaygazetesi.com\/index.php?rest_route=\/wp\/v2\/posts\/14257"}],"collection":[{"href":"https:\/\/akdenizolaygazetesi.com\/index.php?rest_route=\/wp\/v2\/posts"}],"about":[{"href":"https:\/\/akdenizolaygazetesi.com\/index.php?rest_route=\/wp\/v2\/types\/post"}],"author":[{"embeddable":true,"href":"https:\/\/akdenizolaygazetesi.com\/index.php?rest_route=\/wp\/v2\/users\/2"}],"replies":[{"embeddable":true,"href":"https:\/\/akdenizolaygazetesi.com\/index.php?rest_route=%2Fwp%2Fv2%2Fcomments&post=14257"}],"version-history":[{"count":1,"href":"https:\/\/akdenizolaygazetesi.com\/index.php?rest_route=\/wp\/v2\/posts\/14257\/revisions"}],"predecessor-version":[{"id":14259,"href":"https:\/\/akdenizolaygazetesi.com\/index.php?rest_route=\/wp\/v2\/posts\/14257\/revisions\/14259"}],"wp:featuredmedia":[{"embeddable":true,"href":"https:\/\/akdenizolaygazetesi.com\/index.php?rest_route=\/wp\/v2\/media\/14258"}],"wp:attachment":[{"href":"https:\/\/akdenizolaygazetesi.com\/index.php?rest_route=%2Fwp%2Fv2%2Fmedia&parent=14257"}],"wp:term":[{"taxonomy":"category","embeddable":true,"href":"https:\/\/akdenizolaygazetesi.com\/index.php?rest_route=%2Fwp%2Fv2%2Fcategories&post=14257"},{"taxonomy":"post_tag","embeddable":true,"href":"https:\/\/akdenizolaygazetesi.com\/index.php?rest_route=%2Fwp%2Fv2%2Ftags&post=14257"}],"curies":[{"name":"wp","href":"https:\/\/api.w.org\/{rel}","templated":true}]}}