{"id":1426,"date":"2020-11-04T18:22:00","date_gmt":"2020-11-04T15:22:00","guid":{"rendered":"http:\/\/mersinekonomipolitikagazetesi.com\/?p=1426"},"modified":"2020-11-04T18:22:00","modified_gmt":"2020-11-04T15:22:00","slug":"yuksek-teknolojili-urun-ihracati-icin-acil-eylem-planlari-harekete-gecirilmeli","status":"publish","type":"post","link":"https:\/\/akdenizolaygazetesi.com\/?p=1426","title":{"rendered":"\u201cY\u00fcksek teknolojili \u00fcr\u00fcn ihracat\u0131 i\u00e7in acil eylem planlar\u0131 harekete ge\u00e7irilmeli\u201d"},"content":{"rendered":"<p>MES\u0130AD Y\u0130K Ba\u015fkan\u0131 Hasan H\u00fcseyin \u0130pek, T\u00fcrkiye\u2019nin ekonomik olarak kalk\u0131nmas\u0131n\u0131n temel ko\u015fullar\u0131ndan birinin, y\u00fcksek ve orta y\u00fcksek teknolojili \u00fcr\u00fcnlerin ihracat\u0131n\u0131n sa\u011flanmas\u0131 oldu\u011funu belirterek, bunun i\u00e7in a\u00e7\u0131l \u00e7\u00f6z\u00fcm \u00fcretilmesi ve acil eylem planlar\u0131n\u0131n bir an evvel harekete ge\u00e7irilmesi gerekti\u011fini kaydetti.<\/p>\n<p><span style=\"color: rgb(0, 0, 0); font-family: Tahoma, Arial, &quot;Times New Roman TUR&quot;, Verdana; font-size: 15px;\">Mersin Sanayici ve \u0130\u015f \u0130nsanlar\u0131 Derne\u011fi Y\u00fcksek \u0130sti\u015fare Kurulu (MES\u0130AD Y\u0130K) Ba\u015fkan\u0131 \u0130pek, yaz\u0131l\u0131 bir a\u00e7\u0131klama yaparak, T\u00fcrkiye \u0130hracat\u00e7\u0131lar Meclisi&#8217;nin (T\u0130M) a\u00e7\u0131klad\u0131\u011f\u0131 ihracat verilerini de\u011ferlendirdi. Bir \u00f6nceki y\u0131la g\u00f6re ihracat\u0131n artt\u0131\u011f\u0131n\u0131 vurgulayan \u0130pek, buna ra\u011fmen T\u00fcrkiye\u2019nin as\u0131l hedefi olmas\u0131 gereken y\u00fcksek teknolojili \u00fcr\u00fcnlerin ihracat\u0131nda gerileme ya\u015fand\u0131\u011f\u0131n\u0131 ifade etti.<\/span><br style=\"color: rgb(0, 0, 0); font-family: Tahoma, Arial, &quot;Times New Roman TUR&quot;, Verdana; font-size: 15px;\" \/><br \/>\n<span style=\"color: rgb(0, 0, 0); font-family: Tahoma, Arial, &quot;Times New Roman TUR&quot;, Verdana; font-size: 15px;\">\u201cAcil \u00e7\u00f6z\u00fcm \u00fcretmeliyiz\u201d<\/span><br style=\"color: rgb(0, 0, 0); font-family: Tahoma, Arial, &quot;Times New Roman TUR&quot;, Verdana; font-size: 15px;\" \/><br \/>\n<span style=\"color: rgb(0, 0, 0); font-family: Tahoma, Arial, &quot;Times New Roman TUR&quot;, Verdana; font-size: 15px;\">T\u0130M&#8217;in a\u00e7\u0131klad\u0131\u011f\u0131 verilerin, ihracat a\u00e7\u0131s\u0131ndan olumlu bir tablo \u00e7izdi\u011fine i\u015faret eden \u0130pek, ancak T\u00fcrkiye\u2019nin ekonomik olarak kalk\u0131nmas\u0131n\u0131n temel ko\u015fullar\u0131ndan birinin de y\u00fcksek ve orta y\u00fcksek teknolojili \u00fcr\u00fcnlerin ihracat\u0131n\u0131n sa\u011flanmas\u0131 oldu\u011funun alt\u0131n\u0131 \u00e7izdi. Ge\u00e7en y\u0131llarda yerli \u00fcretim kapasitesini geni\u015fletmek ad\u0131na y\u00fcksek ve orta y\u00fcksek teknolojili \u00fcr\u00fcnlere farkl\u0131 te\u015fvik sistemleri geli\u015ftirildi\u011fini an\u0131msatan \u0130pek, \u201cBuna ra\u011fmen T\u00fcrkiye&#8217;de son 3,5 y\u0131lda bu iki \u00fcr\u00fcn grubunun ihracat\u0131nda art\u0131\u015f yerine gerileme ya\u015fand\u0131. T\u00fcrkiye \u0130statistik Kurumu&#8217;nun verilerine g\u00f6re, 2014 y\u0131l\u0131ndan bu yana y\u00fcksek ve orta y\u00fcksek teknolojili \u00fcr\u00fcn d\u0131\u015f ticaretinde T\u00fcrkiye toplam 187 milyar 312 milyon dolarl\u0131k a\u00e7\u0131k verdi. Bunlar\u0131n nedenlerinin ara\u015ft\u0131r\u0131lmas\u0131 gerekiyor. Do\u011fru bir politika y\u00fcr\u00fct\u00fcp daha fazla cari a\u00e7\u0131k vermeden acil \u00e7\u00f6z\u00fcm \u00fcretmeliyiz\u201d dedi.<\/span><br style=\"color: rgb(0, 0, 0); font-family: Tahoma, Arial, &quot;Times New Roman TUR&quot;, Verdana; font-size: 15px;\" \/><br \/>\n<span style=\"color: rgb(0, 0, 0); font-family: Tahoma, Arial, &quot;Times New Roman TUR&quot;, Verdana; font-size: 15px;\">Bu kapsamda son 3,5 y\u0131l\u0131 de\u011ferlendiren \u0130pek, 2014 y\u0131l\u0131nda 5 milyar 20 milyon dolar olan y\u00fcksek teknolojili \u00fcr\u00fcn ihracat\u0131n\u0131n 2015&#8217;te 4 milyar 909 milyon dolara, 2016&#8217;da da 4 milyar 683 milyon dolara geriledi\u011fini bildirdi. Bu y\u0131l Ocak-Temmuz d\u00f6neminde ise ge\u00e7en y\u0131l\u0131n ayn\u0131 d\u00f6nemine g\u00f6re 676 milyon dolar art\u0131\u015f kaydedilerek 3 milyar 294 milyon dolar oldu\u011funu belirten \u0130pek, orta y\u00fcksek teknolojili \u00fcr\u00fcnlerin ihracat\u0131nda da dalgal\u0131 bir durumun seyretti\u011fini ifade etti. 2014 y\u0131l\u0131nda 46 milyar 517 milyon dolar olan orta y\u00fcksek teknolojili \u00fcr\u00fcn ihracat\u0131n\u0131n, 2015&#8217;te 42 milyar 748 milyon dolara d\u00fc\u015ft\u00fc\u011f\u00fcn\u00fc anlatan \u0130pek, \u201cGe\u00e7en y\u0131l 44 milyar 240 milyon dolar olmu\u015f. 2017 y\u0131l\u0131 Ocak-Temmuz d\u00f6neminde ise orta y\u00fcksek teknolojili \u00fcr\u00fcn ihracat\u0131 ge\u00e7en y\u0131l\u0131n ayn\u0131 d\u00f6nemine g\u00f6re, 3 milyar 825 milyon dolar artarak 28 milyar 914 milyon dolara \u00e7\u0131km\u0131\u015f\u201d ifadelerini kulland\u0131.<\/span><br style=\"color: rgb(0, 0, 0); font-family: Tahoma, Arial, &quot;Times New Roman TUR&quot;, Verdana; font-size: 15px;\" \/><br \/>\n<span style=\"color: rgb(0, 0, 0); font-family: Tahoma, Arial, &quot;Times New Roman TUR&quot;, Verdana; font-size: 15px;\">\u201c\u00dclkemiz acil eylem planlar\u0131n\u0131 bir an evvel harekete ge\u00e7irmeli\u201d<\/span><br style=\"color: rgb(0, 0, 0); font-family: Tahoma, Arial, &quot;Times New Roman TUR&quot;, Verdana; font-size: 15px;\" \/><br \/>\n<span style=\"color: rgb(0, 0, 0); font-family: Tahoma, Arial, &quot;Times New Roman TUR&quot;, Verdana; font-size: 15px;\">Y\u00fcksek ve orta y\u00fcksek teknolojili \u00fcr\u00fcn gruplar\u0131n\u0131n ihracat ve ithalat rakamlar\u0131 aras\u0131nda b\u00fcy\u00fck bir u\u00e7urum oldu\u011funa dikkat \u00e7eken \u0130pek, \u015f\u00f6yle devam etti: \u201cT\u00fcrkiye y\u00fcksek ve orta y\u00fcksek teknolojili \u00fcr\u00fcn gruplar\u0131nda toplam 180 milyar 325 milyon dolarl\u0131k ihracata kar\u015f\u0131l\u0131k, 367 milyar 637 milyon dolarl\u0131k ithalat yapm\u0131\u015f. Bu \u00fcr\u00fcn gruplar\u0131nda son 3,5 y\u0131ll\u0131k a\u00e7\u0131k ise 187 milyar 312 milyon dolar olmu\u015f. Dolay\u0131s\u0131yla y\u00fcksek oranda cari a\u00e7\u0131k s\u00f6z konusu. Bu tablo ekonomimizin gelece\u011fi a\u00e7\u0131s\u0131ndan hi\u00e7 i\u00e7 a\u00e7\u0131c\u0131 de\u011fil.\u201d<\/span><br style=\"color: rgb(0, 0, 0); font-family: Tahoma, Arial, &quot;Times New Roman TUR&quot;, Verdana; font-size: 15px;\" \/><br \/>\n<span style=\"color: rgb(0, 0, 0); font-family: Tahoma, Arial, &quot;Times New Roman TUR&quot;, Verdana; font-size: 15px;\">Bu anlamda \u00f6zellikle teknoparklar \u00e7ok iyi kullan\u0131larak, \u00fcniversite-sanayi i\u015fbirli\u011finin \u00fczerine gidilmesi gerekti\u011fini vurgulayan \u0130pek, \u015funlar\u0131 kaydetti: \u201c\u00dcniversitelerimiz i\u00e7erisinde bulunan teknoparklar\u0131n y\u00fcksek teknoloji \u00fcr\u00fcnlerinin \u00fcretilmesine y\u00f6nelik \u00e7al\u0131\u015fmalar yapmas\u0131 te\u015fvik edilirse o zaman aradaki u\u00e7urum denebilecek rakamlar\u0131n \u00f6n\u00fcne ge\u00e7ebiliriz. Bu konuda \u00fcniversitelerimize b\u00fcy\u00fck g\u00f6rev d\u00fc\u015f\u00fcyor. Gen\u00e7lerimizin daha inovatif d\u00fc\u015f\u00fcnmesi ve kendilerini geli\u015ftirmesi gerekiyor. Bug\u00fcn d\u00fcnyada bunun bir\u00e7ok \u00f6rne\u011fi mevcut. \u00d6zellikle dijital platformlarda geli\u015ftirilen \u00fcr\u00fcnler milyar dolarl\u0131k ticari de\u011fere sahip olabiliyor. \u00dclkemizin mutlaka ve mutlaka bu konularda ciddi \u00e7al\u0131\u015fmalar yaparak, acil eylem planlar\u0131n\u0131 bir an evvel harekete ge\u00e7irmesi gerekti\u011fini d\u00fc\u015f\u00fcn\u00fcyorum.\u201d<\/span><\/p>\n","protected":false},"excerpt":{"rendered":"<p>MES\u0130AD Y\u0130K Ba\u015fkan\u0131 Hasan H\u00fcseyin \u0130pek, T\u00fcrkiye\u2019nin ekonomik olarak kalk\u0131nmas\u0131n\u0131n temel ko\u015fullar\u0131ndan birinin, y\u00fcksek ve orta y\u00fcksek teknolojili \u00fcr\u00fcnlerin ihracat\u0131n\u0131n sa\u011flanmas\u0131 oldu\u011funu belirterek, bunun i\u00e7in a\u00e7\u0131l \u00e7\u00f6z\u00fcm \u00fcretilmesi ve acil &hellip; <a href=\"https:\/\/akdenizolaygazetesi.com\/?p=1426\" class=\"more-link\">Devam\u0131n\u0131 Oku&#8230;<\/a><\/p>\n","protected":false},"author":1,"featured_media":0,"comment_status":"open","ping_status":"open","sticky":false,"template":"","format":"standard","meta":[],"categories":[],"tags":[],"_links":{"self":[{"href":"https:\/\/akdenizolaygazetesi.com\/index.php?rest_route=\/wp\/v2\/posts\/1426"}],"collection":[{"href":"https:\/\/akdenizolaygazetesi.com\/index.php?rest_route=\/wp\/v2\/posts"}],"about":[{"href":"https:\/\/akdenizolaygazetesi.com\/index.php?rest_route=\/wp\/v2\/types\/post"}],"author":[{"embeddable":true,"href":"https:\/\/akdenizolaygazetesi.com\/index.php?rest_route=\/wp\/v2\/users\/1"}],"replies":[{"embeddable":true,"href":"https:\/\/akdenizolaygazetesi.com\/index.php?rest_route=%2Fwp%2Fv2%2Fcomments&post=1426"}],"version-history":[{"count":0,"href":"https:\/\/akdenizolaygazetesi.com\/index.php?rest_route=\/wp\/v2\/posts\/1426\/revisions"}],"wp:attachment":[{"href":"https:\/\/akdenizolaygazetesi.com\/index.php?rest_route=%2Fwp%2Fv2%2Fmedia&parent=1426"}],"wp:term":[{"taxonomy":"category","embeddable":true,"href":"https:\/\/akdenizolaygazetesi.com\/index.php?rest_route=%2Fwp%2Fv2%2Fcategories&post=1426"},{"taxonomy":"post_tag","embeddable":true,"href":"https:\/\/akdenizolaygazetesi.com\/index.php?rest_route=%2Fwp%2Fv2%2Ftags&post=1426"}],"curies":[{"name":"wp","href":"https:\/\/api.w.org\/{rel}","templated":true}]}}