{"id":14265,"date":"2021-09-22T13:00:59","date_gmt":"2021-09-22T10:00:59","guid":{"rendered":"http:\/\/akdenizolaygazetesi.com\/?p=14265"},"modified":"2021-09-22T13:00:59","modified_gmt":"2021-09-22T10:00:59","slug":"bu-bir-parti-meselesi-degil-bir-insaniyet-meselesidir","status":"publish","type":"post","link":"https:\/\/akdenizolaygazetesi.com\/?p=14265","title":{"rendered":"&#8216;BU B\u0130R PART\u0130 MESELES\u0130 DE\u011e\u0130L, B\u0130R \u0130NSAN\u0130YET MESELES\u0130D\u0130R&#8217;"},"content":{"rendered":"<p>CHP Mersin Milletvekili Ali Mahir Ba\u015far\u0131r, yurtlara yerle\u015femeyen binlerce \u00f6\u011frenci ve ailelerin sesi olmak i\u00e7in \u201cBar\u0131nam\u0131yoruz\u201d eylemine kat\u0131ld\u0131. \u00d6\u011frenci ve ailelerinin ya\u015fad\u0131\u011f\u0131 bar\u0131nma sorununa ili\u015fkin a\u00e7\u0131klama yapan CHP\u2019li Ba\u015far\u0131r: \u201c\u00d6\u011frencilerimiz bizim i\u00e7in \u00e7ok \u00f6nemli, ilk hedefimiz size yeni bir hikaye yazmak, yeni bir umut yaratmak ve bunu hep beraber yapaca\u011f\u0131z. Sak\u0131n umudunuzu yitirmeyin. Hakl\u0131 bir eylemde bulunuyorsunuz, hakk\u0131n\u0131z\u0131 istiyorsunuz. Bu \u00fclkenin gen\u00e7lerinin yurt istemesi, oda istemesi en b\u00fcy\u00fck ve do\u011fal hakk\u0131d\u0131r. Sonuna kadar yan\u0131n\u0131zday\u0131z. Bunu siyaseten s\u00f6ylemiyorum, anne babalar\u0131n hayk\u0131r\u0131\u015flar\u0131n\u0131 telefonda dinledi\u011fim i\u00e7in benim i\u00e7im yan\u0131yor. Ben bir yurt m\u00fcd\u00fcr\u00fcnden, annesi babas\u0131 olmayan, ilk 1000 s\u0131ralamaya girmi\u015f bir \u00f6\u011frencimiz i\u00e7in talepte bulunuyorum, Mersin milletvekili oldu\u011fumu belirtiyorum ancak bana hangi partidensiniz diyor! Bu i\u015f parti meselesi de\u011fil, gen\u00e7lerimizin bar\u0131nma meselesidir. Beni arayan gen\u00e7lerimizin annesinin babas\u0131n\u0131n hi\u00e7birine hangi partidensin diye sormuyorum. \u00c7\u00fcnk\u00fc bu bir parti meselesi de\u011fil, bir insaniyet meselesidir, bar\u0131nma meselesidir. Direnece\u011fiz, biz de CHP olarak iktidara geldi\u011fimizde bunu yaparsak bizim de yakam\u0131za yap\u0131\u015f\u0131n. Bu sizin en temel hakk\u0131n\u0131zd\u0131r\u201d dedi.<\/p>\n<p>\u00dcLKEN\u0130N SARAYLARA DE\u011e\u0130L YURTLARA \u0130T\u0130YACI VAR<\/p>\n<p>E\u011fer bir devlet \u00f6\u011frencisine kalacak yer, \u0131s\u0131nacak yer, bir yurt veremiyorsa burada bir s\u0131k\u0131nt\u0131 oldu\u011funu ifade eden CHP\u2019li Ba\u015far\u0131r, \u201cBug\u00fcn T\u00fcrkiye\u2019de her 5 \u00f6\u011frenciden 4\u2019\u00fc sokakta. Her g\u00fcn y\u00fczlerce aile bizi ar\u0131yor. D\u00fc\u015f\u00fcn\u00fcn bir \u00e7ocu\u011fu okutacaks\u0131n, b\u00fcy\u00fcteceksin y\u0131llarca o \u00e7ocuk ter d\u00f6kecek \u00fcniversiteyi kazanacak ama ona bir ev, yat\u0131p kalkaca\u011f\u0131 bir yurt veremedi\u011finiz i\u00e7in e\u011fitimine devam edemeyecek. Bundan daha b\u00fcy\u00fck bir travma olamaz. \u0130\u015fte o y\u00fczden biz bu eyleme t\u00fcm gen\u00e7 arkada\u015flar\u0131m\u0131z\u0131n destek olmas\u0131n\u0131 istiyoruz. Bu bir su\u00e7 de\u011fil, onlar\u0131n hakk\u0131. Bak\u0131n saray\u0131n sadece ara\u00e7 gideri 1 milyon 400 bin TL, 3.5 milyon da y\u0131ll\u0131k g\u00f6rev gideri var. Yazl\u0131k saraya harcanan para 650 milyon lira. Neden yurt yap\u0131lm\u0131yor? Benim \u00f6\u011frencim sokakta ya\u015fayamaz. Bug\u00fcn bu gen\u00e7leri parkta eylem yapmak zorunda b\u0131rakanlar utanmal\u0131d\u0131r! Bizim saraylara de\u011fil, yurtlara ihtiyac\u0131m\u0131z vard\u0131r. Biz bu gen\u00e7lere iyi bir gelecek kurmak zorunday\u0131z. Biz onlar\u0131n yan\u0131nday\u0131z, iki \u00e7ocuk babas\u0131 olarak onlar\u0131n anne babalar\u0131n\u0131n yerine kendimi koydu\u011fum zaman \u0131zd\u0131rap \u00e7ekiyorum. Ne yaparlar bilmiyorum? Saraylara m\u0131 al\u0131rlar yoksa Saray\u2019\u0131 yurt mu yaparlar ya da otelleri mi kiralarlar ama T\u00fcrkiye Cumhuriyeti\u2019nde bir tek genci yurtsuz, bar\u0131namaz hallerde sokaklarda olmalar\u0131n\u0131 istemiyoruz\u201d s\u00f6zlerini dile getirdi.<\/p>\n<p>\u00d6\u011eRENC\u0130LER\u0130M\u0130Z\u0130 TAR\u0130KATLARIN KUCA\u011eINA ATMAYIN<\/p>\n<p>CHP\u2019li Ba\u015far\u0131r s\u00f6zlerine \u015f\u00f6yle son verdi:<br \/>\nAnayasan\u0131n Gen\u00e7li\u011fin Korunmas\u0131 ba\u015fl\u0131kl\u0131 58. Maddesi, \u201cDevlet, istiklal ve cumhuriyetimizin emanet edildi\u011fi gen\u00e7lerin m\u00fcsbet ilmin \u0131\u015f\u0131\u011f\u0131nda, Atat\u00fcrk \u0130lke ve \u0130nk\u0131laplar\u0131 do\u011frultusunda ve devletin \u00fclkesi ve milletiyle b\u00f6l\u00fcnmez b\u00fct\u00fcnl\u00fc\u011f\u00fcn\u00fc ortadan kald\u0131rmay\u0131 ama\u00e7 edinen g\u00f6r\u00fc\u015flere kar\u015f\u0131 yeti\u015fme ve geli\u015fmelerini sa\u011flay\u0131c\u0131 tedbirleri al\u0131r\u201d der. \u0130\u015fte gen\u00e7lerimizin yeti\u015fme ve geli\u015fmelerini sa\u011flay\u0131c\u0131 tedbirlerin ba\u015f\u0131nda yurtlar gelmektedir. \u0130ktidar bu tedbirleri sa\u011flamayarak ne yaz\u0131k ki gen\u00e7lerimizi, \u00f6\u011frencilerimizi tarikatlar\u0131n kucaklar\u0131na b\u0131rakmaktad\u0131r. Yurtlara yerle\u015femeyen \u00f6\u011frencilerimizi, Ensar gibi ad\u0131 \u00e7ocuklara y\u00f6nelik cinsel istismar davalar\u0131na kar\u0131\u015fan vak\u0131flar\u0131n yurtlar\u0131na y\u00f6nlendirdiklerini biliyoruz. Mevcut siyasi iktidar\u0131n as\u0131l g\u00f6revi, ihale \u00fczerine ihale verdi\u011fi yanda\u015f \u015firketleri korumak de\u011fil, hi\u00e7bir \u00f6\u011frencimizin sokakta kalmamas\u0131 i\u00e7in gerekti\u011fi kadar yurt yap\u0131p gen\u00e7leri korumakt\u0131r!<\/p>\n","protected":false},"excerpt":{"rendered":"<p>CHP Mersin Milletvekili Ali Mahir Ba\u015far\u0131r, yurtlara yerle\u015femeyen binlerce \u00f6\u011frenci ve ailelerin sesi olmak i\u00e7in \u201cBar\u0131nam\u0131yoruz\u201d eylemine kat\u0131ld\u0131. \u00d6\u011frenci ve ailelerinin ya\u015fad\u0131\u011f\u0131 bar\u0131nma sorununa ili\u015fkin a\u00e7\u0131klama yapan CHP\u2019li Ba\u015far\u0131r: \u201c\u00d6\u011frencilerimiz &hellip; <a href=\"https:\/\/akdenizolaygazetesi.com\/?p=14265\" class=\"more-link\">Devam\u0131n\u0131 Oku&#8230;<\/a><\/p>\n","protected":false},"author":2,"featured_media":14262,"comment_status":"open","ping_status":"open","sticky":false,"template":"","format":"standard","meta":[],"categories":[2,3,5],"tags":[],"_links":{"self":[{"href":"https:\/\/akdenizolaygazetesi.com\/index.php?rest_route=\/wp\/v2\/posts\/14265"}],"collection":[{"href":"https:\/\/akdenizolaygazetesi.com\/index.php?rest_route=\/wp\/v2\/posts"}],"about":[{"href":"https:\/\/akdenizolaygazetesi.com\/index.php?rest_route=\/wp\/v2\/types\/post"}],"author":[{"embeddable":true,"href":"https:\/\/akdenizolaygazetesi.com\/index.php?rest_route=\/wp\/v2\/users\/2"}],"replies":[{"embeddable":true,"href":"https:\/\/akdenizolaygazetesi.com\/index.php?rest_route=%2Fwp%2Fv2%2Fcomments&post=14265"}],"version-history":[{"count":1,"href":"https:\/\/akdenizolaygazetesi.com\/index.php?rest_route=\/wp\/v2\/posts\/14265\/revisions"}],"predecessor-version":[{"id":14266,"href":"https:\/\/akdenizolaygazetesi.com\/index.php?rest_route=\/wp\/v2\/posts\/14265\/revisions\/14266"}],"wp:featuredmedia":[{"embeddable":true,"href":"https:\/\/akdenizolaygazetesi.com\/index.php?rest_route=\/wp\/v2\/media\/14262"}],"wp:attachment":[{"href":"https:\/\/akdenizolaygazetesi.com\/index.php?rest_route=%2Fwp%2Fv2%2Fmedia&parent=14265"}],"wp:term":[{"taxonomy":"category","embeddable":true,"href":"https:\/\/akdenizolaygazetesi.com\/index.php?rest_route=%2Fwp%2Fv2%2Fcategories&post=14265"},{"taxonomy":"post_tag","embeddable":true,"href":"https:\/\/akdenizolaygazetesi.com\/index.php?rest_route=%2Fwp%2Fv2%2Ftags&post=14265"}],"curies":[{"name":"wp","href":"https:\/\/api.w.org\/{rel}","templated":true}]}}