{"id":14267,"date":"2021-09-22T13:07:14","date_gmt":"2021-09-22T10:07:14","guid":{"rendered":"http:\/\/akdenizolaygazetesi.com\/?p=14267"},"modified":"2021-09-22T13:07:14","modified_gmt":"2021-09-22T10:07:14","slug":"mersin-buyuksehirle-tarlalar-yesil-elmas-ile-degerlenecek","status":"publish","type":"post","link":"https:\/\/akdenizolaygazetesi.com\/?p=14267","title":{"rendered":"MERS\u0130N B\u00dcY\u00dcK\u015eEH\u0130R\u2019LE TARLALAR \u2018YE\u015e\u0130L ELMAS\u2019 \u0130LE DE\u011eERLENECEK"},"content":{"rendered":"<p>Mersin B\u00fcy\u00fck\u015fehir Belediye Ba\u015fkan\u0131 Vahap Se\u00e7er \u00f6nc\u00fcl\u00fc\u011f\u00fcnde hayata ge\u00e7irilen ve \u00fcreticiye umut olan projeler aras\u0131nda yer alan \u201cAvokado Fidan\u0131 Da\u011f\u0131t\u0131m\u0131 Projesi\u201dnin kapsam\u0131 geni\u015fliyor. Tar\u0131msal \u00fcretimi desteklemek ve \u00fcreticileri geliri y\u00fcksek alternatif \u00fcr\u00fcnlere y\u00f6nlendirmek amac\u0131yla ge\u00e7en y\u0131l ba\u015flat\u0131lan proje kapsam\u0131nda bu y\u0131l Anamur, Erdemli ve Akdeniz il\u00e7elerinde toplam 4 bin 40 adet avokado fidan\u0131 da\u011f\u0131t\u0131ld\u0131. B\u00fcy\u00fck\u015fehir\u2019in toplam 203 \u00fcreticiye da\u011f\u0131tt\u0131\u011f\u0131 avokado fidanlar\u0131 sayesinde \u00fcr\u00fcn \u00e7e\u015fitlili\u011fi artacak ve tarlalar \u201cye\u015fil elmas\u201dla kaplanacak.<\/p>\n<p>\u00dcreticilerin 57\u2019sini kad\u0131nlar olu\u015fturdu<\/p>\n<p>B\u00fcy\u00fck\u015fehir Belediyesi Tar\u0131msal ve Veteriner Hizmetleri Dairesi b\u00fcnyesinde s\u00fcrd\u00fcr\u00fclen proje ile ge\u00e7en y\u0131l 206 \u00fcreticiye toplam 3 bin 250 adet avokado fidan\u0131 da\u011f\u0131t\u0131lm\u0131\u015ft\u0131. Ticari \u00fcreticili\u011fin yayg\u0131nla\u015ft\u0131r\u0131lmas\u0131n\u0131n ama\u00e7land\u0131\u011f\u0131 projeden bu y\u0131l 57\u2019si kad\u0131n \u00fcretici olmak \u00fczere toplam 203 \u00fcretici faydaland\u0131. B\u00fcy\u00fck\u015fehir, Anamur\u2019da 2 bin 540, Erdemli\u2019de 1000 ve Akdeniz il\u00e7esinde 500 adet olmak \u00fczere toplam 4 bin 40 adet Bacon, Fuerte, Has \u00e7e\u015fitleri olan avokado fidan\u0131n\u0131 sahiplerine ula\u015ft\u0131rd\u0131. Avokadonun \u00f6nemli bir gelir kayna\u011f\u0131 olabilece\u011fini d\u00fc\u015f\u00fcnen \u00fcreticiler, fidanlar\u0131n\u0131 dikmeye ba\u015flad\u0131.<\/p>\n<p>\u201cTicari yeti\u015ftiricili\u011fin geli\u015ftirilmesini ve b\u00f6lge ekonomisine katk\u0131 sa\u011flamas\u0131n\u0131 hedefliyoruz\u201d<\/p>\n<p>Tar\u0131msal ve Veteriner Hizmetleri Dairesi Bitkisel Materyal ve Serac\u0131l\u0131k \u015eube M\u00fcd\u00fcrl\u00fc\u011f\u00fc\u2019nde G\u0131da M\u00fchendisi olarak g\u00f6rev yapan \u00d6zlem G\u00f6k, tar\u0131msal \u00fcretimi destekleyerek, b\u00f6lge ekonomisine katk\u0131 sunmak istediklerini belirtti. G\u00f6k, \u015funlar\u0131 s\u00f6yledi:<\/p>\n<p>\u201cMersin B\u00fcy\u00fck\u015fehir Belediyemizin tar\u0131msal \u00fcretimi desteklemek ad\u0131na uygulad\u0131\u011f\u0131 projelerden birisi olan Avokado Fidan\u0131 Da\u011f\u0131t\u0131m\u0131 Projemizi ger\u00e7ekle\u015ftirmekteyiz. Avokado fidan\u0131n\u0131n Bacon, Fuerte, Has \u00e7e\u015fitlerinin da\u011f\u0131t\u0131m\u0131 yap\u0131ld\u0131. \u0130l\u00e7elerimizde \u00fcreticileri avokado yeti\u015ftiricili\u011fine te\u015fvik etmeyi ve bu anlamda ticari yeti\u015ftiricili\u011fin geli\u015ftirilmesini ve b\u00f6lge ekonomisine katk\u0131 sa\u011flamas\u0131n\u0131 hedefliyoruz. Akdeniz sahil kesiminde adaptasyonunun uygun oldu\u011fu bilinen avokado fidan\u0131n\u0131n da\u011f\u0131t\u0131m\u0131n\u0131 Anamur, Erdemli ve Akdeniz il\u00e7elerimizde ger\u00e7ekle\u015ftirdik. Toplam 36 mahallede, 57\u2019si kad\u0131n olmak \u00fczere 203 \u00fcreticimize 4 bin 40 adet avokado fidan\u0131 da\u011f\u0131tt\u0131k. Bu anlamda kad\u0131n \u00fcreticilerimizi hem avokadonun ticari yeti\u015ftiricili\u011fine te\u015fvik etmi\u015f hem de b\u00f6lge ekonomisine katk\u0131 sa\u011flamalar\u0131na destek olmu\u015f bulunuyoruz.\u201d<\/p>\n<p>Avokado \u00fcreticisinin y\u00fcz\u00fc g\u00fcl\u00fcyor<\/p>\n<p>Avokado yeti\u015ftiricili\u011fine hobi olarak ba\u015flad\u0131\u011f\u0131n\u0131, masrafs\u0131z ve zahmetsiz olmas\u0131ndan dolay\u0131 \u00fcretimini art\u0131rmak istedi\u011fini ifade eden Vural \u00c7arbo\u011fa, \u201c\u0130lac\u0131, g\u00fcbresi narenciyeye g\u00f6re daha ekonomik. Avokado fidesi \u00fczerine narenciyeyi k\u0131yaslayacak olursak y\u00fczde 80 daha avantajl\u0131. Avokadoda ila\u00e7 mevzu bahis de\u011fil. Su ve taban g\u00fcbresinden ibaret olan bir bitki, bu da \u00e7ok cazip gelmekte. \u00c7ok \u00fcmitliyiz. Kilo baz\u0131nda bir narenciye yeti\u015ftirmenin maliyeti 1,50 TL, bunun maliyeti 1 TL; onun kilosu 2-2,50 TL, avokadonun kilosu 40 TL. B\u00f6yle olunca y\u00fczlerce kar fark var aras\u0131nda, kesinlikle cazip geliyor\u201d dedi.<\/p>\n<p>\u201cGetirisi g\u00fczel, in\u015fallah yapaca\u011f\u0131z, ba\u015faraca\u011f\u0131z\u201d<\/p>\n<p>\u00c7ift\u00e7i Fatma Arslan, avokado fidelerini \u00e7ocu\u011fu gibi bak\u0131p b\u00fcy\u00fctece\u011fini belirterek, \u201c\u00c7ok memnunuz. Allah izin verirse tarlam\u0131za ekece\u011fiz, b\u00fcy\u00fctece\u011fiz, \u00e7ocuk gibi bakaca\u011f\u0131z. Ba\u015fkan\u0131m\u0131za te\u015fekk\u00fcr ediyoruz b\u00f6yle bir imk\u00e2n sa\u011flad\u0131\u011f\u0131 i\u00e7in. \u00c7evremizde oldu\u011fu i\u00e7in biz de denemeyi tercih ettik. Getirisi de g\u00fczel, in\u015fallah yapaca\u011f\u0131z da ba\u015faraca\u011f\u0131z da. \u0130n\u015fallah bizim emeklerimiz de sizin emekleriniz de bo\u015fa gitmez\u201d diye konu\u015ftu.<\/p>\n<p>\u201cElimizden geldi\u011fince \u00fcr\u00fcnlerini iyi bir \u015fekilde yeti\u015ftirmeye \u00e7al\u0131\u015faca\u011f\u0131z\u201d<\/p>\n<p>B\u00fcy\u00fck\u015fehir\u2019in destek verdi\u011fi projelerle daha rahat ilerleyebildiklerini belirten Teslime \u00d6kten ise \u201cAvokado, iklim dolay\u0131s\u0131yla elveri\u015fli oldu\u011fu i\u00e7in Erdemli genelinde art\u0131r\u0131labilecek bir \u00fcr\u00fcn. B\u00f6yle projeler yap\u0131ld\u0131\u011f\u0131 zaman bizim bunu art\u0131rmam\u0131z daha da kolay oluyor. Ba\u015fkan\u0131m\u0131zdan Allah raz\u0131 olsun. Bizler de elimizden geldi\u011fince \u00fcr\u00fcnlerini iyi bir \u015fekilde yeti\u015ftirmeye \u00e7al\u0131\u015faca\u011f\u0131z\u201d ifadelerine yer verdi.<\/p>\n<p>\u201cVahap Ba\u015fkan gelene kadar b\u00f6yle hizmetler g\u00f6rmedik\u201d<\/p>\n<p>\u00dcretti\u011fi katma de\u011feri y\u00fcksek \u00fcr\u00fcnlerin sat\u0131\u015f\u0131n\u0131 yapt\u0131\u011f\u0131n\u0131 belirten Ay\u015fe T\u00fcrer, Ba\u015fkan Se\u00e7er\u2019in kad\u0131n\u0131, \u00e7ift\u00e7iyi, k\u00f6yl\u00fcy\u00fc her kesimden insan\u0131 d\u00fc\u015f\u00fcnd\u00fc\u011f\u00fcn\u00fc ve destekledi\u011fini ifade etti. T\u00fcrer, \u201cYar\u0131 yar\u0131ya bir farkla ald\u0131k fidanlar\u0131m\u0131z\u0131. Biz buradan alsak bunlar\u0131 \u00e7ok pahal\u0131, alma imkan\u0131m\u0131z olmuyor. Ba\u015fkan\u0131m\u0131z sa\u011f olsun bizlere b\u00f6yle bir imkan sundu, \u00c7ok te\u015fekk\u00fcr ediyoruz. Herkes kendini g\u00fcvende hissediyor. Biz Vahap Ba\u015fkan gelene kadar b\u00f6yle hizmetler g\u00f6rmedik. Desteklemeye de devam edecek bunu biliyoruz. Hissettiriyor\u201d dedi.<\/p>\n","protected":false},"excerpt":{"rendered":"<p>Mersin B\u00fcy\u00fck\u015fehir Belediye Ba\u015fkan\u0131 Vahap Se\u00e7er \u00f6nc\u00fcl\u00fc\u011f\u00fcnde hayata ge\u00e7irilen ve \u00fcreticiye umut olan projeler aras\u0131nda yer alan \u201cAvokado Fidan\u0131 Da\u011f\u0131t\u0131m\u0131 Projesi\u201dnin kapsam\u0131 geni\u015fliyor. Tar\u0131msal \u00fcretimi desteklemek ve \u00fcreticileri geliri y\u00fcksek &hellip; <a href=\"https:\/\/akdenizolaygazetesi.com\/?p=14267\" class=\"more-link\">Devam\u0131n\u0131 Oku&#8230;<\/a><\/p>\n","protected":false},"author":2,"featured_media":14268,"comment_status":"open","ping_status":"open","sticky":false,"template":"","format":"standard","meta":[],"categories":[3,5],"tags":[],"_links":{"self":[{"href":"https:\/\/akdenizolaygazetesi.com\/index.php?rest_route=\/wp\/v2\/posts\/14267"}],"collection":[{"href":"https:\/\/akdenizolaygazetesi.com\/index.php?rest_route=\/wp\/v2\/posts"}],"about":[{"href":"https:\/\/akdenizolaygazetesi.com\/index.php?rest_route=\/wp\/v2\/types\/post"}],"author":[{"embeddable":true,"href":"https:\/\/akdenizolaygazetesi.com\/index.php?rest_route=\/wp\/v2\/users\/2"}],"replies":[{"embeddable":true,"href":"https:\/\/akdenizolaygazetesi.com\/index.php?rest_route=%2Fwp%2Fv2%2Fcomments&post=14267"}],"version-history":[{"count":1,"href":"https:\/\/akdenizolaygazetesi.com\/index.php?rest_route=\/wp\/v2\/posts\/14267\/revisions"}],"predecessor-version":[{"id":14269,"href":"https:\/\/akdenizolaygazetesi.com\/index.php?rest_route=\/wp\/v2\/posts\/14267\/revisions\/14269"}],"wp:featuredmedia":[{"embeddable":true,"href":"https:\/\/akdenizolaygazetesi.com\/index.php?rest_route=\/wp\/v2\/media\/14268"}],"wp:attachment":[{"href":"https:\/\/akdenizolaygazetesi.com\/index.php?rest_route=%2Fwp%2Fv2%2Fmedia&parent=14267"}],"wp:term":[{"taxonomy":"category","embeddable":true,"href":"https:\/\/akdenizolaygazetesi.com\/index.php?rest_route=%2Fwp%2Fv2%2Fcategories&post=14267"},{"taxonomy":"post_tag","embeddable":true,"href":"https:\/\/akdenizolaygazetesi.com\/index.php?rest_route=%2Fwp%2Fv2%2Ftags&post=14267"}],"curies":[{"name":"wp","href":"https:\/\/api.w.org\/{rel}","templated":true}]}}