{"id":1427,"date":"2020-11-04T18:22:00","date_gmt":"2020-11-04T15:22:00","guid":{"rendered":"http:\/\/mersinekonomipolitikagazetesi.com\/?p=1427"},"modified":"2020-11-04T18:22:00","modified_gmt":"2020-11-04T15:22:00","slug":"islam-dunyasi-arakan-icin-harekete-gecmelidir","status":"publish","type":"post","link":"https:\/\/akdenizolaygazetesi.com\/?p=1427","title":{"rendered":"&#8220;\u0130slam d\u00fcnyas\u0131 Arakan i\u00e7in harekete ge\u00e7melidir&#8221;"},"content":{"rendered":"<p>Myanmar&#8217;\u0131n Arakan b\u00f6lgesinde M\u00fcsl\u00fcmanlara y\u00f6nelik katliamlara tepki g\u00f6steren Diyanet Sen Mersin \u015eubesi Ba\u015fkan\u0131 Ahmet g\u00f6rg\u00fcl\u00fc, &#8220;\u0130slam d\u00fcnyas\u0131 \u00fclkeleri biran \u00f6nce harekete ge\u00e7melidir&#8221; dedi.<\/p>\n<p class=\"m_-6428374359287178282gmail-MsoNoSpacing\" style=\"color: rgb(34, 34, 34); font-family: arial, sans-serif; font-size: 12.8px;\"><span style=\"font-size: 12.8px;\">Myanmar&#8217;\u0131n Arakan b\u00f6lgesinde devlet g\u00fc\u00e7leri M\u00fcsl\u00fcmanlar\u0131 katlederken tepkiler devam ediyor. Birle\u015fmi\u015f Milletlerin ve bat\u0131l\u0131 \u00fclkelerin katliama sessiz kalmas\u0131n\u0131 ele\u015ftiren Diyanet Sen Mersin \u015eubesi Ba\u015fkan\u0131 Ahmet g\u00f6rg\u00fcl\u00fc, bu anlamda iki y\u00fczl\u00fc davran\u0131ld\u0131\u011f\u0131n\u0131 aktard\u0131.<\/span><\/p>\n<p class=\"m_-6428374359287178282gmail-MsoNoSpacing\" style=\"color: rgb(34, 34, 34); font-family: arial, sans-serif; font-size: 12.8px;\">\u00a0<\/p>\n<p class=\"m_-6428374359287178282gmail-MsoNoSpacing\" style=\"color: rgb(34, 34, 34); font-family: arial, sans-serif; font-size: 12.8px;\">M\u00fcsl\u00fcmanlara yap\u0131lan katliamlar\u0131n bat\u0131l\u0131 g\u00fc\u00e7ler taraf\u0131ndan izlendi\u011fini ifade eden G\u00f6rg\u00fcl\u00fc, &#8220;Ordu g\u00fc\u00e7leri ve Budist rahipler \u00f6nc\u00fcl\u00fc\u011f\u00fcnde \u015fiddeti giderek artan ve yayg\u0131nla\u015fan sald\u0131r\u0131lar sonucunda son \u00fc\u00e7 g\u00fcnde Arakan&#8217;\u0131n \u00e7e\u015fitli k\u00f6ylerinde en az 2-3 bin M\u00fcsl\u00fcman\u0131n katledildi\u011fine ve 100 binden fazla M\u00fcsl\u00fcman&#8217;\u0131n da yerinden edildi\u011fine dair vahim haberler ula\u015f\u0131yor. Gelen haberler katliamlar\u0131n, 2012 ve ge\u00e7en y\u0131l Ekim ay\u0131nda ya\u015fananlar sald\u0131r\u0131lardan daha \u015fiddetli bir hal ald\u0131\u011f\u0131 ve giderek bir soyk\u0131r\u0131ma d\u00f6n\u00fc\u015ft\u00fc\u011f\u00fc y\u00f6n\u00fcnde. Maalesef Banglade\u015f s\u0131n\u0131r\u0131n\u0131n da kapal\u0131 olmas\u0131 nedeniyle y\u00fcz binlerce M\u00fcsl\u00fcman katledilme tehlikesiyle kar\u015f\u0131 kar\u015f\u0131ya.Budist Burma h\u00fck\u00fcmetinin Arakan\u2019daki zul\u00fcmleri 1942 y\u0131l\u0131ndan beri hi\u00e7 durmadan devam ediyor. Her g\u00fcn a\u015fa\u011f\u0131lanan, tacize u\u011frayan, k\u00f6yleri mahalleleri bas\u0131lan Arakanl\u0131lar BM\u2019ye g\u00f6re de bu \u00e7a\u011f\u0131n en mazlum halklar\u0131ndan biri durumunda. Zira Arakan\u2019da ya\u015fanan zul\u00fcm ne d\u00fcnya kamuoyunun g\u00fcndemine girebilmekte ne de \u015fimdiye kadar zulm\u00fc hafifletecek ciddi bir giri\u015fim s\u00f6z konusudur&#8221; dedi.<\/p>\n<p class=\"m_-6428374359287178282gmail-MsoNoSpacing\" style=\"color: rgb(34, 34, 34); font-family: arial, sans-serif; font-size: 12.8px;\">\u00a0<\/p>\n<p class=\"m_-6428374359287178282gmail-MsoNoSpacing\" style=\"color: rgb(34, 34, 34); font-family: arial, sans-serif; font-size: 12.8px;\"><span style=\"text-transform: uppercase;\">&#8220;MALLARINA EL KONULDU VE KADINLARINA TECAV\u00dcZ ED\u0130LD\u0130&#8221;<\/span><\/p>\n<p class=\"m_-6428374359287178282gmail-MsoNoSpacing\" style=\"color: rgb(34, 34, 34); font-family: arial, sans-serif; font-size: 12.8px;\">&#8220;Arakan\u2019l\u0131 M\u00fcsl\u00fcmanlar uzun y\u0131llard\u0131r \u00e7ok y\u00f6nl\u00fc ve derin ayr\u0131mc\u0131l\u0131\u011fa, asimilasyon ve soyk\u0131r\u0131ma tabi tutuluyorlar. M\u00fcsl\u00fcman toplumun \u00f6nderleri, alimleri ve ileri gelenleri katlediliyor&#8221; diyen G\u00f6rg\u00fcl\u00fc, &#8220;Arakanl\u0131 M\u00fcsl\u00fcmanlar bu dayatmalara boyun e\u011fmedik\u00e7e bask\u0131n\u0131n, katliamlar\u0131n, s\u00fcrg\u00fcnlerin dozu art\u0131r\u0131l\u0131yor. 1962 y\u0131l\u0131nda ba\u015flayan kom\u00fcnist d\u00f6nemde 22 y\u0131l boyunca 20 bin Arakanl\u0131 \u00f6ld\u00fcr\u00fcld\u00fc. Mallar\u0131na el konuldu ve kad\u0131nlar\u0131na tecav\u00fcz edildi.1982 y\u0131l\u0131nda Arakanl\u0131 M\u00fcsl\u00fcmanlar\u0131n vatanda\u015fl\u0131klar\u0131 ellerinden al\u0131nd\u0131. Arakanl\u0131lar y\u00fczy\u0131llarca ba\u011f\u0131ms\u0131z olarak ya\u015fad\u0131klar\u0131 \u00f6z vatanlar\u0131nda \u201c\u00f6z yurdunda garip, \u00f6z vatan\u0131nda parya\u201d durumuna d\u00fc\u015f\u00fcr\u00fcld\u00fcler.1990\u2019lardan sonra yeniden ba\u015flayan k\u0131y\u0131m d\u00f6neminde binlerce Arakanl\u0131 \u015fiddete maruz kalarak hayat\u0131n\u0131 kaybetti, 200 bin Arakanl\u0131 Banglade\u015f\u2019e s\u0131\u011f\u0131nd\u0131.2012 y\u0131l\u0131nda yeniden toplu tutuklama, k\u00f6ylerin yak\u0131lmas\u0131, tecav\u00fczler, katliamlar, camilerin yak\u0131lmas\u0131 gibi insanl\u0131k d\u0131\u015f\u0131 muameleler ba\u015flad\u0131. 150 bin ki\u015fi evlerini terk etti. Bu zul\u00fcmler b\u00fct\u00fcn d\u00fcnyan\u0131n sessiz bak\u0131\u015flar\u0131 aras\u0131nda 2016 y\u0131l\u0131nda tekrar etti&#8221; diye konu\u015ftu.<\/p>\n<p class=\"m_-6428374359287178282gmail-MsoNoSpacing\" style=\"color: rgb(34, 34, 34); font-family: arial, sans-serif; font-size: 12.8px;\">\u00a0<\/p>\n<p class=\"m_-6428374359287178282gmail-MsoNoSpacing\" style=\"color: rgb(34, 34, 34); font-family: arial, sans-serif; font-size: 12.8px;\"><span style=\"text-transform: uppercase;\">&#8220;KINAMA FAAL\u0130YETLER\u0130N\u0130N KATL\u0130AMLAR KAR\u015eISINDA H\u0130\u00c7B\u0130R ANLAMI YOK&#8221;<\/span><\/p>\n<p class=\"m_-6428374359287178282gmail-MsoNoSpacing\" style=\"color: rgb(34, 34, 34); font-family: arial, sans-serif; font-size: 12.8px;\">M\u00fcsl\u00fcman \u00fclkelerini bu katliama kar\u015f\u0131 harekete ge\u00e7meye davet eden G\u00f6rg\u00fcl\u00fc konu\u015fmas\u0131n\u0131 \u015fu \u015fekilde tamamlad\u0131: &#8220;Bug\u00fcn say\u0131lar\u0131 5 milyonu a\u015fan Arakanl\u0131lar\u0131n 4 milyonu 1942 y\u0131l\u0131ndan beri uygulanan sistematik bask\u0131 ve zulm\u00fcnden ka\u00e7arak Malezya, Banglade\u015f, Pakistan, Suudi Arabistan, Tayland, Endonezya ve Avrupa\u2019da m\u00fclteci olarak ya\u015f\u0131yor.<\/p>\n<p class=\"m_-6428374359287178282gmail-MsoNoSpacing\" style=\"color: rgb(34, 34, 34); font-family: arial, sans-serif; font-size: 12.8px;\">B\u00fct\u00fcn bunlara kar\u015f\u0131n birka\u00e7 g\u00fc\u00e7l\u00fc devletin \u00e7\u0131karlar\u0131n\u0131 korumaktan ba\u015fka bir i\u015fe yaramayan BM, mazlum milletlerin ya\u015fad\u0131klar\u0131 zul\u00fcmleri k\u0131namak i\u00e7in bile ABD\u2019nin, \u00c7in\u2019in, Rusya\u2019n\u0131n iznine bak\u0131yor.<\/p>\n<p class=\"m_-6428374359287178282gmail-MsoNoSpacing\" style=\"color: rgb(34, 34, 34); font-family: arial, sans-serif; font-size: 12.8px;\">BM ve BMGK taraf\u0131ndan yap\u0131lan tek \u015fey \u00f6l\u00fc ve yaral\u0131lar\u0131 sayarak rapor haz\u0131rlamak. Bu vah\u015fi katliamlar\u0131 engellemek i\u00e7in ise bug\u00fcne kadar en k\u00fc\u00e7\u00fck bir giri\u015fimde bulunulmu\u015f de\u011fil.<\/p>\n<p class=\"m_-6428374359287178282gmail-MsoNoSpacing\" style=\"color: rgb(34, 34, 34); font-family: arial, sans-serif; font-size: 12.8px;\">\u0130nsan haklar\u0131 s\u00f6ylemi \u015fampiyonlu\u011funu kimseye b\u0131rakmayan lafazan Bat\u0131 d\u00fcnyas\u0131 da ya\u015fanan katliamlar\u0131 durdurmaya y\u00f6nelik k\u0131l\u0131n\u0131 k\u0131p\u0131rdatm\u0131yor. Komisyon raporlar\u0131 ve k\u0131nama faaliyetlerinin ise katliamlar kar\u015f\u0131s\u0131nda hi\u00e7bir anlam\u0131 yok.<\/p>\n<p class=\"m_-6428374359287178282gmail-MsoNoSpacing\" style=\"color: rgb(34, 34, 34); font-family: arial, sans-serif; font-size: 12.8px;\">\u00a0<\/p>\n<p class=\"m_-6428374359287178282gmail-MsoNoSpacing\" style=\"color: rgb(34, 34, 34); font-family: arial, sans-serif; font-size: 12.8px;\">Bug\u00fcn d\u00fcnyan\u0131n her yerinde M\u00fcsl\u00fcmanlar b\u00fcy\u00fck zul\u00fcmlere ve katliamlara maruz kal\u0131yor. Buna kar\u015f\u0131n uluslararas\u0131 \u00f6rg\u00fctler ve Bat\u0131 d\u00fcnyas\u0131 \u00e7irkin bir ikiy\u00fczl\u00fcl\u00fck sergiliyor.<\/p>\n<p class=\"m_-6428374359287178282gmail-MsoNoSpacing\" style=\"color: rgb(34, 34, 34); font-family: arial, sans-serif; font-size: 12.8px;\">BM ve di\u011fer uluslararas\u0131 \u00f6rg\u00fctlerin M\u00fcsl\u00fcmanlara y\u00f6nelen zul\u00fcm kar\u015f\u0131s\u0131ndaki sessizli\u011fi mevcut zul\u00fcmleri art\u0131rmakta ve yeni zul\u00fcmlere davetiye \u00e7\u0131karmaktad\u0131r.<\/p>\n<p class=\"m_-6428374359287178282gmail-MsoNoSpacing\" style=\"color: rgb(34, 34, 34); font-family: arial, sans-serif; font-size: 12.8px;\">Ancak hemen \u015funu da eklemeliyiz ki bu zulm\u00fcn di\u011fer bir orta\u011f\u0131 da, kendi milletine uygulanan zul\u00fcm kar\u015f\u0131s\u0131nda sesini y\u00fckseltmek ve \u00e7\u00f6z\u00fcm \u00fcretmek yerine \u00fc\u00e7 maymunu oynamay\u0131 tercih eden \u0130slam d\u00fcnyas\u0131d\u0131r.<\/p>\n<p class=\"m_-6428374359287178282gmail-MsoNoSpacing\" style=\"color: rgb(34, 34, 34); font-family: arial, sans-serif; font-size: 12.8px;\">\u00a0<\/p>\n<p class=\"m_-6428374359287178282gmail-MsoNoSpacing\" style=\"color: rgb(34, 34, 34); font-family: arial, sans-serif; font-size: 12.8px;\"><span style=\"text-transform: uppercase;\">&#8220;F\u0130\u0130L\u0130 DESTEK SUNMAYA \u00c7A\u011eIRIYORUZ&#8221;<\/span><\/p>\n<p class=\"m_-6428374359287178282gmail-MsoNoSpacing\" style=\"color: rgb(34, 34, 34); font-family: arial, sans-serif; font-size: 12.8px;\">\u0130slam d\u00fcnyas\u0131 \u00fclkeleri biran \u00f6nce harekete ge\u00e7melidir. Bu ba\u011flamda \u0130slam \u00fclkeleri h\u00fck\u00fcmetlerini, \u0130slam d\u00fcnyas\u0131ndaki b\u00fct\u00fcn kurumlar\u0131, d\u00fcnyadaki b\u00fct\u00fcn insan haklar\u0131 ve yard\u0131m kurulu\u015flar\u0131n\u0131 gerekli sorumlulu\u011fu almaya, Arakan\u2019\u0131 BM ve di\u011fer \u00f6rg\u00fctler nezdinde d\u00fcnya g\u00fcndemine ta\u015f\u0131maya, sald\u0131r\u0131lar\u0131n durdurulmas\u0131 i\u00e7in Myanmar h\u00fck\u00fcmetine bask\u0131 yapmaya, yan\u0131 s\u0131ra Arakanl\u0131 M\u00fcsl\u00fcmanlara fiili destek sunmaya \u00e7a\u011f\u0131r\u0131yoruz.<\/p>\n<p class=\"m_-6428374359287178282gmail-MsoNoSpacing\" style=\"color: rgb(34, 34, 34); font-family: arial, sans-serif; font-size: 12.8px;\">Bizler Diyanet Sen olarak, Myanmar h\u00fck\u00fcmetini ve sessiz kalan her kurum ve \u00fclkeyi k\u0131n\u0131yoruz.&#8221;<\/p>\n","protected":false},"excerpt":{"rendered":"<p>Myanmar&#8217;\u0131n Arakan b\u00f6lgesinde M\u00fcsl\u00fcmanlara y\u00f6nelik katliamlara tepki g\u00f6steren Diyanet Sen Mersin \u015eubesi Ba\u015fkan\u0131 Ahmet g\u00f6rg\u00fcl\u00fc, &#8220;\u0130slam d\u00fcnyas\u0131 \u00fclkeleri biran \u00f6nce harekete ge\u00e7melidir&#8221; dedi. Myanmar&#8217;\u0131n Arakan b\u00f6lgesinde devlet g\u00fc\u00e7leri M\u00fcsl\u00fcmanlar\u0131 katlederken &hellip; <a href=\"https:\/\/akdenizolaygazetesi.com\/?p=1427\" class=\"more-link\">Devam\u0131n\u0131 Oku&#8230;<\/a><\/p>\n","protected":false},"author":1,"featured_media":0,"comment_status":"open","ping_status":"open","sticky":false,"template":"","format":"standard","meta":[],"categories":[],"tags":[],"_links":{"self":[{"href":"https:\/\/akdenizolaygazetesi.com\/index.php?rest_route=\/wp\/v2\/posts\/1427"}],"collection":[{"href":"https:\/\/akdenizolaygazetesi.com\/index.php?rest_route=\/wp\/v2\/posts"}],"about":[{"href":"https:\/\/akdenizolaygazetesi.com\/index.php?rest_route=\/wp\/v2\/types\/post"}],"author":[{"embeddable":true,"href":"https:\/\/akdenizolaygazetesi.com\/index.php?rest_route=\/wp\/v2\/users\/1"}],"replies":[{"embeddable":true,"href":"https:\/\/akdenizolaygazetesi.com\/index.php?rest_route=%2Fwp%2Fv2%2Fcomments&post=1427"}],"version-history":[{"count":0,"href":"https:\/\/akdenizolaygazetesi.com\/index.php?rest_route=\/wp\/v2\/posts\/1427\/revisions"}],"wp:attachment":[{"href":"https:\/\/akdenizolaygazetesi.com\/index.php?rest_route=%2Fwp%2Fv2%2Fmedia&parent=1427"}],"wp:term":[{"taxonomy":"category","embeddable":true,"href":"https:\/\/akdenizolaygazetesi.com\/index.php?rest_route=%2Fwp%2Fv2%2Fcategories&post=1427"},{"taxonomy":"post_tag","embeddable":true,"href":"https:\/\/akdenizolaygazetesi.com\/index.php?rest_route=%2Fwp%2Fv2%2Ftags&post=1427"}],"curies":[{"name":"wp","href":"https:\/\/api.w.org\/{rel}","templated":true}]}}