{"id":14270,"date":"2021-09-22T13:09:03","date_gmt":"2021-09-22T10:09:03","guid":{"rendered":"http:\/\/akdenizolaygazetesi.com\/?p=14270"},"modified":"2021-09-22T13:09:03","modified_gmt":"2021-09-22T10:09:03","slug":"hareketlilik-haftasi-cevrilen-pedallarla-kutlaniyor","status":"publish","type":"post","link":"https:\/\/akdenizolaygazetesi.com\/?p=14270","title":{"rendered":"HAREKETL\u0130L\u0130K HAFTASI \u00c7EVR\u0130LEN PEDALLARLA KUTLANIYOR"},"content":{"rendered":"<p>Mersin B\u00fcy\u00fck\u015fehir Belediyesi Gen\u00e7lik ve Spor Hizmetleri Dairesi\u2019nin koordinesinde yap\u0131lan 16-22 Eyl\u00fcl Avrupa Hareketlilik Haftas\u0131 programlar\u0131 bisiklet turlar\u0131yla s\u00fcrd\u00fc. Hareketin \u00f6neminin vurguland\u0131\u011f\u0131 turda, \u015fehrin ana arterleri bisikletlerle gezildi.<\/p>\n<p>Bu y\u0131l \u2018S\u00fcrd\u00fcr\u00fclebilir Ula\u015f\u0131m: Sa\u011fl\u0131kl\u0131 ve G\u00fcvenli Hareketlilik\u2019 temas\u0131yla ger\u00e7ekle\u015ftirilen hafta kapsam\u0131nda, \u015fehir merkezinde d\u00fczenlenen bisiklet turunda ilk pedal\u0131 \u00e7eviren Gen\u00e7lik ve Spor Hizmetleri Dairesi Ba\u015fkan\u0131 Ahmet Tarak\u00e7\u0131 oldu. Mersin Bisikletli Gezginler Derne\u011fi ve Mersin Bisiklet Derne\u011fi \u00fcyelerinin bisikletleri ile renk katt\u0131\u011f\u0131 etkinlik Ta\u015f Bina \u00f6n\u00fcnde ba\u015flad\u0131. Sakarya Caddesi, \u0130stiklal Caddesi, Kuva-i Milliye Caddesi ve Cengiz Topel Caddesi g\u00fczergah\u0131nda devam eden etkinlik Ta\u015f Bina \u00f6n\u00fcnde son buldu.<\/p>\n<p>Merkezde ger\u00e7ekle\u015ftirilen bisiklet etkinli\u011fine B\u00fcy\u00fck\u015fehir Belediyesi Genel Sekreter Vekili Olcay Tok, B\u00fcy\u00fck\u015fehir Belediyesi Ba\u015fkan Dan\u0131\u015fman\u0131 Ertan Liman, Genel Sekreter Yard\u0131mc\u0131lar\u0131 Ali R\u0131za \u00d6zdemir ve Hasan G\u00f6kbel, B\u00fcy\u00fck\u015fehir Belediyesi b\u00fcrokratlar\u0131 ve daire ba\u015fkanlar\u0131 kat\u0131ld\u0131.<\/p>\n<p>Tarsus\u2019un caddeleri de bisiklet turlar\u0131yla canland\u0131<\/p>\n<p>Tarsus\u2019ta yap\u0131lan bisiklet turu ise Atat\u00fcrk Caddesi Tu\u011fral\u0131 kav\u015faktan ba\u015flad\u0131. Rasim Dokur Bulvar\u0131, Langen Bulvar\u0131, Kleopatra Kap\u0131s\u0131, \u015eahmeran Heykeli\u2019nin oldu\u011fu Makam meydan\u0131 ve kentin bir\u00e7ok caddesinden ge\u00e7erek pedallar\u0131n \u00e7evrildi\u011fi tur, Cumhuriyet Meydan\u0131 Atat\u00fcrk an\u0131t\u0131 \u00f6n\u00fcnde son buldu. Bisikletlerinin zillerini \u00e7alarak caddelerde ilerleyen kat\u0131l\u0131mc\u0131lara, vatanda\u015flar da el sallayarak destek verdi. \u00c7ocuklar\u0131n da yer ald\u0131\u011f\u0131 etkinlikte Tarsus sokaklar\u0131 bisikletlilerle renklendi.<\/p>\n<p>Etkinli\u011fe, B\u00fcy\u00fck\u015fehir Belediyesi Gen\u00e7lik ve Spor Hizmetleri Daire Ba\u015fkan\u0131 Ahmet Tarak\u00e7\u0131, B\u00fcy\u00fck\u015fehir Belediyesi Koordinasyon M\u00fcd\u00fcr\u00fc Soner Yetgin, CHP Tarsus \u0130l\u00e7e Ba\u015fkan\u0131 Ozan Varal, Tarsus Kent Konseyi Bisiklet Toplulu\u011fu Lideri G\u00f6khan \u00d6zberk, topluluk \u00fcyesi bisiklet\u00e7iler ve vatanda\u015flar kat\u0131ld\u0131.<\/p>\n<p>\u201cK\u0131sa mesafelere arabayla de\u011fil bisikletle gitsinler\u201d<\/p>\n<p>Tarsus Kent Konseyi Bisiklet Toplulu\u011fu Lideri G\u00f6khan \u00d6zberk, Tarsus\u2019ta bisiklet k\u00fclt\u00fcr\u00fcn\u00fc geli\u015ftirmek i\u00e7in bir\u00e7ok etkinlik d\u00fczenlediklerini ifade etti. B\u00fcy\u00fck\u015fehir Belediyesi\u2019nin d\u00fczenledi\u011fi etkinli\u011fi de\u011ferlendirerek, vatanda\u015flar\u0131 bisikletle ula\u015f\u0131ma davet eden \u00d6zberk,  \u201cB\u00fct\u00fcn insanlara, arkada\u015flar\u0131m\u0131za, dostlar\u0131m\u0131za y\u0131lda bir g\u00fcn de olsa i\u015flerine, evlerine, pazara ya da nereye gidiyorlarsa 7 kilometreye kadar olan mesafelere arabayla de\u011fil bisikletle gitmelerini tavsiye ediyoruz\u201d dedi.<\/p>\n","protected":false},"excerpt":{"rendered":"<p>Mersin B\u00fcy\u00fck\u015fehir Belediyesi Gen\u00e7lik ve Spor Hizmetleri Dairesi\u2019nin koordinesinde yap\u0131lan 16-22 Eyl\u00fcl Avrupa Hareketlilik Haftas\u0131 programlar\u0131 bisiklet turlar\u0131yla s\u00fcrd\u00fc. Hareketin \u00f6neminin vurguland\u0131\u011f\u0131 turda, \u015fehrin ana arterleri bisikletlerle gezildi. Bu y\u0131l &hellip; <a href=\"https:\/\/akdenizolaygazetesi.com\/?p=14270\" class=\"more-link\">Devam\u0131n\u0131 Oku&#8230;<\/a><\/p>\n","protected":false},"author":2,"featured_media":14271,"comment_status":"open","ping_status":"open","sticky":false,"template":"","format":"standard","meta":[],"categories":[2,3,5],"tags":[],"_links":{"self":[{"href":"https:\/\/akdenizolaygazetesi.com\/index.php?rest_route=\/wp\/v2\/posts\/14270"}],"collection":[{"href":"https:\/\/akdenizolaygazetesi.com\/index.php?rest_route=\/wp\/v2\/posts"}],"about":[{"href":"https:\/\/akdenizolaygazetesi.com\/index.php?rest_route=\/wp\/v2\/types\/post"}],"author":[{"embeddable":true,"href":"https:\/\/akdenizolaygazetesi.com\/index.php?rest_route=\/wp\/v2\/users\/2"}],"replies":[{"embeddable":true,"href":"https:\/\/akdenizolaygazetesi.com\/index.php?rest_route=%2Fwp%2Fv2%2Fcomments&post=14270"}],"version-history":[{"count":1,"href":"https:\/\/akdenizolaygazetesi.com\/index.php?rest_route=\/wp\/v2\/posts\/14270\/revisions"}],"predecessor-version":[{"id":14272,"href":"https:\/\/akdenizolaygazetesi.com\/index.php?rest_route=\/wp\/v2\/posts\/14270\/revisions\/14272"}],"wp:featuredmedia":[{"embeddable":true,"href":"https:\/\/akdenizolaygazetesi.com\/index.php?rest_route=\/wp\/v2\/media\/14271"}],"wp:attachment":[{"href":"https:\/\/akdenizolaygazetesi.com\/index.php?rest_route=%2Fwp%2Fv2%2Fmedia&parent=14270"}],"wp:term":[{"taxonomy":"category","embeddable":true,"href":"https:\/\/akdenizolaygazetesi.com\/index.php?rest_route=%2Fwp%2Fv2%2Fcategories&post=14270"},{"taxonomy":"post_tag","embeddable":true,"href":"https:\/\/akdenizolaygazetesi.com\/index.php?rest_route=%2Fwp%2Fv2%2Ftags&post=14270"}],"curies":[{"name":"wp","href":"https:\/\/api.w.org\/{rel}","templated":true}]}}