{"id":14273,"date":"2021-09-22T13:11:15","date_gmt":"2021-09-22T10:11:15","guid":{"rendered":"http:\/\/akdenizolaygazetesi.com\/?p=14273"},"modified":"2021-09-22T13:11:15","modified_gmt":"2021-09-22T10:11:15","slug":"buyuksehir-yas-almislari-alzheimera-karsi-bilgilendirdi","status":"publish","type":"post","link":"https:\/\/akdenizolaygazetesi.com\/?p=14273","title":{"rendered":"B\u00dcY\u00dcK\u015eEH\u0130R, YA\u015e ALMI\u015eLARI ALZHE\u0130MERA KAR\u015eI B\u0130LG\u0130LEND\u0130RD\u0130"},"content":{"rendered":"<p>Mersin B\u00fcy\u00fck\u015fehir Belediyesi, 21 Eyl\u00fcl D\u00fcnya Alzheimer G\u00fcn\u00fc\u2019nde de ya\u015f alm\u0131\u015f yurtta\u015flar\u0131n yan\u0131nda yer ald\u0131. Engelliler ve Sa\u011fl\u0131k Hizmetleri Dairesi taraf\u0131ndan ya\u015f alm\u0131\u015f vatanda\u015flarda s\u0131kl\u0131kla g\u00f6r\u00fclen Alzheimer hastal\u0131\u011f\u0131n\u0131n etkilerine ve erken te\u015fhisin \u00f6nemine vurgu yapmak i\u00e7in Emekli Evi \u00fcyelerine y\u00f6nelik etkinlik d\u00fczenledi. Mersin Merkez ve Tarsus Emekli Evi\u2019nde yap\u0131lan etkinlikte, \u00fcyeler Alzheimer hastal\u0131\u011f\u0131 konusunda bilgilendirildi.<\/p>\n<p>Hastal\u0131\u011f\u0131n belirtileri ve erken te\u015fhisin \u00f6nemi anlat\u0131ld\u0131<\/p>\n<p>Etkinlikte, B\u00fcy\u00fck\u015fehir Belediyesi Engelliler ve Sa\u011fl\u0131k Hizmetleri Dairesi\u2019nde g\u00f6revli Uzman Psikolog Merve Tokg\u00f6z ve Gerontolog Cihan Tanr\u0131verdi, Alzheimer konusunda ya\u015f alm\u0131\u015f yurtta\u015flara bilgilendirmelerde bulundu. Hastal\u0131\u011f\u0131n belirtileri, korunma y\u00f6ntemleri ve erken te\u015fhisin \u00f6neminin anlat\u0131ld\u0131\u011f\u0131 etkinlikte, Alzheimer hastalar\u0131na bak\u0131m verenlerin ya\u015fad\u0131\u011f\u0131 zorluklara da de\u011finildi.<\/p>\n<p>Kat\u0131l\u0131mc\u0131lara mini-mental de\u011ferlendirme testi uyguland\u0131<\/p>\n<p>Engelliler ve Sa\u011fl\u0131k Hizmetleri Dairesi\u2019nde g\u00f6revli Uzman Klinik Psikolog Y\u00fccel \u015eavkl\u0131 ve Uzman Psikolog Merve Tokg\u00f6z bilgilendirme sonras\u0131 kat\u0131l\u0131mc\u0131lara y\u00f6nelik Alzheimer de\u011ferlendirmesi kapsam\u0131nda mini-mental durum de\u011ferlendirme testi uygulad\u0131. Etkinlik s\u0131ras\u0131nda de\u011ferlendirilen test sonucu \u00fczerine kat\u0131l\u0131mc\u0131larla yap\u0131lan birebir g\u00f6r\u00fc\u015fmelerde bilgilendirme ve y\u00f6nlendirme yap\u0131ld\u0131.<\/p>\n<p>\u201cAlzheimer ile ilgili yol g\u00f6sterici haritam\u0131z\u0131 payla\u015ft\u0131k\u201d<\/p>\n<p>Etkinlikte ya\u015f alm\u0131\u015flar\u0131 bilgilendiren Uzman Psikolog Merve Tokg\u00f6z, Alzheimer hastalar\u0131na bak\u0131m verenlerin kar\u015f\u0131la\u015ft\u0131\u011f\u0131 zorluklar\u0131 da anlatt\u0131. Pandemi ko\u015fullar\u0131n\u0131n Alzheimer hastal\u0131\u011f\u0131n\u0131n ge\u00e7i\u015f evrelerini h\u0131zland\u0131rd\u0131\u011f\u0131n\u0131 ifade eden Tokg\u00f6z, \u201cEvden \u00e7\u0131kmayan hastalar pandeminin etkisi ile birlikte daha da evin i\u00e7erisinde oldular. Hastal\u0131\u011f\u0131n evrelerinin de\u011fi\u015fmesi, evrelerin saptanmas\u0131 daha da h\u0131zland\u0131. Bu evrelere nas\u0131l yakaland\u0131\u011f\u0131n\u0131, bu evrelerle nas\u0131l m\u00fccadele edilece\u011fini anlatt\u0131k ve Alzheimer ile ilgili yol g\u00f6sterici haritam\u0131z\u0131 payla\u015ft\u0131k\u201d dedi.<\/p>\n<p>\u201c\u00c7a\u011f\u0131m\u0131z\u0131n en b\u00fcy\u00fck vebalar\u0131ndan biri diyebilece\u011fimiz bir rahats\u0131zl\u0131k Alzheimer\u201d<\/p>\n<p>Alzheimer konusunda fark\u0131ndal\u0131k olu\u015fturmak i\u00e7in ya\u015f alm\u0131\u015f vatanda\u015flar ile uzmanlar\u0131 bir araya getirdiklerini ifade eden Mersin Emekli Evi sorumlusu G\u00fcl\u015fah Arslan, \u201cAlzheimere dikkat \u00e7ekmek istedik. Art\u0131k \u00e7a\u011f\u0131m\u0131z\u0131n en b\u00fcy\u00fck vebalar\u0131ndan biri diyebilece\u011fimiz bir rahats\u0131zl\u0131k Alzheimer. Hem hasta olana hem hasta yak\u0131n\u0131na olduk\u00e7a s\u0131k\u0131nt\u0131l\u0131 s\u00fcre\u00e7leri ya\u015fatan bir durum\u201d diye konu\u015ftu.<\/p>\n<p>\u201cAlzheimer\u2019\u0131n nas\u0131l ba\u015flad\u0131\u011f\u0131n\u0131, nas\u0131l geli\u015fti\u011fini ilgililerden \u00f6\u011frendik\u201d<\/p>\n<p>Etkinli\u011fe kat\u0131lan Emekli Evi \u00fcyesi, emekli \u00f6\u011fretmen Mehmet Ali O\u011fuzhan, payla\u015f\u0131lan bilgilerin kendileri i\u00e7in \u00f6nemli oldu\u011funa de\u011finerek, \u201cAlzheimer\u2019\u0131n nas\u0131l ba\u015flad\u0131\u011f\u0131n\u0131, nas\u0131l geli\u015fti\u011fini ilgililerden \u00f6\u011frendik. \u00c7ok faydal\u0131 oldu. Bu etkinli\u011fi d\u00fczenleyenlere te\u015fekk\u00fcr ediyoruz. \u00c7ok g\u00fczel, yerinde bir etkinlik\u201d dedi.<\/p>\n","protected":false},"excerpt":{"rendered":"<p>Mersin B\u00fcy\u00fck\u015fehir Belediyesi, 21 Eyl\u00fcl D\u00fcnya Alzheimer G\u00fcn\u00fc\u2019nde de ya\u015f alm\u0131\u015f yurtta\u015flar\u0131n yan\u0131nda yer ald\u0131. Engelliler ve Sa\u011fl\u0131k Hizmetleri Dairesi taraf\u0131ndan ya\u015f alm\u0131\u015f vatanda\u015flarda s\u0131kl\u0131kla g\u00f6r\u00fclen Alzheimer hastal\u0131\u011f\u0131n\u0131n etkilerine ve &hellip; <a href=\"https:\/\/akdenizolaygazetesi.com\/?p=14273\" class=\"more-link\">Devam\u0131n\u0131 Oku&#8230;<\/a><\/p>\n","protected":false},"author":2,"featured_media":14274,"comment_status":"open","ping_status":"open","sticky":false,"template":"","format":"standard","meta":[],"categories":[1,3,5],"tags":[],"_links":{"self":[{"href":"https:\/\/akdenizolaygazetesi.com\/index.php?rest_route=\/wp\/v2\/posts\/14273"}],"collection":[{"href":"https:\/\/akdenizolaygazetesi.com\/index.php?rest_route=\/wp\/v2\/posts"}],"about":[{"href":"https:\/\/akdenizolaygazetesi.com\/index.php?rest_route=\/wp\/v2\/types\/post"}],"author":[{"embeddable":true,"href":"https:\/\/akdenizolaygazetesi.com\/index.php?rest_route=\/wp\/v2\/users\/2"}],"replies":[{"embeddable":true,"href":"https:\/\/akdenizolaygazetesi.com\/index.php?rest_route=%2Fwp%2Fv2%2Fcomments&post=14273"}],"version-history":[{"count":1,"href":"https:\/\/akdenizolaygazetesi.com\/index.php?rest_route=\/wp\/v2\/posts\/14273\/revisions"}],"predecessor-version":[{"id":14275,"href":"https:\/\/akdenizolaygazetesi.com\/index.php?rest_route=\/wp\/v2\/posts\/14273\/revisions\/14275"}],"wp:featuredmedia":[{"embeddable":true,"href":"https:\/\/akdenizolaygazetesi.com\/index.php?rest_route=\/wp\/v2\/media\/14274"}],"wp:attachment":[{"href":"https:\/\/akdenizolaygazetesi.com\/index.php?rest_route=%2Fwp%2Fv2%2Fmedia&parent=14273"}],"wp:term":[{"taxonomy":"category","embeddable":true,"href":"https:\/\/akdenizolaygazetesi.com\/index.php?rest_route=%2Fwp%2Fv2%2Fcategories&post=14273"},{"taxonomy":"post_tag","embeddable":true,"href":"https:\/\/akdenizolaygazetesi.com\/index.php?rest_route=%2Fwp%2Fv2%2Ftags&post=14273"}],"curies":[{"name":"wp","href":"https:\/\/api.w.org\/{rel}","templated":true}]}}