{"id":14277,"date":"2021-09-22T13:17:18","date_gmt":"2021-09-22T10:17:18","guid":{"rendered":"http:\/\/akdenizolaygazetesi.com\/?p=14277"},"modified":"2021-09-22T13:17:18","modified_gmt":"2021-09-22T10:17:18","slug":"genclerin-yararlanabilecegi-bir-bilim-merkezini-hayata-gecirecegiz","status":"publish","type":"post","link":"https:\/\/akdenizolaygazetesi.com\/?p=14277","title":{"rendered":"&#8216;Gen\u00e7lerin yararlanabilece\u011fi bir bilim merkezini hayata ge\u00e7irece\u011fiz&#8217;"},"content":{"rendered":"<p>Akdeniz Belediye Ba\u015fkan\u0131 M. Mustafa G\u00fcltak, haftal\u0131k olarak ger\u00e7ekle\u015ftirdi\u011fi mahalle ziyaretleri kapsam\u0131nda G\u00fcndo\u011fdu Mahalle Muhtar\u0131 Abdurrahim Uysal ve vatanda\u015flarla bir araya geldi. G\u00fcltak, G\u00fcndo\u011fdu Mahallesi&#8217;nde Mersinli t\u00fcm gen\u00e7lerin yararlanabilece\u011fi bir bilim merkezini hayata ge\u00e7ireceklerini belirtti.<br \/>\nG\u00f6reve geldi\u011fi g\u00fcnden bug\u00fcne kadar s\u00fcrd\u00fcrd\u00fc\u011f\u00fc haftal\u0131k mahalle ziyaretleri kapsam\u0131nda bu hafta G\u00fcndo\u011fdu Mahallesi&#8217;ni ziyaret eden Akdeniz Belediye Ba\u015fkan\u0131 M. Mustafa G\u00fcltak, Akdeniz&#8217;in k\u00f6kl\u00fc sorunlar\u0131 oldu\u011funu ve bu sorunlar\u0131n y\u0131llard\u0131r hal\u0131n\u0131n alt\u0131na s\u00fcp\u00fcr\u00fcld\u00fc\u011f\u00fcn\u00fc ifade etti. Akdeniz&#8217;in en b\u00fcy\u00fck sorunlar\u0131ndan bir tanesinin imar, di\u011ferinin \u00e7arp\u0131k yap\u0131la\u015fma, altyap\u0131 s\u0131k\u0131nt\u0131lar\u0131 ve \u00fcstyap\u0131, kald\u0131r\u0131m \u00e7al\u0131\u015fmalar\u0131 oldu\u011funu s\u00f6yledi.<br \/>\nSorunlar\u0131n \u00e7\u00f6z\u00fcm\u00fc i\u00e7in k\u0131sa s\u00fcrede iyi bir mesafe kat ettiklerini vurgulayan Ba\u015fkan G\u00fcltak, &#8220;Maalesef Akdeniz\u2019in alt yap\u0131s\u0131 50\u2019lerden 60\u2019lardan kalma. 20-25 y\u0131ld\u0131r do\u011fru d\u00fcr\u00fcst asfalt ve kald\u0131r\u0131m \u00e7al\u0131\u015fmas\u0131 yap\u0131lmam\u0131\u015f, 40-50 y\u0131ld\u0131r da ka\u00e7ak yap\u0131la\u015fmaya izin verilmi\u015f, \u00e7arp\u0131k bir kent ortaya \u00e7\u0131km\u0131\u015f. Bunlar\u0131n g\u00fcnah\u0131n\u0131 hep birlikte \u00e7ekiyoruz. \u00c7ay Mahallesi\u2019nde Cumhurba\u015fkan\u0131m\u0131z\u0131n da m\u00fcjdesini verdi\u011fi gibi insanlar y\u0131lba\u015f\u0131nda yava\u015f yava\u015f takas y\u00f6ntemiyle evlerine ge\u00e7ecekler. D\u00fcn de bar\u0131\u015f mahallesinde anla\u015fmaya vard\u0131\u011f\u0131m\u0131z vatanda\u015flar\u0131m\u0131z\u0131n evlerini y\u0131kmaya ba\u015flad\u0131k. Y\u0131lba\u015f\u0131ndan sonra o b\u00f6lgemizi de y\u00fcklenici firmaya teslim edece\u011fiz, onlar da temelleri atmaya ba\u015flayacak. 1.5 2 y\u0131l i\u00e7erisinde de Bar\u0131\u015f Mahallesi yepyeni bir g\u00f6r\u00fcn\u00fcme kavu\u015fturaca\u011f\u0131z\u201d dedi.<br \/>\nG\u00fcndo\u011fdu Mahallesi&#8217;ne &#8220;bilim merkezi&#8221; kuracaklar\u0131n\u0131 kaydeden G\u00fcltak, &#8220;Akdeniz Kaymakaml\u0131\u011f\u0131, \u0130l\u00e7e Milli E\u011fitim M\u00fcd\u00fcrl\u00fc\u011f\u00fc ve Akdeniz Belediyesi i\u015fbirli\u011fi ile Mersin\u2019in ilk ve tek \u201cBilim Merkezini\u201d yapaca\u011f\u0131z. Bununla ilgili alt yap\u0131 \u00e7al\u0131\u015fmalar\u0131m\u0131z\u0131 h\u0131zland\u0131rd\u0131k. \u0130lerleyen s\u00fcre\u00e7te projemiz hayata ge\u00e7ecek. \u00c7ocuklar\u0131m\u0131z buraya geldi\u011finde, uzay\u0131 g\u00f6rece\u011fi gibi, \u00e7ekici de g\u00f6recek, bir at\u00f6lye gibi d\u00fc\u015f\u00fcn\u00fcn. Hayat\u0131nda i\u015fine yarayacak her \u015feyi bu merkezde onu g\u00f6recek. Buraya farkl\u0131 il\u00e7elerden bir \u00e7ok gencimiz gelecek ve e\u011fitimleri alabilecek. Ayr\u0131ca, mahallenin asfalt sorunlar\u0131n\u0131 da gelecek y\u0131l tamamen \u00e7\u00f6zece\u011fiz. Gelecek y\u0131l asfalt y\u0131l\u0131 olacak&#8221; ifadelerini kulland\u0131.<br \/>\n\u00c7ay Mahallesi\u2019ndeki asfalt sorunu ile ilgili de konu\u015fan G\u00fcltak \u015funlar\u0131 s\u00f6yledi:<br \/>\n&#8220;\u00c7ay Mahallesi ile ilgili yapt\u0131\u011f\u0131m\u0131z toplant\u0131lar\u0131n sonucunda ve b\u00fcy\u00fck\u015fehirde yapt\u0131\u011f\u0131m\u0131z bask\u0131lar sonucunda, 13 kilometrelik bir s\u0131cak asfalt \u00e7al\u0131\u015fmas\u0131n\u0131n ba\u015flad\u0131\u011f\u0131n\u0131 \u00f6\u011frendim, \u015f\u00fck\u00fcrler olsun. Hani daha i\u015f bitmemi\u015fti, hani sorunlar vard\u0131 asfalt yap\u0131lamazd\u0131. Bunlar\u0131n hepsi de bo\u015fa d\u00fc\u015fm\u00fc\u015f oldu. Demek ki bask\u0131lar\u0131m\u0131z sonu\u00e7 verdi.&#8221; <\/p>\n","protected":false},"excerpt":{"rendered":"<p>Akdeniz Belediye Ba\u015fkan\u0131 M. Mustafa G\u00fcltak, haftal\u0131k olarak ger\u00e7ekle\u015ftirdi\u011fi mahalle ziyaretleri kapsam\u0131nda G\u00fcndo\u011fdu Mahalle Muhtar\u0131 Abdurrahim Uysal ve vatanda\u015flarla bir araya geldi. G\u00fcltak, G\u00fcndo\u011fdu Mahallesi&#8217;nde Mersinli t\u00fcm gen\u00e7lerin yararlanabilece\u011fi bir &hellip; <a href=\"https:\/\/akdenizolaygazetesi.com\/?p=14277\" class=\"more-link\">Devam\u0131n\u0131 Oku&#8230;<\/a><\/p>\n","protected":false},"author":2,"featured_media":14278,"comment_status":"open","ping_status":"open","sticky":false,"template":"","format":"standard","meta":[],"categories":[2,3,5,6],"tags":[],"_links":{"self":[{"href":"https:\/\/akdenizolaygazetesi.com\/index.php?rest_route=\/wp\/v2\/posts\/14277"}],"collection":[{"href":"https:\/\/akdenizolaygazetesi.com\/index.php?rest_route=\/wp\/v2\/posts"}],"about":[{"href":"https:\/\/akdenizolaygazetesi.com\/index.php?rest_route=\/wp\/v2\/types\/post"}],"author":[{"embeddable":true,"href":"https:\/\/akdenizolaygazetesi.com\/index.php?rest_route=\/wp\/v2\/users\/2"}],"replies":[{"embeddable":true,"href":"https:\/\/akdenizolaygazetesi.com\/index.php?rest_route=%2Fwp%2Fv2%2Fcomments&post=14277"}],"version-history":[{"count":1,"href":"https:\/\/akdenizolaygazetesi.com\/index.php?rest_route=\/wp\/v2\/posts\/14277\/revisions"}],"predecessor-version":[{"id":14279,"href":"https:\/\/akdenizolaygazetesi.com\/index.php?rest_route=\/wp\/v2\/posts\/14277\/revisions\/14279"}],"wp:featuredmedia":[{"embeddable":true,"href":"https:\/\/akdenizolaygazetesi.com\/index.php?rest_route=\/wp\/v2\/media\/14278"}],"wp:attachment":[{"href":"https:\/\/akdenizolaygazetesi.com\/index.php?rest_route=%2Fwp%2Fv2%2Fmedia&parent=14277"}],"wp:term":[{"taxonomy":"category","embeddable":true,"href":"https:\/\/akdenizolaygazetesi.com\/index.php?rest_route=%2Fwp%2Fv2%2Fcategories&post=14277"},{"taxonomy":"post_tag","embeddable":true,"href":"https:\/\/akdenizolaygazetesi.com\/index.php?rest_route=%2Fwp%2Fv2%2Ftags&post=14277"}],"curies":[{"name":"wp","href":"https:\/\/api.w.org\/{rel}","templated":true}]}}