{"id":1428,"date":"2020-11-04T18:22:00","date_gmt":"2020-11-04T15:22:00","guid":{"rendered":"http:\/\/mersinekonomipolitikagazetesi.com\/?p=1428"},"modified":"2020-11-04T18:22:00","modified_gmt":"2020-11-04T15:22:00","slug":"av-yasagi-bitince-tezgahlar-balik-doldu","status":"publish","type":"post","link":"https:\/\/akdenizolaygazetesi.com\/?p=1428","title":{"rendered":"Av yasa\u011f\u0131 bitince tezgahlar bal\u0131k doldu"},"content":{"rendered":"<p>15 Nisan&#8217;da t\u00fcm k\u0131y\u0131larda ba\u015flayan av yasa\u011f\u0131, 1 Eyl\u00fcl itibariyle sona ererken tezgahlarda bal\u0131k bollu\u011fu ya\u015fanmaya ba\u015flad\u0131.<\/p>\n<blockquote type=\"cite\">\n<div dir=\"ltr\">\n<p>\u00a0<\/p>\n<p>\u00a0<\/p>\n<p><span style=\"color:#000000;\">15 Nisan&#8217;da ba\u015flayan av yasa\u011f\u0131n\u0131n kalkmas\u0131yla bal\u0131k\u00e7\u0131lar denizlere ak\u0131n etti. Av yasa\u011f\u0131n\u0131n kalkmas\u0131n\u0131n bayrama denk gelmesiyle denizlere a\u00e7\u0131lmayan bal\u0131k\u00e7\u0131lar son iki g\u00fcn yo\u011fun \u015fekilde bal\u0131k av\u0131na \u00e7\u0131kmaya ba\u015flad\u0131. A\u011flara tak\u0131lan bal\u0131klar\u0131n Mersin Bal\u0131k\u00e7\u0131lar Pazar\u0131\u2019ndaki yerini almas\u0131yla t\u00fcketicinin de y\u00fcz\u00fc g\u00fclmeye ba\u015flad\u0131.<\/span><\/p>\n<p>\u00a0<\/p>\n<p><span style=\"color:#000000;\">F\u0130YATLAR UYGUN<\/span><\/p>\n<p><span style=\"color:#000000;\">Bal\u0131k\u00e7\u0131lar daha \u00e7ok bal\u0131k yakalad\u0131klar\u0131 trol avc\u0131l\u0131\u011f\u0131 i\u00e7in 15 Eyl\u00fcl\u2019de bitecek olan trol yasa\u011f\u0131n\u0131 bekliyor. 15 Eyl\u00fcl&#8217;den sonra bal\u0131k fiyatlar\u0131n\u0131n daha fazla d\u00fc\u015fece\u011fini s\u00f6yleyen bal\u0131k\u00e7\u0131lar, barbunya ve \u00e7upra\u2019n\u0131n kilosunun 10 lira civar\u0131, sardalyan\u0131n ise 5 lira\u2019dan sat\u0131ld\u0131\u011f\u0131n\u0131 belirttiler.<\/span><\/p>\n<p><span style=\"color:#000000;\">Havalar\u0131n serinlemeye ba\u015flamas\u0131yla bal\u0131k fiyatlar\u0131n\u0131n y\u00fckselmeye ba\u015flamas\u0131 bekleniyor<\/span><\/div>\n<\/blockquote>\n","protected":false},"excerpt":{"rendered":"<p>15 Nisan&#8217;da t\u00fcm k\u0131y\u0131larda ba\u015flayan av yasa\u011f\u0131, 1 Eyl\u00fcl itibariyle sona ererken tezgahlarda bal\u0131k bollu\u011fu ya\u015fanmaya ba\u015flad\u0131. \u00a0 \u00a0 15 Nisan&#8217;da ba\u015flayan av yasa\u011f\u0131n\u0131n kalkmas\u0131yla bal\u0131k\u00e7\u0131lar denizlere ak\u0131n etti. Av &hellip; <a href=\"https:\/\/akdenizolaygazetesi.com\/?p=1428\" class=\"more-link\">Devam\u0131n\u0131 Oku&#8230;<\/a><\/p>\n","protected":false},"author":1,"featured_media":0,"comment_status":"open","ping_status":"open","sticky":false,"template":"","format":"standard","meta":[],"categories":[],"tags":[],"_links":{"self":[{"href":"https:\/\/akdenizolaygazetesi.com\/index.php?rest_route=\/wp\/v2\/posts\/1428"}],"collection":[{"href":"https:\/\/akdenizolaygazetesi.com\/index.php?rest_route=\/wp\/v2\/posts"}],"about":[{"href":"https:\/\/akdenizolaygazetesi.com\/index.php?rest_route=\/wp\/v2\/types\/post"}],"author":[{"embeddable":true,"href":"https:\/\/akdenizolaygazetesi.com\/index.php?rest_route=\/wp\/v2\/users\/1"}],"replies":[{"embeddable":true,"href":"https:\/\/akdenizolaygazetesi.com\/index.php?rest_route=%2Fwp%2Fv2%2Fcomments&post=1428"}],"version-history":[{"count":0,"href":"https:\/\/akdenizolaygazetesi.com\/index.php?rest_route=\/wp\/v2\/posts\/1428\/revisions"}],"wp:attachment":[{"href":"https:\/\/akdenizolaygazetesi.com\/index.php?rest_route=%2Fwp%2Fv2%2Fmedia&parent=1428"}],"wp:term":[{"taxonomy":"category","embeddable":true,"href":"https:\/\/akdenizolaygazetesi.com\/index.php?rest_route=%2Fwp%2Fv2%2Fcategories&post=1428"},{"taxonomy":"post_tag","embeddable":true,"href":"https:\/\/akdenizolaygazetesi.com\/index.php?rest_route=%2Fwp%2Fv2%2Ftags&post=1428"}],"curies":[{"name":"wp","href":"https:\/\/api.w.org\/{rel}","templated":true}]}}