{"id":14284,"date":"2021-09-22T15:50:06","date_gmt":"2021-09-22T12:50:06","guid":{"rendered":"http:\/\/akdenizolaygazetesi.com\/?p=14284"},"modified":"2021-09-22T15:50:06","modified_gmt":"2021-09-22T12:50:06","slug":"baris-mahallesi-sakinleri-kentsel-donusumden-memnun","status":"publish","type":"post","link":"https:\/\/akdenizolaygazetesi.com\/?p=14284","title":{"rendered":"\u201cBARI\u015e MAHALLES\u0130 SAK\u0130NLER\u0130 KENTSEL D\u00d6N\u00dc\u015e\u00dcMDEN MEMNUN\u201d"},"content":{"rendered":"<p>Bar\u0131\u015f Mahallesi sakinleri; y\u0131llard\u0131r ya\u015fad\u0131klar\u0131 mahalleyi tamamen de\u011fi\u015ftirip, kent ya\u015fam\u0131n\u0131n sa\u011flad\u0131\u011f\u0131 konfora, huzur ve d\u00fczene kavu\u015fmalar\u0131n\u0131 sa\u011flayacak devrim niteli\u011findeki kentsel d\u00f6n\u00fc\u015f\u00fcm projesinden duyduklar\u0131 sevin\u00e7 ve memnuniyetlerini dile getirdi.<br \/>\nBar\u0131\u015f Mahallesi&#8217;nde yerinde kentsel d\u00f6n\u00fc\u015f\u00fcm projesi kapsam\u0131nda eski evlerin y\u0131k\u0131m\u0131na d\u00fcn itibariyle ba\u015fland\u0131. Toplam 415 konutluk projede mahalle sakini vatanda\u015flar\u0131n y\u00fczde 87&#8217;si ile arsa baz\u0131nda anla\u015fma sa\u011fland\u0131, TOK\u0130\u2019ye tapu devir i\u015flemlerinde de y\u00fczde 62&#8217;ye ula\u015f\u0131ld\u0131. Takas veya nakit anla\u015fma sa\u011flan\u0131p evlerini bo\u015faltan Bar\u0131\u015f Mahallesi sakinlerine kira yard\u0131mlar\u0131 yat\u0131r\u0131ld\u0131. Toplu Konut \u0130daresi (TOK\u0130) taraf\u0131ndan y\u00fcr\u00fct\u00fclen proje ile ayr\u0131ca 45 d\u00fckk\u00e2n, cami, kre\u015f ve k\u00fclt\u00fcr merkezi gibi ya\u015fam alanlar\u0131 y\u00fckselecek. \u00c7ay Mahallesi\u2019nin ard\u0131ndan, Mersin kent merkezinde yer alan ve kentin en eski yerle\u015fim yerlerinden biri olan Bar\u0131\u015f Mahallesi\u2019nde ger\u00e7ekle\u015fen kentsel d\u00f6n\u00fc\u015f\u00fcm projesi ile Mersin de\u011fi\u015fecek.<br \/>\nBar\u0131\u015f Mahallesi sakinleri projeden memnun\u2026<br \/>\nMahallelerini kapsayan yerinde kentsel d\u00f6n\u00fc\u015f\u00fcm projesi hakk\u0131nda d\u00fc\u015f\u00fcncelerini dile getiren Bar\u0131\u015f sakinleri; ya\u015fad\u0131klar\u0131 \u00e7evreyi tamamen de\u011fi\u015ftirecek olan projeye ili\u015fkin memnuniyetlerini dile getirerek, projenin hayata ge\u00e7mesinde b\u00fcy\u00fck eme\u011fi olan Akdeniz Belediye Ba\u015fkan\u0131 M. Mustafa G\u00fcltak\u2019a te\u015fekk\u00fcr ettiler&#8230;<br \/>\n\u201cProje, mahallemizi de\u011fi\u015ftirecek\u201d<br \/>\nNuri K\u0131rm\u0131z\u0131sa\u00e7: \u201cBabam, 1969 y\u0131l\u0131nda burada ilk in\u015faat\u0131 (evini) yapt\u0131. A\u015fa\u011f\u0131 yukar\u0131 40 sene burada oturduk ve sonra ta\u015f\u0131nd\u0131k. Mahallede bulunan 2 dairemizde de kirac\u0131lar oturuyor. Akdeniz Belediyesi ile TOK\u0130\u2019nin yapaca\u011f\u0131 yeni dairelerden \u00e7ok memnunuz. Bug\u00fcn e\u015fyalar\u0131m\u0131z\u0131 da toplay\u0131p evleri bo\u015falt\u0131yoruz ve 1 hafta i\u00e7inde teslim edece\u011fiz. Mahallemizi de\u011fi\u015ftirecek olan projenin ba\u015flamas\u0131n\u0131 sa\u011flayan Say\u0131n Belediye Ba\u015fkan\u0131m\u0131z Mustafa G\u00fcltak\u2019a \u00e7ok te\u015fekk\u00fcr ediyor, ba\u015far\u0131lar\u0131n\u0131n devam\u0131n\u0131 diliyorum.\u201d<br \/>\n\u201cMahallemiz art\u0131k \u00e7ok daha g\u00fczel olacak\u201d<br \/>\nMahmut S\u00f6zl\u00fc; \u201c\u015eanl\u0131urfa\u2019da do\u011fdum ama Bar\u0131\u015f Mahallesi\u2019nde b\u00fcy\u00fcd\u00fcm ve ya\u015fad\u0131m. Bu y\u0131k\u0131m ve yenileme \u00e7al\u0131\u015fmas\u0131 \u00e7ok iyi oldu. Mahallemizin kentsel d\u00f6n\u00fc\u015f\u00fcme ger\u00e7ekten ihtiyac\u0131 vard\u0131. \u0130nan\u0131lmaz sevin\u00e7liyiz. Yeni binalar\u0131, parklar\u0131, ye\u015fil alanlar\u0131, do\u011falgaz\u0131 ile mahallemiz art\u0131k \u00e7ok daha g\u00fczel olacak. Biz gen\u00e7li\u011fimizi burada heba ettik ama \u00e7ocuklar\u0131m\u0131za daha g\u00fczel bir gelecek ve yar\u0131nlar haz\u0131rlamak i\u00e7in \u00e7al\u0131\u015fan Say\u0131n Belediye Ba\u015fkan\u0131m\u0131z Mustafa G\u00fcltak\u2019a sevgilerimizi ve sayg\u0131lar\u0131m\u0131z\u0131 iletiyor, \u00e7ok te\u015fekk\u00fcr ediyoruz.\u201d<br \/>\n\u201c\u00c7ok k\u00f6t\u00fc durumda olan evler var\u201d<br \/>\nCanan Erbabas\u0131; \u201cMahallemizde kentsel d\u00f6n\u00fc\u015f\u00fcm\u00fcn ba\u015flamas\u0131 \u00e7ok iyi oldu. \u00c7\u00fcnk\u00fc Bah\u00e7e mahallemizde o kadar \u00e7ok k\u00f6t\u00fc evler var ki. Benim annemin evi de baya\u011f\u0131 bir k\u00f6t\u00fc. Hatta \u00e7at\u0131lar\u0131 resmen d\u00fc\u015fm\u00fc\u015f durumda. Kentsel d\u00f6n\u00fc\u015f\u00fcm in\u015fallah herkesin de yarar\u0131na olur. \u00c7ocuklu\u011fum bu mahallede ge\u00e7ti. \u015eu an Mezitli\u2019de oturuyorum. \u0130n\u015fallah mahallemiz de o taraflar gibi g\u00fczelle\u015fir. Buraya birisinin mutlaka el atmas\u0131 laz\u0131md\u0131. Bu nedenle Akdeniz Belediye Ba\u015fkan\u0131m\u0131z Mustafa G\u00fcltak\u2019a te\u015fekk\u00fcrlerimi sunuyorum.\u201d<br \/>\n\u201cY\u0131llard\u0131r ayn\u0131 duvar, ayn\u0131 direk ayn\u0131 yollar!\u201d<br \/>\n\u0130lhan Yener; \u201cHer \u015feyden \u00f6nce Akdeniz Belediyesi\u2019ne ve Ba\u015fkan\u0131m\u0131z Mustafa G\u00fcltak\u2019a \u00e7ok te\u015fekk\u00fcr ediyoruz, hem yapt\u0131klar\u0131 hem de bundan sonra yapacaklar\u0131 i\u00e7in\u2026 Ben Mersin\u2019de do\u011fdum ve b\u00fcy\u00fcd\u00fcm. Altm\u0131\u015f ya\u015f\u0131na geldim, ayn\u0131 duvar, ayn\u0131 direk, ayn\u0131 yollar! Ama Ba\u015fkan\u0131m\u0131z G\u00fcltak\u2019\u0131n sayesinde bundan sonra \u00e7ok daha g\u00fczel bir \u015fehre, mahalleye sahip olaca\u011f\u0131m\u0131z\u0131 d\u00fc\u015f\u00fcn\u00fcyorum. Kendi ad\u0131ma, bug\u00fcne kadar belediye se\u00e7imlerinde yanl\u0131\u015f tercihler yapt\u0131\u011f\u0131m\u0131 d\u00fc\u015f\u00fcn\u00fcyorum. \u00c7abalar\u0131ndan dolay\u0131 G\u00fcltak Ba\u015fkan\u0131m\u0131za tekrar te\u015fekk\u00fcr ediyorum. Bizlere b\u00f6yle bir \u015fey kazand\u0131rmas\u0131 onur ve gurur vericidir.\u201d<br \/>\nAkdeniz Belediye Ba\u015fkan\u0131 G\u00fcltak; \u201cKent merkezini de\u011fi\u015ftirecek devrim niteli\u011finde bir proje\u201d<br \/>\nDi\u011fer yandan Akdeniz Belediye Ba\u015fkan\u0131 M. Mustafa G\u00fcltak; kentsel d\u00f6n\u00fc\u015f\u00fcm projesi kapsam\u0131nda eski evlerin y\u0131k\u0131m\u0131na ba\u015flanan Bar\u0131\u015f Mahallesi\u2019ni ziyaret ederek hem \u00e7al\u0131\u015fmalar\u0131 inceledi hem de mahalle sakinleri ile sohbet etti. Anla\u015fma sa\u011flanan vatanda\u015flara tapu devirlerinin ard\u0131ndan kira bedellerinin \u00f6denmeye ba\u015fland\u0131\u011f\u0131n\u0131 belirten Ba\u015fkan G\u00fcltak; Akdeniz devrim niteli\u011findeki de\u011fi\u015fim hareketinin ba\u015flad\u0131\u011f\u0131n\u0131n alt\u0131n\u0131 \u00e7izdi.<br \/>\n \u201cDe\u011fi\u015fim hareketinin, zaman i\u00e7inde t\u00fcm \u015fehrimizi kapsamas\u0131n\u0131 umuyor ve diliyorum\u201d diyen Ba\u015fkan Mustafa G\u00fcltak; \u201cYak\u0131n zaman i\u00e7inde bu alanda modern ve planl\u0131 \u015fehircilik anlay\u0131\u015f\u0131n\u0131 her y\u00f6n\u00fcyle g\u00f6receksiniz. Park ve otoparklar, sportif mek\u00e2nlar, d\u00fczenli cadde ve sokaklar, \u00e7ocuklar\u0131n oynayabilece\u011fi alanlar olacak. Bu da hem mahalleye hem Akdeniz&#8217;in marka de\u011ferinde art\u0131\u015f sa\u011flayacak&#8221; ifadelerini kulland\u0131. <\/p>\n","protected":false},"excerpt":{"rendered":"<p>Bar\u0131\u015f Mahallesi sakinleri; y\u0131llard\u0131r ya\u015fad\u0131klar\u0131 mahalleyi tamamen de\u011fi\u015ftirip, kent ya\u015fam\u0131n\u0131n sa\u011flad\u0131\u011f\u0131 konfora, huzur ve d\u00fczene kavu\u015fmalar\u0131n\u0131 sa\u011flayacak devrim niteli\u011findeki kentsel d\u00f6n\u00fc\u015f\u00fcm projesinden duyduklar\u0131 sevin\u00e7 ve memnuniyetlerini dile getirdi. Bar\u0131\u015f Mahallesi&#8217;nde &hellip; <a href=\"https:\/\/akdenizolaygazetesi.com\/?p=14284\" class=\"more-link\">Devam\u0131n\u0131 Oku&#8230;<\/a><\/p>\n","protected":false},"author":2,"featured_media":14285,"comment_status":"open","ping_status":"open","sticky":false,"template":"","format":"standard","meta":[],"categories":[2,3,5],"tags":[],"_links":{"self":[{"href":"https:\/\/akdenizolaygazetesi.com\/index.php?rest_route=\/wp\/v2\/posts\/14284"}],"collection":[{"href":"https:\/\/akdenizolaygazetesi.com\/index.php?rest_route=\/wp\/v2\/posts"}],"about":[{"href":"https:\/\/akdenizolaygazetesi.com\/index.php?rest_route=\/wp\/v2\/types\/post"}],"author":[{"embeddable":true,"href":"https:\/\/akdenizolaygazetesi.com\/index.php?rest_route=\/wp\/v2\/users\/2"}],"replies":[{"embeddable":true,"href":"https:\/\/akdenizolaygazetesi.com\/index.php?rest_route=%2Fwp%2Fv2%2Fcomments&post=14284"}],"version-history":[{"count":1,"href":"https:\/\/akdenizolaygazetesi.com\/index.php?rest_route=\/wp\/v2\/posts\/14284\/revisions"}],"predecessor-version":[{"id":14286,"href":"https:\/\/akdenizolaygazetesi.com\/index.php?rest_route=\/wp\/v2\/posts\/14284\/revisions\/14286"}],"wp:featuredmedia":[{"embeddable":true,"href":"https:\/\/akdenizolaygazetesi.com\/index.php?rest_route=\/wp\/v2\/media\/14285"}],"wp:attachment":[{"href":"https:\/\/akdenizolaygazetesi.com\/index.php?rest_route=%2Fwp%2Fv2%2Fmedia&parent=14284"}],"wp:term":[{"taxonomy":"category","embeddable":true,"href":"https:\/\/akdenizolaygazetesi.com\/index.php?rest_route=%2Fwp%2Fv2%2Fcategories&post=14284"},{"taxonomy":"post_tag","embeddable":true,"href":"https:\/\/akdenizolaygazetesi.com\/index.php?rest_route=%2Fwp%2Fv2%2Ftags&post=14284"}],"curies":[{"name":"wp","href":"https:\/\/api.w.org\/{rel}","templated":true}]}}