{"id":14287,"date":"2021-09-22T15:51:49","date_gmt":"2021-09-22T12:51:49","guid":{"rendered":"http:\/\/akdenizolaygazetesi.com\/?p=14287"},"modified":"2021-09-22T15:51:49","modified_gmt":"2021-09-22T12:51:49","slug":"baskan-yilmaz-turkmen-kardeslerimiz-buyuk-adaletsizliklerle-karsi-karsiya-kalmaktadir","status":"publish","type":"post","link":"https:\/\/akdenizolaygazetesi.com\/?p=14287","title":{"rendered":"Ba\u015fkan Y\u0131lmaz: &#8220;T\u00fcrkmen Karde\u015flerimiz B\u00fcy\u00fck Adaletsizliklerle Kar\u015f\u0131 Kar\u015f\u0131ya Kalmaktad\u0131r&#8221;"},"content":{"rendered":"<p>Toroslar Belediyesi&#8217;nin, Irak T\u00fcrkmen Cephesi ile ortakla\u015fa d\u00fczenledi\u011fi &#8220;Irak T\u00fcrkmenlerinin Durumu ve Olas\u0131 Geli\u015fmeler&#8221; Konferans\u0131 birlik ve beraberli\u011fin en g\u00fczel \u00f6rne\u011fi oldu.<\/p>\n<p>T\u00fcrkiye&#8217;nin, d\u00fcnyadaki T\u00fcrkmen karde\u015flerinin her zaman yan\u0131nda oldu\u011funu s\u00f6yleyen Toroslar Belediye Ba\u015fkan\u0131 Ats\u0131z Af\u015f\u0131n Y\u0131lmaz; &#8220;T\u00fcrk milleti; d\u00fcn oldu\u011fu gibi bug\u00fcn de T\u00fcrkmen karde\u015flerinin sonuna kadar arkas\u0131ndad\u0131r, yan\u0131ndad\u0131r&#8221; dedi.<\/p>\n<p>Tarihten g\u00fcn\u00fcm\u00fcze Irak&#8217;taki T\u00fcrkmenlerin var olma m\u00fccadelesinin, Irak&#8217;ta kurulan yeni h\u00fck\u00fcmetten beklentilerin, Kerk\u00fck&#8217;\u00fcn g\u00fcvenli\u011fi ve y\u00f6netimiyle ilgili de\u011ferlendirmelerin yap\u0131ld\u0131\u011f\u0131 konferansa Irak T\u00fcrkmen Cephesi T\u00fcrkiye Temsilcisi Mehmet T\u00fct\u00fcnc\u00fc konu\u015fmac\u0131 olarak kat\u0131ld\u0131.<\/p>\n<p>Toroslar Belediye Ba\u015fkan\u0131 Ats\u0131z Af\u015f\u0131n Y\u0131lmaz&#8217;\u0131n ev sahipli\u011finde, Yunus Emre K\u00fclt\u00fcr Merkezi&#8217;nde ger\u00e7ekle\u015fen konferansa; MHP Mersin Milletvekili Olcay K\u0131lavuz, MHP Mersin \u0130l Ba\u015fkan Yard\u0131mc\u0131s\u0131 Cemil Parlar, Mersin \u00dclk\u00fc Ocaklar\u0131 Ba\u015fkan\u0131 Murat Sezer, MHP Akdeniz \u0130l\u00e7e Ba\u015fkan\u0131 Mehmet G\u00f6ver\u00e7ile, MHP Yeni\u015fehir \u0130l\u00e7e Ba\u015fkan\u0131 \u00d6mer G\u00fcrsoy, MHP Toroslar \u0130l\u00e7e Ba\u015fkan Yard\u0131mc\u0131s\u0131 Nazmi Kunt, T\u00fcrk Ocaklar\u0131 Mersin \u015eube Ba\u015fkan\u0131 Dr. \u00dcnal K\u0131l\u0131\u00e7, Toroslar \u00dclk\u00fc Ocaklar\u0131 Ba\u015fkan\u0131 Vural Koparan, MHP Yeni\u015fehir \u0130l\u00e7e Kad\u0131n Kollar\u0131 Ba\u015fkan\u0131 Ferda er, T\u00fcrk E\u011fitim-Sen Mersin \u015eube Ba\u015fkan\u0131 ve Kamu-Sen Mersin \u0130l Temsilcisi Metin Ercan, Irak T\u00fcrkmen Cephesi Mersin \u0130l Koordinat\u00f6r\u00fc Muhammed Zamo O\u011flu, Irak T\u00fcrkmen Cephesi Mersin T\u00fcrkiye temsilcisi \u0130l Koordinat\u00f6r\u00fc Yard\u0131mc\u0131s\u0131 Fahrettin Karata\u015f, Irak- T\u00fcrkiye Yard\u0131mla\u015fma ve Dayan\u0131\u015fma Derne\u011fi Mersin temsilcisi Sabah \u00d6zler, i\u015f insanlar\u0131, belediye meclis \u00fcyeleri ve T\u00fcrkmen vatanda\u015flar kat\u0131ld\u0131.<\/p>\n<p>Sayg\u0131 duru\u015fu ve \u0130stiklal Mar\u015f\u0131&#8217;n\u0131n okunmas\u0131n\u0131n ard\u0131ndan ba\u015flayan program\u0131n a\u00e7\u0131l\u0131\u015f konu\u015fmas\u0131n\u0131 T\u00fcrkmen Cephesi Mersin \u0130l Koordinat\u00f6r\u00fc Muhammed Zamo O\u011flu yaparak, kendilerinin her zaman yan\u0131nda olan Ba\u015fkan Y\u0131lmaz&#8217;a te\u015fekk\u00fcr etti.<\/p>\n<p>Ba\u015fkan Y\u0131lmaz: &#8220;T\u00fcrkmen Karde\u015flerimiz B\u00fcy\u00fck Adaletsizliklerle Kar\u015f\u0131 Kar\u015f\u0131ya Kalmaktad\u0131r&#8221;<\/p>\n<p>Daha sonra s\u00f6z alan Toroslar Belediye Ba\u015fkan\u0131 Ats\u0131z Af\u015f\u0131n Y\u0131lmaz da Irak&#8217;ta 10 Ekim\u2019de yap\u0131lacak parlamento genel se\u00e7iminin b\u00fcy\u00fck \u00f6nem ta\u015f\u0131d\u0131\u011f\u0131n\u0131, bunun T\u00fcrkmenlerin gelece\u011fini de etkileyecek bir se\u00e7im olaca\u011f\u0131n\u0131 s\u00f6yledi.<\/p>\n<p>Konu\u015fmas\u0131nda birlik ve beraberli\u011fe vurgu yapan Ba\u015fkan Y\u0131lmaz; &#8220;T\u00fcrk milleti g\u00f6n\u00fcl ve k\u00fclt\u00fcr co\u011frafyalar\u0131nda varl\u0131k-birlik m\u00fccadelesi veren soyda\u015flar\u0131n\u0131n her zaman, her \u015fart alt\u0131nda yan\u0131nda olmu\u015f, bu kapsamda taraf\u0131n\u0131 ve tercihini sa\u011flam bir iradeyle g\u00f6stermi\u015ftir.<br \/>\nAs\u0131rlara dayanan, ortak ac\u0131 ve an\u0131larla beslenen, k\u00f6kl\u00fc ve ahlaki kucakla\u015fmayla temellenen, tarih ve inan\u00e7 ba\u011flar\u0131yla zenginle\u015fen millet olma hali T\u00fcrkl\u00fc\u011f\u00fcn ge\u00e7mi\u015ften bug\u00fcne uzanan devasa ba\u015far\u0131s\u0131d\u0131r.Kom\u015fu co\u011frafyalar\u0131n kaotik ortam\u0131nda \u00f6zellikle T\u00fcrkmen karde\u015flerimizin hayata tutunma; ayn\u0131 zamanda milli hat\u0131ralar\u0131n\u0131 ve millet olma haysiyetlerini fedak\u00e2rca muhafaza \u00e7abalar\u0131 takdir ve taltif edilmesi gereken bir kazan\u0131md\u0131r.Ancak \u00fcz\u00fcnt\u00fcyle belirtmeliyiz ki; Irak T\u00fcrkmenleri, mensubu olduklar\u0131 Irak toplum ve siyaset alan\u0131nda s\u00fcrekli hak mahrumiyetlerine u\u011framaktad\u0131r.K\u00fclfette adeta bir ok gibi \u00f6ne f\u0131rlay\u0131p Irak\u2019\u0131n siyasi ve toprak b\u00fct\u00fcnl\u00fc\u011f\u00fcn\u00fc cesaretle savunan, fakat s\u0131ra \u00fclke y\u00f6netimine geldi\u011fi zaman g\u00f6r\u00fclmeyen, duyulmayan, son tahlilde haklar\u0131 teslim edilmeyen T\u00fcrkmen karde\u015flerimiz b\u00fcy\u00fck adaletsizliklerle kar\u015f\u0131 kar\u015f\u0131ya kalmaktad\u0131r.Bu anlamda; 10 Ekim\u2019de yap\u0131lacak Parlamento genel se\u00e7imi b\u00fcy\u00fck \u00f6nem ta\u015f\u0131maktad\u0131r. 2005 se\u00e7imleri sonras\u0131 ilk kez t\u00fcm T\u00fcrkmen partilerinin tek listede se\u00e7ime kat\u0131l\u0131yor olmas\u0131, bu konsens\u00fcs\u00fcn sa\u011flanm\u0131\u015f olmas\u0131; ortak bir iradenin temsil edilmesi bak\u0131m\u0131ndan son derece de\u011ferlidir&#8221; ifadelerinde bulundu.<\/p>\n<p>&#8220;T\u00fcrk Milletinin Beka M\u00fccadelesi Durmayacak, Beklemeyecek, Kesilmeyecektir&#8221;<\/p>\n<p>MHP Genel Ba\u015fkan\u0131 Devlet Bah\u00e7eli&#8217;nin bir s\u00f6z\u00fcne de konu\u015fmas\u0131nda yer veren Ba\u015fkan Y\u0131lmaz; &#8220;Genel Ba\u015fkan\u0131m\u0131z, T\u00fcrkmen Beyimiz Say\u0131n Dr. Devlet Bah\u00e7eli\u2019nin de dedi\u011fi gibi: \u201cT\u00fcrkmenlerin varl\u0131k m\u00fccadelesi nice cana, nice badireye, nice bedele mal oldu. T\u00fcrkl\u00fc\u011f\u00fcn beka m\u00fccadelesi as\u0131rlara hem m\u00fch\u00fcr vurdu, hem de istikamet \u00e7izdi. Bu hakl\u0131 ve tarihi m\u00fccadele halen devam ediyor. Ancak \u00e7ok iyi bilinmelidir ki; T\u00fcrk milletinin beka m\u00fccadelesi durmayacak, beklemeyecek, kesilmeyecektir. T\u00fcrk milleti;d\u00fcn oldu\u011fu gibi bug\u00fcn de T\u00fcrkmen karde\u015flerinin sonuna kadar arkas\u0131ndad\u0131r, yan\u0131ndad\u0131r.Birli\u011fimiz, beraberli\u011fimiz daim olsun\u201d dedi.<\/p>\n<p>&#8220;Verilen Bu M\u00fccadele Son Derece K\u0131ymetlidir&#8221;<\/p>\n<p>T\u00fcrkiye&#8217;nin, uydu devlet rol\u00fcn\u00fc hi\u00e7bir zaman kabul etmeyece\u011fine de dikkat \u00e7eken Ba\u015fkan Y\u0131lmaz; Irak&#8217;\u0131n yerel ve siyasi dinamiklerinin, T\u00fcrkmen karde\u015flerimizin yereldeki dertlerini, s\u0131k\u0131nt\u0131lar\u0131n\u0131 \u00f6ncelikle anlamak, alg\u0131lamak ve buna uygun davranmak mecburiyetinde oldu\u011funu s\u00f6yledi. Y\u0131lmaz, \u201c Bu a\u00e7\u0131dan verilen m\u00fccadele son derece k\u0131ymetlidir. T\u00fcrkiyemiz yeni bir yola girmi\u015ftir. Kendisine bi\u00e7ilen uydu devlet rol\u00fcn\u00fc reddetmi\u015ftir. 31 Mart 2021 tarihi itibariyle T\u00fcrk Kene\u015fi bildirgesiyle T\u00fcrkiye&#8217;nin d\u00fcnyan\u0131n her yerindeki T\u00fcrk varl\u0131\u011f\u0131 ortaya konmu\u015ftur. Emperyal g\u00fc\u00e7lerin her t\u00fcrl\u00fc sabote etme, durdurma, yava\u015flatma ve en \u00f6nemlisi birbirine d\u00fc\u015f\u00fcrme stratejileri bizim birli\u011fimiz, varl\u0131\u011f\u0131m\u0131z daim olduk\u00e7a ortadan kald\u0131r\u0131lacakt\u0131r. Bu yolda hizmet eden de\u011ferli ba\u015fkanlar\u0131m\u0131za ve t\u00fcm karde\u015flerimize sevgi ve sayg\u0131lar\u0131m\u0131 sunuyorum&#8221; diye konu\u015ftu.<\/p>\n<p>Milletvekili K\u0131lavuz: &#8220;Can\u0131m\u0131zla, Kan\u0131m\u0131zla T\u00fcrkmen Soyda\u015flar\u0131m\u0131zlay\u0131z&#8221;<\/p>\n<p>Milletvekili Olcay K\u0131lavuz da program\u0131 d\u00fczenleyen Toroslar Belediye Ba\u015fkan\u0131 Ats\u0131z Af\u015f\u0131n Y\u0131lmaz&#8217;a te\u015fekk\u00fcr ederek; &#8220;T\u00fcrkmen karde\u015flerimiz bizler i\u00e7in bir kara sevdad\u0131r. \u00c7ok b\u00fcy\u00fck yeri ve \u00f6nemi olan bir a\u015fkt\u0131r. Ba\u015fbu\u011fumuz rahmetli Alparslan T\u00fcrke\u015f Bey&#8217;in ifade etti\u011fi gibi; &#8220;Nerede bir T\u00fcrk ya\u015f\u0131yorsa bizim ilgi alan\u0131m\u0131z oras\u0131d\u0131r&#8221;. T\u00fcrk&#8217;\u00fcn, T\u00fcrk\u2019ten ba\u015fka dostu olmad\u0131\u011f\u0131n\u0131 g\u00f6rmekteyiz. Birlikte rahmet, ayr\u0131l\u0131kta azap vard\u0131r. Kerk\u00fck&#8217;te yap\u0131lan se\u00e7im, soyda\u015flar\u0131m\u0131z\u0131n kaderinin, gelece\u011finin bir se\u00e7imidir. B\u00fct\u00fcn T\u00fcrkmen soyda\u015flar\u0131m\u0131z, tek y\u00fcrek, tek nefes olarak bu milli davay\u0131 destekleyip ve \u00e7\u0131kacak olan milletvekilleriyle T\u00fcrkmen davas\u0131n\u0131n savunuculu\u011funu daha g\u00fc\u00e7l\u00fc bir \u015fekilde yapacaklard\u0131r. Bizim g\u00f6nl\u00fcm\u00fcz, Irak&#8217;\u0131n toprak b\u00fct\u00fcnl\u00fc\u011f\u00fcyle yanad\u0131r. Liderimiz Devlet Bah\u00e7eli&#8217;nin \u00f6nc\u00fcl\u00fc\u011f\u00fcnde can\u0131m\u0131zla, kan\u0131m\u0131zla T\u00fcrkmen soyda\u015flar\u0131m\u0131z\u0131n yan\u0131nday\u0131z.  10 Ekim&#8217;de yap\u0131lacak bu se\u00e7imde in\u015fallah T\u00fcrkmen soyda\u015flar\u0131m\u0131z ba\u015far\u0131l\u0131 olurlar&#8221; \u015feklinde konu\u015ftu.<\/p>\n<p>&#8220;Konferansta, Kerk\u00fck T\u00fcrk\u00fcleri Milli Duygular\u0131 Doru\u011fa \u00c7\u0131kard\u0131&#8221;<\/p>\n<p>Konferans\u0131n sonunda Kerk\u00fck T\u00fcrk\u00fcleri de geceye renk katt\u0131.Ba\u015fkan Y\u0131lmaz, T\u00fcrk ve T\u00fcrkmen bayraklar\u0131yla s\u00f6ylenen t\u00fcrk\u00fclere e\u015flik etti.<\/p>\n<p>Konferans\u0131 veren Irak T\u00fcrkmen Cephesi T\u00fcrkiye Temsilcisi Mehmet T\u00fct\u00fcnc\u00fc; &#8220;O topraklarda bir adalet sa\u011flanacak. \u00d6zellikle T\u00fcrkiye Cumhuriyeti Devleti&#8217;nin, ana vatan\u0131m\u0131zdaki soyda\u015flar\u0131m\u0131z\u0131n deste\u011fi ve nefesiyle, kal\u0131c\u0131 oldu\u011fumuz s\u00fcrece in\u015fallah hi\u00e7 kimse T\u00fcrkmenleri orada dize getiremeyecektir. T\u00fcrkmenler bundan sonra da her t\u00fcrl\u00fc bask\u0131ya kar\u015f\u0131 direnmeye devam edecektir. Allah, t\u00fcm T\u00fcrk d\u00fcnyas\u0131n\u0131n yar ve yard\u0131mc\u0131s\u0131 olsun. Irak T\u00fcrklerinin s\u0131k\u0131nt\u0131lar\u0131na, dertlerine kulak verdi\u011fi i\u00e7in Ba\u015fkan\u0131m\u0131z Ats\u0131z Af\u015f\u0131n Y\u0131lmaz&#8217;a ve herkese te\u015fekk\u00fcr ediyorum&#8221; dedi.<\/p>\n<p>Konu\u015fmalar\u0131n ard\u0131ndan Irak T\u00fcrkmen Cephesi Mersin \u0130l Koordinat\u00f6r\u00fc Muhammed Zamo O\u011flu, Ba\u015fkan Y\u0131lmaz&#8217;a bir tablo hediye ederek te\u015fekk\u00fcr etti.Irak T\u00fcrkmen Cephesi T\u00fcrkiye Temsilcisi Mehmet T\u00fct\u00fcnc\u00fc de Ba\u015fkan Y\u0131lmaz&#8217;a Tarihi Kerk\u00fck Kalesi Tablosu hediye ederken, Ba\u015fkan Y\u0131lmaz ise T\u00fct\u00fcnc\u00fc&#8217;ye T\u00fcrk dili, k\u00fclt\u00fcr\u00fc ve tarihinin en de\u011ferli an\u0131tlar\u0131ndan olan Orhun Yaz\u0131tlar\u0131&#8217;n\u0131n, minyat\u00fcr \u00f6rne\u011fini takdim etti.<\/p>\n","protected":false},"excerpt":{"rendered":"<p>Toroslar Belediyesi&#8217;nin, Irak T\u00fcrkmen Cephesi ile ortakla\u015fa d\u00fczenledi\u011fi &#8220;Irak T\u00fcrkmenlerinin Durumu ve Olas\u0131 Geli\u015fmeler&#8221; Konferans\u0131 birlik ve beraberli\u011fin en g\u00fczel \u00f6rne\u011fi oldu. T\u00fcrkiye&#8217;nin, d\u00fcnyadaki T\u00fcrkmen karde\u015flerinin her zaman yan\u0131nda oldu\u011funu &hellip; <a href=\"https:\/\/akdenizolaygazetesi.com\/?p=14287\" class=\"more-link\">Devam\u0131n\u0131 Oku&#8230;<\/a><\/p>\n","protected":false},"author":2,"featured_media":14288,"comment_status":"open","ping_status":"open","sticky":false,"template":"","format":"standard","meta":[],"categories":[2,3,5],"tags":[],"_links":{"self":[{"href":"https:\/\/akdenizolaygazetesi.com\/index.php?rest_route=\/wp\/v2\/posts\/14287"}],"collection":[{"href":"https:\/\/akdenizolaygazetesi.com\/index.php?rest_route=\/wp\/v2\/posts"}],"about":[{"href":"https:\/\/akdenizolaygazetesi.com\/index.php?rest_route=\/wp\/v2\/types\/post"}],"author":[{"embeddable":true,"href":"https:\/\/akdenizolaygazetesi.com\/index.php?rest_route=\/wp\/v2\/users\/2"}],"replies":[{"embeddable":true,"href":"https:\/\/akdenizolaygazetesi.com\/index.php?rest_route=%2Fwp%2Fv2%2Fcomments&post=14287"}],"version-history":[{"count":1,"href":"https:\/\/akdenizolaygazetesi.com\/index.php?rest_route=\/wp\/v2\/posts\/14287\/revisions"}],"predecessor-version":[{"id":14289,"href":"https:\/\/akdenizolaygazetesi.com\/index.php?rest_route=\/wp\/v2\/posts\/14287\/revisions\/14289"}],"wp:featuredmedia":[{"embeddable":true,"href":"https:\/\/akdenizolaygazetesi.com\/index.php?rest_route=\/wp\/v2\/media\/14288"}],"wp:attachment":[{"href":"https:\/\/akdenizolaygazetesi.com\/index.php?rest_route=%2Fwp%2Fv2%2Fmedia&parent=14287"}],"wp:term":[{"taxonomy":"category","embeddable":true,"href":"https:\/\/akdenizolaygazetesi.com\/index.php?rest_route=%2Fwp%2Fv2%2Fcategories&post=14287"},{"taxonomy":"post_tag","embeddable":true,"href":"https:\/\/akdenizolaygazetesi.com\/index.php?rest_route=%2Fwp%2Fv2%2Ftags&post=14287"}],"curies":[{"name":"wp","href":"https:\/\/api.w.org\/{rel}","templated":true}]}}