{"id":1429,"date":"2020-11-04T18:22:00","date_gmt":"2020-11-04T15:22:00","guid":{"rendered":"http:\/\/mersinekonomipolitikagazetesi.com\/?p=1429"},"modified":"2020-11-04T18:22:00","modified_gmt":"2020-11-04T15:22:00","slug":"otobus-kaza-gecirirse-sorumlusu-kim-olacak","status":"publish","type":"post","link":"https:\/\/akdenizolaygazetesi.com\/?p=1429","title":{"rendered":"Otob\u00fcs kaza ge\u00e7irirse sorumlusu kim olacak?"},"content":{"rendered":"<p>Hatay&#8217;\u0131n Defne il\u00e7esine minik sporcular\u0131 g\u00f6t\u00fcren Mersin B\u00fcy\u00fck\u015fehir Belediyesi&#8217;ne ait g\u00fcvenli\u011fi olmayan eski otob\u00fcs tepki \u00e7ekti.<\/p>\n<div id=\":4\">\n<div id=\":2\">\n<div role=\"main\">\n<div style=\"clear:both;\">\n<p>Mersin B\u00fcy\u00fck\u015fehir Belediyesi&#8217;nin \u015fehir i\u00e7i ta\u015f\u0131mac\u0131l\u0131kta kulland\u0131\u011f\u0131 ve koltuklar\u0131nda emniyet kemeri bulunmayan otob\u00fcslerle sporcu \u00f6\u011frencilerin kent d\u0131\u015f\u0131na ta\u015f\u0131nmas\u0131 tepkilere neden oldu.<\/p>\n<p>\u00a0<\/p>\n<p>Son olarak Hatay&#8217;\u0131n Defne il\u00e7esindeki spor m\u00fcsabakas\u0131 i\u00e7in ta\u015f\u0131nan Mersinli minik sporcular\u0131n hayat\u0131 Mersin B\u00fcy\u00fck\u015fehir Belediyesi&#8217;ne ait g\u00fcvenli\u011fi olmayan eski \u015fehiri\u00e7i ta\u015f\u0131mac\u0131l\u0131kta kullan\u0131lan otob\u00fcse emanet edildi.<\/p>\n<p>\u00a0<\/p>\n<p>B\u00fcnyesine \u00e7ok say\u0131da otob\u00fcs katan Mersin B\u00fcy\u00fck\u015fehir Belediyesi&#8217;nin sporculara yeni ve daha g\u00fcvenli otob\u00fcs vermemesi tepkilere neden olurken, bu konuda B\u00fcy\u00fck\u015fehir taraf\u0131ndan at\u0131lacak ad\u0131mlar merak konusu oldu.<\/p>\n<p>\u00a0<\/p>\n<p>\u00a0<\/p>\n<\/div>\n<\/div>\n<\/div>\n<\/div>\n","protected":false},"excerpt":{"rendered":"<p>Hatay&#8217;\u0131n Defne il\u00e7esine minik sporcular\u0131 g\u00f6t\u00fcren Mersin B\u00fcy\u00fck\u015fehir Belediyesi&#8217;ne ait g\u00fcvenli\u011fi olmayan eski otob\u00fcs tepki \u00e7ekti. Mersin B\u00fcy\u00fck\u015fehir Belediyesi&#8217;nin \u015fehir i\u00e7i ta\u015f\u0131mac\u0131l\u0131kta kulland\u0131\u011f\u0131 ve koltuklar\u0131nda emniyet kemeri bulunmayan otob\u00fcslerle sporcu &hellip; <a href=\"https:\/\/akdenizolaygazetesi.com\/?p=1429\" class=\"more-link\">Devam\u0131n\u0131 Oku&#8230;<\/a><\/p>\n","protected":false},"author":1,"featured_media":0,"comment_status":"open","ping_status":"open","sticky":false,"template":"","format":"standard","meta":[],"categories":[],"tags":[],"_links":{"self":[{"href":"https:\/\/akdenizolaygazetesi.com\/index.php?rest_route=\/wp\/v2\/posts\/1429"}],"collection":[{"href":"https:\/\/akdenizolaygazetesi.com\/index.php?rest_route=\/wp\/v2\/posts"}],"about":[{"href":"https:\/\/akdenizolaygazetesi.com\/index.php?rest_route=\/wp\/v2\/types\/post"}],"author":[{"embeddable":true,"href":"https:\/\/akdenizolaygazetesi.com\/index.php?rest_route=\/wp\/v2\/users\/1"}],"replies":[{"embeddable":true,"href":"https:\/\/akdenizolaygazetesi.com\/index.php?rest_route=%2Fwp%2Fv2%2Fcomments&post=1429"}],"version-history":[{"count":0,"href":"https:\/\/akdenizolaygazetesi.com\/index.php?rest_route=\/wp\/v2\/posts\/1429\/revisions"}],"wp:attachment":[{"href":"https:\/\/akdenizolaygazetesi.com\/index.php?rest_route=%2Fwp%2Fv2%2Fmedia&parent=1429"}],"wp:term":[{"taxonomy":"category","embeddable":true,"href":"https:\/\/akdenizolaygazetesi.com\/index.php?rest_route=%2Fwp%2Fv2%2Fcategories&post=1429"},{"taxonomy":"post_tag","embeddable":true,"href":"https:\/\/akdenizolaygazetesi.com\/index.php?rest_route=%2Fwp%2Fv2%2Ftags&post=1429"}],"curies":[{"name":"wp","href":"https:\/\/api.w.org\/{rel}","templated":true}]}}