{"id":14290,"date":"2021-09-23T11:46:03","date_gmt":"2021-09-23T08:46:03","guid":{"rendered":"http:\/\/akdenizolaygazetesi.com\/?p=14290"},"modified":"2021-09-23T11:46:03","modified_gmt":"2021-09-23T08:46:03","slug":"akdeniz-belediyesi-zor-anlar-yasayan-vatandaslarin-yardimina-kostu","status":"publish","type":"post","link":"https:\/\/akdenizolaygazetesi.com\/?p=14290","title":{"rendered":"Akdeniz Belediyesi, zor anlar ya\u015fayan vatanda\u015flar\u0131n yard\u0131m\u0131na ko\u015ftu"},"content":{"rendered":"<p>Akdeniz Belediyesi, d\u00fcn ak\u015fam saatlerinde kentin farkl\u0131 noktalar\u0131nda olumsuzlu\u011fa yol a\u00e7an ya\u011f\u0131\u015flarda zor anlar ya\u015fayan vatanda\u015flar\u0131n yard\u0131m\u0131na ko\u015ftu. Ekipler, bir\u00e7ok ev ve i\u015fyerinde motopomplar yard\u0131m\u0131yla su tahliyesi yapt\u0131, \u00e7amur ve bal\u00e7\u0131\u011fa batan sokaklar\u0131 araz\u00f6zler yard\u0131m\u0131yla y\u0131kay\u0131p temizledi.<br \/>\nAkdeniz Belediyesi\u2019ne ba\u011fl\u0131 Fen \u0130\u015fleri M\u00fcd\u00fcrl\u00fc\u011f\u00fc ekipleri, kentte d\u00fcn ak\u015fam saatlerinde ya\u015fanan sa\u011fanak ya\u011fmur ya\u011f\u0131\u015flar\u0131ndan etkilenen vatanda\u015flar i\u00e7in teyakkuza ge\u00e7ti. Ekipler, gelen taleplere hemen m\u00fcdahale ederek, su basan ev ve i\u015fyerlerinde motopomplar yard\u0131m\u0131yla su tahliye \u00e7al\u0131\u015fmas\u0131 yapt\u0131, yer yer t\u0131kanan kanalizasyon giderlerini a\u00e7t\u0131. Di\u011fer yandan \u00c7evre Koruma ve Kontrol M\u00fcd\u00fcrl\u00fc\u011f\u00fc ekipleri de a\u015f\u0131r\u0131 ya\u011f\u0131\u015flar sonucu kanalizasyon at\u0131k sular\u0131 ve \u00e7amura maruz kalan sokaklarda araz\u00f6z yard\u0131m\u0131yla temizlik ve y\u0131kama \u00e7al\u0131\u015fmas\u0131 ger\u00e7ekle\u015ftirdi.<br \/>\n\u201cAltyap\u0131 sistemindeki eksikler giderilmelidir\u201d<br \/>\nAkdeniz Belediye Ba\u015fkan\u0131 M. Mustafa G\u00fcltak, sa\u011fanak ya\u011fmurdan etkilenen vatanda\u015flara ge\u00e7mi\u015f olsun dileklerini ileterek, fen i\u015fleri ve \u00e7evre koruma ekiplerinin gelen \u00e7a\u011fr\u0131lara en k\u0131sa s\u00fcrede m\u00fcdahale etti\u011fini s\u00f6yledi. Ba\u015fkan G\u00fcltak; \u201cD\u00fcn ak\u015fam bir\u00e7ok mahallemizi etkileyen ya\u011fmurlar sonucu, baz\u0131 vatanda\u015flar\u0131m\u0131z\u0131n ev ve i\u015fyerlerini su bast\u0131. Ekiplerimiz derhal sahaya inerek, yard\u0131ma ihtiyac\u0131 olan insanlar\u0131m\u0131za ula\u015f\u0131p bir yandan su tahliyesi, di\u011fer yandan da kanalizasyon sular\u0131na maruz kalan ev, avlu ve sokaklarda y\u0131kama \u00e7al\u0131\u015fmas\u0131 yapt\u0131. Ya\u011f\u0131\u015flardan etkilenen insanlar\u0131m\u0131z\u0131 yaln\u0131z b\u0131rakmad\u0131k. Bu s\u0131k\u0131nt\u0131lar\u0131 tekrar ya\u015famamak i\u00e7in altyap\u0131 sistemindeki eksiklikler acilen giderilmelidir. Bu konuda \u00fczerimize d\u00fc\u015feni yapmaya haz\u0131r\u0131z\u201d ifadelerini kulland\u0131.<\/p>\n","protected":false},"excerpt":{"rendered":"<p>Akdeniz Belediyesi, d\u00fcn ak\u015fam saatlerinde kentin farkl\u0131 noktalar\u0131nda olumsuzlu\u011fa yol a\u00e7an ya\u011f\u0131\u015flarda zor anlar ya\u015fayan vatanda\u015flar\u0131n yard\u0131m\u0131na ko\u015ftu. Ekipler, bir\u00e7ok ev ve i\u015fyerinde motopomplar yard\u0131m\u0131yla su tahliyesi yapt\u0131, \u00e7amur ve &hellip; <a href=\"https:\/\/akdenizolaygazetesi.com\/?p=14290\" class=\"more-link\">Devam\u0131n\u0131 Oku&#8230;<\/a><\/p>\n","protected":false},"author":2,"featured_media":14291,"comment_status":"open","ping_status":"open","sticky":false,"template":"","format":"standard","meta":[],"categories":[3,5],"tags":[],"_links":{"self":[{"href":"https:\/\/akdenizolaygazetesi.com\/index.php?rest_route=\/wp\/v2\/posts\/14290"}],"collection":[{"href":"https:\/\/akdenizolaygazetesi.com\/index.php?rest_route=\/wp\/v2\/posts"}],"about":[{"href":"https:\/\/akdenizolaygazetesi.com\/index.php?rest_route=\/wp\/v2\/types\/post"}],"author":[{"embeddable":true,"href":"https:\/\/akdenizolaygazetesi.com\/index.php?rest_route=\/wp\/v2\/users\/2"}],"replies":[{"embeddable":true,"href":"https:\/\/akdenizolaygazetesi.com\/index.php?rest_route=%2Fwp%2Fv2%2Fcomments&post=14290"}],"version-history":[{"count":1,"href":"https:\/\/akdenizolaygazetesi.com\/index.php?rest_route=\/wp\/v2\/posts\/14290\/revisions"}],"predecessor-version":[{"id":14292,"href":"https:\/\/akdenizolaygazetesi.com\/index.php?rest_route=\/wp\/v2\/posts\/14290\/revisions\/14292"}],"wp:featuredmedia":[{"embeddable":true,"href":"https:\/\/akdenizolaygazetesi.com\/index.php?rest_route=\/wp\/v2\/media\/14291"}],"wp:attachment":[{"href":"https:\/\/akdenizolaygazetesi.com\/index.php?rest_route=%2Fwp%2Fv2%2Fmedia&parent=14290"}],"wp:term":[{"taxonomy":"category","embeddable":true,"href":"https:\/\/akdenizolaygazetesi.com\/index.php?rest_route=%2Fwp%2Fv2%2Fcategories&post=14290"},{"taxonomy":"post_tag","embeddable":true,"href":"https:\/\/akdenizolaygazetesi.com\/index.php?rest_route=%2Fwp%2Fv2%2Ftags&post=14290"}],"curies":[{"name":"wp","href":"https:\/\/api.w.org\/{rel}","templated":true}]}}