{"id":14293,"date":"2021-09-23T11:48:09","date_gmt":"2021-09-23T08:48:09","guid":{"rendered":"http:\/\/akdenizolaygazetesi.com\/?p=14293"},"modified":"2021-09-23T11:48:09","modified_gmt":"2021-09-23T08:48:09","slug":"mersin-buyuksehirin-etkinlikleri-haftaya-hareket-katti","status":"publish","type":"post","link":"https:\/\/akdenizolaygazetesi.com\/?p=14293","title":{"rendered":"MERS\u0130N B\u00dcY\u00dcK\u015eEH\u0130R\u2019\u0130N ETK\u0130NL\u0130KLER\u0130 HAFTAYA \u201cHAREKET\u201d KATTI"},"content":{"rendered":"<p>Mersin B\u00fcy\u00fck\u015fehir Belediyesi Gen\u00e7lik ve Spor Hizmetleri Dairesi koordinesinde 16-22 Eyl\u00fcl Avrupa Hareketlilik Haftas\u0131 kapsam\u0131nda d\u00fczenlen etkinlikler Karaduvar Mahallesi\u2019ndeki sokak etkinlikleri ile son buldu. Bisiklet s\u00fcrme e\u011fitimleriyle ba\u015flayan etkinlikler, hafta boyunca kentin farkl\u0131 bir\u00e7ok noktas\u0131na ta\u015f\u0131nd\u0131.<\/p>\n<p>Hafta, bisiklet s\u00fcrme e\u011fitimleriyle ba\u015flad\u0131<\/p>\n<p>16 Eyl\u00fcl\u2019de Mersin\u2019de Cumhuriyet G\u00f6steri Merkezi\u2019ndeki bisiklet s\u00fcrme e\u011fitimleriyle ba\u015flayan hafta, \u201cS\u00fcrd\u00fcr\u00fclebilir Ula\u015f\u0131m: Sa\u011fl\u0131kl\u0131 ve G\u00fcvenli Hareketlilik\u201d temas\u0131yla 22 Eyl\u00fcl\u2019e kadar s\u00fcrd\u00fc. Bisikletli Ula\u015f\u0131m Derne\u011fi, Mersin Bisikletli Gezginler Derne\u011fi ve Mersin Bisiklet Derne\u011fi taraf\u0131ndan verilen s\u00fcr\u00fc\u015f e\u011fitimleri, Cumhuriyet G\u00f6steri Merkezi, Fenerbah\u00e7e Meydan\u0131, G\u00f6\u00e7men Kav\u015fa\u011f\u0131 ve Karaduvar Sahili\u2019nde devam etti.<\/p>\n<p>Bisiklet turlar\u0131, sokak etkinlikleri ve e\u011fitimler hafta boyu s\u00fcrd\u00fc<\/p>\n<p>Hafta boyunca sokak etkinlikleri ve bisiklet turlar\u0131 da d\u00fczenlendi. 20 Eyl\u00fcl\u2019de Tarsus\u2019ta ger\u00e7ekle\u015ftirilen bisiklet turu, 21 Eyl\u00fcl\u2019de ise kent merkezinde yap\u0131ld\u0131. Ayr\u0131ca 18 Eyl\u00fcl\u2019de Kushimoto Soka\u011f\u0131\u2019nda ba\u015flayan sokak etkinlikleri de kentin farkl\u0131 bir\u00e7ok cadde ve bulvar\u0131na ta\u015f\u0131nd\u0131. Hafta i\u00e7erisinde Adnan Menderes Bulvar\u0131 ve Karaduvar sahil yolu gibi trafi\u011fe kapat\u0131lan i\u015flek caddelere masa tenisi, futbol, basketbol, mini tenis, voleybol, badminton ve jimnastik alanlar\u0131 kuruldu. Vatanda\u015flar, kurulan alanlarda spor yaparken, bir yandan da alandaki sahneden Kent Orkestras\u0131\u2019n\u0131n s\u00f6yledi\u011fi \u015fark\u0131lar yank\u0131land\u0131.<\/p>\n<p>\u201cHem gen\u00e7lerimiz hem de b\u00fcy\u00fcklerimizin hareket etmesine katk\u0131 sa\u011flamak i\u00e7in geldik\u201d<\/p>\n<p>Gen\u00e7lik ve Spor Hizmetleri Daire Ba\u015fkan\u0131 Ahmet Tarak\u00e7\u0131, Avrupa Hareketlilik Haftas\u0131 kutlamalar\u0131 kapsam\u0131nda bir dizi etkinlik ger\u00e7ekle\u015ftirdiklerini ifade ederek, \u201cSan\u0131yorum \u00e7ok da dolu bir hafta ge\u00e7irdik. Bug\u00fcn Karaduvar\u2019day\u0131z. Karaduvar bizim g\u00fczel mahallelerimizden bir tanesi. Hem gen\u00e7lerimiz hem de b\u00fcy\u00fcklerimizin hareket etmesine katk\u0131 sa\u011flamak i\u00e7in geldik. Hareket ettirirken burada baz\u0131 bilgilendirmelerde de bulunuyoruz. Neler yapmalar\u0131 gerekti\u011fine, hareket etmeleri i\u00e7in hangi yollara ba\u015fvurmalar\u0131 gerekti\u011fine, bu y\u00f6nde nas\u0131l beslenmeleri gerekti\u011fine varana kadar bilin\u00e7lendiriyoruz kendilerini\u201d dedi. Tarak\u00e7\u0131, insanlar\u0131n 3 kilometreye kadar y\u00fcr\u00fcmeleri, 7 kilometreye kadar bisiklet s\u00fcrmeleri ve 7 kilometrenin \u00fcst\u00fcndeki mesafelerde toplu ta\u015f\u0131ma kullanmalar\u0131 y\u00f6n\u00fcnde hafta boyu vurgulamalar yapt\u0131klar\u0131n\u0131 da s\u00f6zlerine ekledi.<\/p>\n<p>\u201cBisiklet s\u00fcrmeyi \u00f6\u011frendim\u201d<\/p>\n<p>40 ya\u015f\u0131ndaki Semra Kubat \u00d6zdemir, Karaduvar\u2019da Bisikletli Ula\u015f\u0131m Derne\u011fi taraf\u0131ndan verilen bisiklet s\u00fcrme e\u011fitimlerine kat\u0131larak, bisiklet s\u00fcrmeyi \u00f6\u011frendi\u011fini s\u00f6yledi. \u00d6zdemir, \u201cDaha \u00f6nce bir kez bisiklet s\u00fcrme deneyimim olmu\u015ftu, d\u00fc\u015ft\u00fcm. Daha sonra hi\u00e7 binmedim. \u00c7ok uzun zaman oldu. Hi\u00e7 s\u00fcremiyordum. Bisikletle deneyimim bug\u00fcn biraz oldu. Ebru Petek Budur\u2019un sayesinde, ona \u00e7ok te\u015fekk\u00fcr ediyoruz. \u00c7ok mutlu oldum, \u00e7ok \u015fey katt\u0131. Devam edece\u011fim. \u00c7ok zevkli. \u00c7ok heyecanl\u0131y\u0131m. Kesinlikle bisiklet alaca\u011f\u0131m. Her \u015fey i\u00e7in te\u015fekk\u00fcrler, iyi ki var Vahap Ba\u015fkan\u201d diye konu\u015ftu.<\/p>\n<p>\u201cBasketbolu sevmeye ba\u015flad\u0131m\u201d<\/p>\n<p>12 ya\u015f\u0131ndaki Tuana Kaya ise etkinlik sayesinde basketbola ilgi duydu\u011funu kaydederek, \u201cSpor uygulamalar\u0131 var, internetten izliyorum, evde kendim yapabiliyorum. \u00c7ok g\u00fczel ama biraz yoruyor. \u00c7ok e\u011flenceli bir yer olmu\u015f. Geldik, arkada\u015flar\u0131m\u0131zla s\u0131raya ge\u00e7tik, oynad\u0131k. Basketbol oynan\u0131yor, cimnastik yap\u0131l\u0131yor, bisiklet s\u00fcr\u00fcl\u00fcyor. Biz basketbolday\u0131z \u015fu anda. Birazdan ba\u015fka \u015feylere de g\u00f6z ataca\u011f\u0131z. Basketbolu sevmeye ba\u015flad\u0131m. Normalde sevmiyordum, yapam\u0131yordum\u201d dedi.<\/p>\n","protected":false},"excerpt":{"rendered":"<p>Mersin B\u00fcy\u00fck\u015fehir Belediyesi Gen\u00e7lik ve Spor Hizmetleri Dairesi koordinesinde 16-22 Eyl\u00fcl Avrupa Hareketlilik Haftas\u0131 kapsam\u0131nda d\u00fczenlen etkinlikler Karaduvar Mahallesi\u2019ndeki sokak etkinlikleri ile son buldu. Bisiklet s\u00fcrme e\u011fitimleriyle ba\u015flayan etkinlikler, hafta &hellip; <a href=\"https:\/\/akdenizolaygazetesi.com\/?p=14293\" class=\"more-link\">Devam\u0131n\u0131 Oku&#8230;<\/a><\/p>\n","protected":false},"author":2,"featured_media":14294,"comment_status":"open","ping_status":"open","sticky":false,"template":"","format":"standard","meta":[],"categories":[3,10],"tags":[],"_links":{"self":[{"href":"https:\/\/akdenizolaygazetesi.com\/index.php?rest_route=\/wp\/v2\/posts\/14293"}],"collection":[{"href":"https:\/\/akdenizolaygazetesi.com\/index.php?rest_route=\/wp\/v2\/posts"}],"about":[{"href":"https:\/\/akdenizolaygazetesi.com\/index.php?rest_route=\/wp\/v2\/types\/post"}],"author":[{"embeddable":true,"href":"https:\/\/akdenizolaygazetesi.com\/index.php?rest_route=\/wp\/v2\/users\/2"}],"replies":[{"embeddable":true,"href":"https:\/\/akdenizolaygazetesi.com\/index.php?rest_route=%2Fwp%2Fv2%2Fcomments&post=14293"}],"version-history":[{"count":1,"href":"https:\/\/akdenizolaygazetesi.com\/index.php?rest_route=\/wp\/v2\/posts\/14293\/revisions"}],"predecessor-version":[{"id":14295,"href":"https:\/\/akdenizolaygazetesi.com\/index.php?rest_route=\/wp\/v2\/posts\/14293\/revisions\/14295"}],"wp:featuredmedia":[{"embeddable":true,"href":"https:\/\/akdenizolaygazetesi.com\/index.php?rest_route=\/wp\/v2\/media\/14294"}],"wp:attachment":[{"href":"https:\/\/akdenizolaygazetesi.com\/index.php?rest_route=%2Fwp%2Fv2%2Fmedia&parent=14293"}],"wp:term":[{"taxonomy":"category","embeddable":true,"href":"https:\/\/akdenizolaygazetesi.com\/index.php?rest_route=%2Fwp%2Fv2%2Fcategories&post=14293"},{"taxonomy":"post_tag","embeddable":true,"href":"https:\/\/akdenizolaygazetesi.com\/index.php?rest_route=%2Fwp%2Fv2%2Ftags&post=14293"}],"curies":[{"name":"wp","href":"https:\/\/api.w.org\/{rel}","templated":true}]}}