{"id":14302,"date":"2021-09-24T12:28:59","date_gmt":"2021-09-24T09:28:59","guid":{"rendered":"http:\/\/akdenizolaygazetesi.com\/?p=14302"},"modified":"2021-09-24T12:28:59","modified_gmt":"2021-09-24T09:28:59","slug":"baskan-yilmaz-sanatin-ve-sanatcinin-yanindayiz","status":"publish","type":"post","link":"https:\/\/akdenizolaygazetesi.com\/?p=14302","title":{"rendered":"Ba\u015fkan Y\u0131lmaz; &#8220;Sanat\u0131n ve  Sanat\u00e7\u0131n\u0131n Yan\u0131nday\u0131z&#8221;"},"content":{"rendered":"<p>\u00dcnl\u00fc klarnet sanat\u00e7\u0131s\u0131 H\u00fcsn\u00fc \u015eenlendirici, Toroslar&#8217;da sevenleriyle bulu\u015facak.<\/p>\n<p>Toroslar Belediyesi&#8217;nin, Mersin Uluslararas\u0131 M\u00fczik Festivali kapsam\u0131nda d\u00fczenleyece\u011fi konser; 24 Eyl\u00fcl Cuma g\u00fcn\u00fc saat 20.00&#8217;da H.Okan Merzeci Mahallesi&#8217;nde bulunan Toroslar Belediyesi Amfi Tiyatro&#8217;da ger\u00e7ekle\u015ftirilecek.<\/p>\n<p>Konsere gitmek isteyen vatanda\u015flar i\u00e7in saat 18.30&#8217;da Cumhuriyet Meydan\u0131&#8217;ndan servisler kald\u0131r\u0131lacak.<\/p>\n<p>Ba\u015fkan Y\u0131lmaz; &#8220;Sanat\u0131n ve  Sanat\u00e7\u0131n\u0131n Yan\u0131nday\u0131z&#8221;<\/p>\n<p>Toroslar Belediye Ba\u015fkan\u0131 Ats\u0131z Af\u015f\u0131n Y\u0131lmaz, bu y\u0131l 19&#8217;uncusu d\u00fczenlenen Mersin Uluslararas\u0131 M\u00fczik Festivali&#8217;nin, kenti ulusal ve uluslararas\u0131 alanda tan\u0131tan \u00f6nemli bir organizasyon oldu\u011funu belirterek; &#8220;19 y\u0131l \u00f6nce ba\u015flat\u0131lan bu festival, s\u00fcrd\u00fcr\u00fclebilir olmas\u0131n\u0131n yan\u0131nda Mersin&#8217;e mal olmu\u015f ba\u015far\u0131l\u0131 bir organizasyondur. Toroslar Belediyesi olarak festivale her y\u0131l oldu\u011fu gibi bu y\u0131l da destek sa\u011fl\u0131yoruz. Festival kapsam\u0131nda \u00fcnl\u00fc klarnet sanat\u00e7\u0131s\u0131 H\u00fcsn\u00fc \u015eenlendirici&#8217;yi Toroslar\u0131m\u0131zda a\u011f\u0131rlayaca\u011f\u0131z. Konsere t\u00fcm hem\u015fehrilerimiz davetlidir&#8221; diye konu\u015ftu.<\/p>\n","protected":false},"excerpt":{"rendered":"<p>\u00dcnl\u00fc klarnet sanat\u00e7\u0131s\u0131 H\u00fcsn\u00fc \u015eenlendirici, Toroslar&#8217;da sevenleriyle bulu\u015facak. Toroslar Belediyesi&#8217;nin, Mersin Uluslararas\u0131 M\u00fczik Festivali kapsam\u0131nda d\u00fczenleyece\u011fi konser; 24 Eyl\u00fcl Cuma g\u00fcn\u00fc saat 20.00&#8217;da H.Okan Merzeci Mahallesi&#8217;nde bulunan Toroslar Belediyesi Amfi &hellip; <a href=\"https:\/\/akdenizolaygazetesi.com\/?p=14302\" class=\"more-link\">Devam\u0131n\u0131 Oku&#8230;<\/a><\/p>\n","protected":false},"author":2,"featured_media":14303,"comment_status":"open","ping_status":"open","sticky":false,"template":"","format":"standard","meta":[],"categories":[3],"tags":[],"_links":{"self":[{"href":"https:\/\/akdenizolaygazetesi.com\/index.php?rest_route=\/wp\/v2\/posts\/14302"}],"collection":[{"href":"https:\/\/akdenizolaygazetesi.com\/index.php?rest_route=\/wp\/v2\/posts"}],"about":[{"href":"https:\/\/akdenizolaygazetesi.com\/index.php?rest_route=\/wp\/v2\/types\/post"}],"author":[{"embeddable":true,"href":"https:\/\/akdenizolaygazetesi.com\/index.php?rest_route=\/wp\/v2\/users\/2"}],"replies":[{"embeddable":true,"href":"https:\/\/akdenizolaygazetesi.com\/index.php?rest_route=%2Fwp%2Fv2%2Fcomments&post=14302"}],"version-history":[{"count":1,"href":"https:\/\/akdenizolaygazetesi.com\/index.php?rest_route=\/wp\/v2\/posts\/14302\/revisions"}],"predecessor-version":[{"id":14304,"href":"https:\/\/akdenizolaygazetesi.com\/index.php?rest_route=\/wp\/v2\/posts\/14302\/revisions\/14304"}],"wp:featuredmedia":[{"embeddable":true,"href":"https:\/\/akdenizolaygazetesi.com\/index.php?rest_route=\/wp\/v2\/media\/14303"}],"wp:attachment":[{"href":"https:\/\/akdenizolaygazetesi.com\/index.php?rest_route=%2Fwp%2Fv2%2Fmedia&parent=14302"}],"wp:term":[{"taxonomy":"category","embeddable":true,"href":"https:\/\/akdenizolaygazetesi.com\/index.php?rest_route=%2Fwp%2Fv2%2Fcategories&post=14302"},{"taxonomy":"post_tag","embeddable":true,"href":"https:\/\/akdenizolaygazetesi.com\/index.php?rest_route=%2Fwp%2Fv2%2Ftags&post=14302"}],"curies":[{"name":"wp","href":"https:\/\/api.w.org\/{rel}","templated":true}]}}